{"id":164612,"date":"2024-10-08T09:21:00","date_gmt":"2024-10-08T07:21:00","guid":{"rendered":"https:\/\/www.jng-web.com\/ref-auto\/?p=164612"},"modified":"2024-09-18T09:23:02","modified_gmt":"2024-09-18T07:23:02","slug":"pourquoi-le-mercredi-est-le-jour-des-enfants","status":"publish","type":"post","link":"https:\/\/www.jng-web.com\/ref-auto\/pourquoi-le-mercredi-est-le-jour-des-enfants\/","title":{"rendered":"Pourquoi le mercredi est le jour des enfants ?"},"content":{"rendered":"<div id=\"6729917897\" class=\"advads-pub advads-entity-placement\"><script async src=\"https:\/\/pagead2.googlesyndication.com\/pagead\/js\/adsbygoogle.js?client=ca-pub-4944504088214075\"\r\n     crossorigin=\"anonymous\"><\/script><\/div>\n<p>Le mercredi, ce jour tant attendu par les enfants et leurs parents, occupe une place sp\u00e9ciale dans le calendrier. Mais pourquoi est-il souvent consid\u00e9r\u00e9 comme le \u00ab jour des enfants \u00bb ? Voici un aper\u00e7u des raisons qui font du mercredi un moment privil\u00e9gi\u00e9 pour les plus jeunes.<\/p>\n\n\n\n<h2 class=\"wp-block-heading\">1. Une pause dans la semaine scolaire<\/h2>\n\n\n\n<p>Pour de nombreux enfants, le mercredi marque une pause bien m\u00e9rit\u00e9e au milieu de la semaine scolaire. C\u2019est souvent le seul jour sans classe, permettant aux enfants de se d\u00e9tendre apr\u00e8s les cours du lundi et du mardi. Cette coupure est essentielle pour leur bien-\u00eatre mental et physique, leur offrant la possibilit\u00e9 de se ressourcer avant d\u2019entamer le reste de la semaine.<\/p>\n\n\n\n<h2 class=\"wp-block-heading\">2. Des activit\u00e9s d\u00e9di\u00e9es<\/h2>\n\n\n\n<p>Le mercredi est souvent consacr\u00e9 \u00e0 des activit\u00e9s extrascolaires. Que ce soit le sport, les arts ou d&#8217;autres loisirs, de nombreux clubs et associations organisent des ateliers sp\u00e9cialement pour les enfants ce jour-l\u00e0. Cela leur permet non seulement de d\u00e9couvrir de nouvelles passions, mais aussi de socialiser avec leurs camarades dans un cadre ludique et stimulant.<\/p>\n\n\n\n<h2 class=\"wp-block-heading\">3. Un temps de qualit\u00e9 en famille<\/h2>\n\n\n\n<p>Pour les parents qui travaillent, le mercredi peut \u00e9galement \u00eatre l&#8217;occasion de passer du temps de qualit\u00e9 avec leurs enfants. Que ce soit une sortie au parc, une activit\u00e9 cr\u00e9ative \u00e0 la maison ou un apr\u00e8s-midi cin\u00e9ma, ce jour offre une belle opportunit\u00e9 de renforcer les liens familiaux. De nombreux parents essaient de d\u00e9gager ce temps pour profiter de moments privil\u00e9gi\u00e9s avec leurs petits, loin des pr\u00e9occupations quotidiennes.<\/p>\n\n\n\n<h2 class=\"wp-block-heading\">4. La tradition culturelle<\/h2>\n\n\n\n<p>Dans certaines cultures, le mercredi est devenu une v\u00e9ritable institution. En France, par exemple, des initiatives comme les &#8220;mercredis \u00e9ducatifs&#8221; ont vu le jour pour enrichir les journ\u00e9es des enfants. Ces programmes proposent des activit\u00e9s vari\u00e9es et p\u00e9dagogiques, alliant apprentissage et plaisir, et illustrent bien l\u2019importance accord\u00e9e \u00e0 ce jour.<\/p>\n\n\n\n<h2 class=\"wp-block-heading\">5. Le bonheur de l\u2019insouciance<\/h2>\n\n\n\n<p>Enfin, le mercredi est un symbole d\u2019insouciance pour les enfants. C\u2019est un jour o\u00f9 les responsabilit\u00e9s scolaires semblent lointaines, et o\u00f9 l\u2019innocence de l\u2019enfance peut s\u2019exprimer pleinement. C\u2019est un moment pour jouer, rire et r\u00eaver, sans les contraintes des devoirs et des examens.<\/p>\n\n\n\n<h2 class=\"wp-block-heading\">Conclusion<\/h2>\n\n\n\n<p>Le mercredi, jour des enfants par excellence, offre une multitude de possibilit\u00e9s pour se ressourcer, s\u2019amuser et apprendre. Que ce soit \u00e0 travers des activit\u00e9s, des moments en famille ou simplement en profitant de la libert\u00e9, ce jour est pr\u00e9cieux pour le d\u00e9veloppement et le bonheur des plus jeunes. Alors, la prochaine fois que vous pensez au mercredi, rappelez-vous qu&#8217;il est bien plus qu&#8217;un simple jour de la semaine ; c&#8217;est une c\u00e9l\u00e9bration de l&#8217;enfance et de l&#8217;insouciance.<\/p>\n","protected":false},"excerpt":{"rendered":"<p>Le mercredi, ce jour tant attendu par les enfants et leurs parents, occupe une place sp\u00e9ciale dans le<\/p>\n","protected":false},"author":1,"featured_media":164619,"comment_status":"open","ping_status":"open","sticky":false,"template":"","format":"standard","meta":{"rop_custom_images_group":[],"rop_custom_messages_group":[],"rop_publish_now":"initial","rop_publish_now_accounts":{"facebook_2944925605560295_361066357320011":"","twitter_792688215148855296_792688215148855296":""},"rop_publish_now_history":[],"rop_publish_now_status":"pending","footnotes":""},"categories":[2],"tags":[],"class_list":["post-164612","post","type-post","status-publish","format-standard","has-post-thumbnail","hentry","category-actualites"],"yoast_head":"<!-- This site is optimized with the Yoast SEO plugin v27.4 - https:\/\/yoast.com\/product\/yoast-seo-wordpress\/ -->\n<title>Pourquoi le mercredi est le jour des enfants ? - Optannu<\/title>\n<meta name=\"robots\" content=\"index, follow, max-snippet:-1, max-image-preview:large, max-video-preview:-1\" \/>\n<link rel=\"canonical\" href=\"https:\/\/www.jng-web.com\/ref-auto\/pourquoi-le-mercredi-est-le-jour-des-enfants\/\" \/>\n<meta property=\"og:locale\" content=\"fr_FR\" \/>\n<meta property=\"og:type\" content=\"article\" \/>\n<meta property=\"og:title\" content=\"Pourquoi le mercredi est le jour des enfants ? - Optannu\" \/>\n<meta property=\"og:description\" content=\"Le mercredi, ce jour tant attendu par les enfants et leurs parents, occupe une place sp\u00e9ciale dans le\" \/>\n<meta property=\"og:url\" content=\"https:\/\/www.jng-web.com\/ref-auto\/pourquoi-le-mercredi-est-le-jour-des-enfants\/\" \/>\n<meta property=\"og:site_name\" content=\"Optannu\" \/>\n<meta property=\"article:published_time\" content=\"2024-10-08T07:21:00+00:00\" \/>\n<meta property=\"og:image\" content=\"https:\/\/www.jng-web.com\/ref-auto\/wp-content\/uploads\/2024\/09\/kids-playground-in-european-housing-estate-picjumbo-com-scaled.jpg\" \/>\n\t<meta property=\"og:image:width\" content=\"2560\" \/>\n\t<meta property=\"og:image:height\" content=\"1707\" \/>\n\t<meta property=\"og:image:type\" content=\"image\/jpeg\" \/>\n<meta name=\"author\" content=\"Jerome\" \/>\n<meta name=\"twitter:card\" content=\"summary_large_image\" \/>\n<meta name=\"twitter:label1\" content=\"\u00c9crit par\" \/>\n\t<meta name=\"twitter:data1\" content=\"Jerome\" \/>\n\t<meta name=\"twitter:label2\" content=\"Dur\u00e9e de lecture estim\u00e9e\" \/>\n\t<meta name=\"twitter:data2\" content=\"3 minutes\" \/>\n<script type=\"application\/ld+json\" class=\"yoast-schema-graph\">{\"@context\":\"https:\\\/\\\/schema.org\",\"@graph\":[{\"@type\":\"Article\",\"@id\":\"https:\\\/\\\/www.jng-web.com\\\/ref-auto\\\/pourquoi-le-mercredi-est-le-jour-des-enfants\\\/#article\",\"isPartOf\":{\"@id\":\"https:\\\/\\\/www.jng-web.com\\\/ref-auto\\\/pourquoi-le-mercredi-est-le-jour-des-enfants\\\/\"},\"author\":{\"name\":\"Jerome\",\"@id\":\"https:\\\/\\\/www.jng-web.com\\\/ref-auto\\\/#\\\/schema\\\/person\\\/9b9c81cd6753b27cc78a7072ecb82d8e\"},\"headline\":\"Pourquoi le mercredi est le jour des enfants ?\",\"datePublished\":\"2024-10-08T07:21:00+00:00\",\"mainEntityOfPage\":{\"@id\":\"https:\\\/\\\/www.jng-web.com\\\/ref-auto\\\/pourquoi-le-mercredi-est-le-jour-des-enfants\\\/\"},\"wordCount\":475,\"commentCount\":0,\"image\":{\"@id\":\"https:\\\/\\\/www.jng-web.com\\\/ref-auto\\\/pourquoi-le-mercredi-est-le-jour-des-enfants\\\/#primaryimage\"},\"thumbnailUrl\":\"https:\\\/\\\/www.jng-web.com\\\/ref-auto\\\/wp-content\\\/uploads\\\/2024\\\/09\\\/kids-playground-in-european-housing-estate-picjumbo-com-scaled.jpg\",\"articleSection\":[\"Actualit\u00e9s\"],\"inLanguage\":\"fr-FR\",\"potentialAction\":[{\"@type\":\"CommentAction\",\"name\":\"Comment\",\"target\":[\"https:\\\/\\\/www.jng-web.com\\\/ref-auto\\\/pourquoi-le-mercredi-est-le-jour-des-enfants\\\/#respond\"]}]},{\"@type\":\"WebPage\",\"@id\":\"https:\\\/\\\/www.jng-web.com\\\/ref-auto\\\/pourquoi-le-mercredi-est-le-jour-des-enfants\\\/\",\"url\":\"https:\\\/\\\/www.jng-web.com\\\/ref-auto\\\/pourquoi-le-mercredi-est-le-jour-des-enfants\\\/\",\"name\":\"Pourquoi le mercredi est le jour des enfants ? - Optannu\",\"isPartOf\":{\"@id\":\"https:\\\/\\\/www.jng-web.com\\\/ref-auto\\\/#website\"},\"primaryImageOfPage\":{\"@id\":\"https:\\\/\\\/www.jng-web.com\\\/ref-auto\\\/pourquoi-le-mercredi-est-le-jour-des-enfants\\\/#primaryimage\"},\"image\":{\"@id\":\"https:\\\/\\\/www.jng-web.com\\\/ref-auto\\\/pourquoi-le-mercredi-est-le-jour-des-enfants\\\/#primaryimage\"},\"thumbnailUrl\":\"https:\\\/\\\/www.jng-web.com\\\/ref-auto\\\/wp-content\\\/uploads\\\/2024\\\/09\\\/kids-playground-in-european-housing-estate-picjumbo-com-scaled.jpg\",\"datePublished\":\"2024-10-08T07:21:00+00:00\",\"author\":{\"@id\":\"https:\\\/\\\/www.jng-web.com\\\/ref-auto\\\/#\\\/schema\\\/person\\\/9b9c81cd6753b27cc78a7072ecb82d8e\"},\"breadcrumb\":{\"@id\":\"https:\\\/\\\/www.jng-web.com\\\/ref-auto\\\/pourquoi-le-mercredi-est-le-jour-des-enfants\\\/#breadcrumb\"},\"inLanguage\":\"fr-FR\",\"potentialAction\":[{\"@type\":\"ReadAction\",\"target\":[\"https:\\\/\\\/www.jng-web.com\\\/ref-auto\\\/pourquoi-le-mercredi-est-le-jour-des-enfants\\\/\"]}]},{\"@type\":\"ImageObject\",\"inLanguage\":\"fr-FR\",\"@id\":\"https:\\\/\\\/www.jng-web.com\\\/ref-auto\\\/pourquoi-le-mercredi-est-le-jour-des-enfants\\\/#primaryimage\",\"url\":\"https:\\\/\\\/www.jng-web.com\\\/ref-auto\\\/wp-content\\\/uploads\\\/2024\\\/09\\\/kids-playground-in-european-housing-estate-picjumbo-com-scaled.jpg\",\"contentUrl\":\"https:\\\/\\\/www.jng-web.com\\\/ref-auto\\\/wp-content\\\/uploads\\\/2024\\\/09\\\/kids-playground-in-european-housing-estate-picjumbo-com-scaled.jpg\",\"width\":2560,\"height\":1707},{\"@type\":\"BreadcrumbList\",\"@id\":\"https:\\\/\\\/www.jng-web.com\\\/ref-auto\\\/pourquoi-le-mercredi-est-le-jour-des-enfants\\\/#breadcrumb\",\"itemListElement\":[{\"@type\":\"ListItem\",\"position\":1,\"name\":\"Annuaire g\u00e9n\u00e9raliste gratuit\",\"item\":\"https:\\\/\\\/www.jng-web.com\\\/ref-auto\\\/\"},{\"@type\":\"ListItem\",\"position\":2,\"name\":\"Actualit\u00e9s\",\"item\":\"https:\\\/\\\/www.jng-web.com\\\/ref-auto\\\/category\\\/actualites\\\/\"},{\"@type\":\"ListItem\",\"position\":3,\"name\":\"Pourquoi le mercredi est le jour des enfants ?\"}]},{\"@type\":\"WebSite\",\"@id\":\"https:\\\/\\\/www.jng-web.com\\\/ref-auto\\\/#website\",\"url\":\"https:\\\/\\\/www.jng-web.com\\\/ref-auto\\\/\",\"name\":\"Optannu\",\"description\":\"Guest Blogging : Publier gratuitement vos articles et booster votre r\u00e9f\u00e9rencement !\",\"potentialAction\":[{\"@type\":\"SearchAction\",\"target\":{\"@type\":\"EntryPoint\",\"urlTemplate\":\"https:\\\/\\\/www.jng-web.com\\\/ref-auto\\\/?s={search_term_string}\"},\"query-input\":{\"@type\":\"PropertyValueSpecification\",\"valueRequired\":true,\"valueName\":\"search_term_string\"}}],\"inLanguage\":\"fr-FR\"},{\"@type\":\"Person\",\"@id\":\"https:\\\/\\\/www.jng-web.com\\\/ref-auto\\\/#\\\/schema\\\/person\\\/9b9c81cd6753b27cc78a7072ecb82d8e\",\"name\":\"Jerome\",\"image\":{\"@type\":\"ImageObject\",\"inLanguage\":\"fr-FR\",\"@id\":\"https:\\\/\\\/secure.gravatar.com\\\/avatar\\\/67845112d35b1cf1f1f3c11875432a8ccaa7ba6187cf0b3e820c9fbc6cb40fc6?s=96&d=mm&r=g\",\"url\":\"https:\\\/\\\/secure.gravatar.com\\\/avatar\\\/67845112d35b1cf1f1f3c11875432a8ccaa7ba6187cf0b3e820c9fbc6cb40fc6?s=96&d=mm&r=g\",\"contentUrl\":\"https:\\\/\\\/secure.gravatar.com\\\/avatar\\\/67845112d35b1cf1f1f3c11875432a8ccaa7ba6187cf0b3e820c9fbc6cb40fc6?s=96&d=mm&r=g\",\"caption\":\"Jerome\"},\"sameAs\":[\"https:\\\/\\\/www.jng-web.com\\\/ref-auto\"],\"url\":\"https:\\\/\\\/www.jng-web.com\\\/ref-auto\"}]}<\/script>\n<!-- \/ Yoast SEO plugin. -->","yoast_head_json":{"title":"Pourquoi le mercredi est le jour des enfants ? - Optannu","robots":{"index":"index","follow":"follow","max-snippet":"max-snippet:-1","max-image-preview":"max-image-preview:large","max-video-preview":"max-video-preview:-1"},"canonical":"https:\/\/www.jng-web.com\/ref-auto\/pourquoi-le-mercredi-est-le-jour-des-enfants\/","og_locale":"fr_FR","og_type":"article","og_title":"Pourquoi le mercredi est le jour des enfants ? - Optannu","og_description":"Le mercredi, ce jour tant attendu par les enfants et leurs parents, occupe une place sp\u00e9ciale dans le","og_url":"https:\/\/www.jng-web.com\/ref-auto\/pourquoi-le-mercredi-est-le-jour-des-enfants\/","og_site_name":"Optannu","article_published_time":"2024-10-08T07:21:00+00:00","og_image":[{"width":2560,"height":1707,"url":"https:\/\/www.jng-web.com\/ref-auto\/wp-content\/uploads\/2024\/09\/kids-playground-in-european-housing-estate-picjumbo-com-scaled.jpg","type":"image\/jpeg"}],"author":"Jerome","twitter_card":"summary_large_image","twitter_misc":{"\u00c9crit par":"Jerome","Dur\u00e9e de lecture estim\u00e9e":"3 minutes"},"schema":{"@context":"https:\/\/schema.org","@graph":[{"@type":"Article","@id":"https:\/\/www.jng-web.com\/ref-auto\/pourquoi-le-mercredi-est-le-jour-des-enfants\/#article","isPartOf":{"@id":"https:\/\/www.jng-web.com\/ref-auto\/pourquoi-le-mercredi-est-le-jour-des-enfants\/"},"author":{"name":"Jerome","@id":"https:\/\/www.jng-web.com\/ref-auto\/#\/schema\/person\/9b9c81cd6753b27cc78a7072ecb82d8e"},"headline":"Pourquoi le mercredi est le jour des enfants ?","datePublished":"2024-10-08T07:21:00+00:00","mainEntityOfPage":{"@id":"https:\/\/www.jng-web.com\/ref-auto\/pourquoi-le-mercredi-est-le-jour-des-enfants\/"},"wordCount":475,"commentCount":0,"image":{"@id":"https:\/\/www.jng-web.com\/ref-auto\/pourquoi-le-mercredi-est-le-jour-des-enfants\/#primaryimage"},"thumbnailUrl":"https:\/\/www.jng-web.com\/ref-auto\/wp-content\/uploads\/2024\/09\/kids-playground-in-european-housing-estate-picjumbo-com-scaled.jpg","articleSection":["Actualit\u00e9s"],"inLanguage":"fr-FR","potentialAction":[{"@type":"CommentAction","name":"Comment","target":["https:\/\/www.jng-web.com\/ref-auto\/pourquoi-le-mercredi-est-le-jour-des-enfants\/#respond"]}]},{"@type":"WebPage","@id":"https:\/\/www.jng-web.com\/ref-auto\/pourquoi-le-mercredi-est-le-jour-des-enfants\/","url":"https:\/\/www.jng-web.com\/ref-auto\/pourquoi-le-mercredi-est-le-jour-des-enfants\/","name":"Pourquoi le mercredi est le jour des enfants ? - Optannu","isPartOf":{"@id":"https:\/\/www.jng-web.com\/ref-auto\/#website"},"primaryImageOfPage":{"@id":"https:\/\/www.jng-web.com\/ref-auto\/pourquoi-le-mercredi-est-le-jour-des-enfants\/#primaryimage"},"image":{"@id":"https:\/\/www.jng-web.com\/ref-auto\/pourquoi-le-mercredi-est-le-jour-des-enfants\/#primaryimage"},"thumbnailUrl":"https:\/\/www.jng-web.com\/ref-auto\/wp-content\/uploads\/2024\/09\/kids-playground-in-european-housing-estate-picjumbo-com-scaled.jpg","datePublished":"2024-10-08T07:21:00+00:00","author":{"@id":"https:\/\/www.jng-web.com\/ref-auto\/#\/schema\/person\/9b9c81cd6753b27cc78a7072ecb82d8e"},"breadcrumb":{"@id":"https:\/\/www.jng-web.com\/ref-auto\/pourquoi-le-mercredi-est-le-jour-des-enfants\/#breadcrumb"},"inLanguage":"fr-FR","potentialAction":[{"@type":"ReadAction","target":["https:\/\/www.jng-web.com\/ref-auto\/pourquoi-le-mercredi-est-le-jour-des-enfants\/"]}]},{"@type":"ImageObject","inLanguage":"fr-FR","@id":"https:\/\/www.jng-web.com\/ref-auto\/pourquoi-le-mercredi-est-le-jour-des-enfants\/#primaryimage","url":"https:\/\/www.jng-web.com\/ref-auto\/wp-content\/uploads\/2024\/09\/kids-playground-in-european-housing-estate-picjumbo-com-scaled.jpg","contentUrl":"https:\/\/www.jng-web.com\/ref-auto\/wp-content\/uploads\/2024\/09\/kids-playground-in-european-housing-estate-picjumbo-com-scaled.jpg","width":2560,"height":1707},{"@type":"BreadcrumbList","@id":"https:\/\/www.jng-web.com\/ref-auto\/pourquoi-le-mercredi-est-le-jour-des-enfants\/#breadcrumb","itemListElement":[{"@type":"ListItem","position":1,"name":"Annuaire g\u00e9n\u00e9raliste gratuit","item":"https:\/\/www.jng-web.com\/ref-auto\/"},{"@type":"ListItem","position":2,"name":"Actualit\u00e9s","item":"https:\/\/www.jng-web.com\/ref-auto\/category\/actualites\/"},{"@type":"ListItem","position":3,"name":"Pourquoi le mercredi est le jour des enfants ?"}]},{"@type":"WebSite","@id":"https:\/\/www.jng-web.com\/ref-auto\/#website","url":"https:\/\/www.jng-web.com\/ref-auto\/","name":"Optannu","description":"Guest Blogging : Publier gratuitement vos articles et booster votre r\u00e9f\u00e9rencement !","potentialAction":[{"@type":"SearchAction","target":{"@type":"EntryPoint","urlTemplate":"https:\/\/www.jng-web.com\/ref-auto\/?s={search_term_string}"},"query-input":{"@type":"PropertyValueSpecification","valueRequired":true,"valueName":"search_term_string"}}],"inLanguage":"fr-FR"},{"@type":"Person","@id":"https:\/\/www.jng-web.com\/ref-auto\/#\/schema\/person\/9b9c81cd6753b27cc78a7072ecb82d8e","name":"Jerome","image":{"@type":"ImageObject","inLanguage":"fr-FR","@id":"https:\/\/secure.gravatar.com\/avatar\/67845112d35b1cf1f1f3c11875432a8ccaa7ba6187cf0b3e820c9fbc6cb40fc6?s=96&d=mm&r=g","url":"https:\/\/secure.gravatar.com\/avatar\/67845112d35b1cf1f1f3c11875432a8ccaa7ba6187cf0b3e820c9fbc6cb40fc6?s=96&d=mm&r=g","contentUrl":"https:\/\/secure.gravatar.com\/avatar\/67845112d35b1cf1f1f3c11875432a8ccaa7ba6187cf0b3e820c9fbc6cb40fc6?s=96&d=mm&r=g","caption":"Jerome"},"sameAs":["https:\/\/www.jng-web.com\/ref-auto"],"url":"https:\/\/www.jng-web.com\/ref-auto"}]}},"views":568,"_links":{"self":[{"href":"https:\/\/www.jng-web.com\/ref-auto\/wp-json\/wp\/v2\/posts\/164612","targetHints":{"allow":["GET"]}}],"collection":[{"href":"https:\/\/www.jng-web.com\/ref-auto\/wp-json\/wp\/v2\/posts"}],"about":[{"href":"https:\/\/www.jng-web.com\/ref-auto\/wp-json\/wp\/v2\/types\/post"}],"author":[{"embeddable":true,"href":"https:\/\/www.jng-web.com\/ref-auto\/wp-json\/wp\/v2\/users\/1"}],"replies":[{"embeddable":true,"href":"https:\/\/www.jng-web.com\/ref-auto\/wp-json\/wp\/v2\/comments?post=164612"}],"version-history":[{"count":1,"href":"https:\/\/www.jng-web.com\/ref-auto\/wp-json\/wp\/v2\/posts\/164612\/revisions"}],"predecessor-version":[{"id":164632,"href":"https:\/\/www.jng-web.com\/ref-auto\/wp-json\/wp\/v2\/posts\/164612\/revisions\/164632"}],"wp:featuredmedia":[{"embeddable":true,"href":"https:\/\/www.jng-web.com\/ref-auto\/wp-json\/wp\/v2\/media\/164619"}],"wp:attachment":[{"href":"https:\/\/www.jng-web.com\/ref-auto\/wp-json\/wp\/v2\/media?parent=164612"}],"wp:term":[{"taxonomy":"category","embeddable":true,"href":"https:\/\/www.jng-web.com\/ref-auto\/wp-json\/wp\/v2\/categories?post=164612"},{"taxonomy":"post_tag","embeddable":true,"href":"https:\/\/www.jng-web.com\/ref-auto\/wp-json\/wp\/v2\/tags?post=164612"}],"curies":[{"name":"wp","href":"https:\/\/api.w.org\/{rel}","templated":true}]}}