{"id":192380,"date":"2024-12-08T12:21:05","date_gmt":"2024-12-08T11:21:05","guid":{"rendered":"https:\/\/www.jng-web.com\/ref-auto\/?p=192380"},"modified":"2024-12-08T12:55:28","modified_gmt":"2024-12-08T11:55:28","slug":"la-fete-des-lumieres-a-lyon-une-celebration-dart-et-de-lumiere","status":"publish","type":"post","link":"https:\/\/www.jng-web.com\/ref-auto\/la-fete-des-lumieres-a-lyon-une-celebration-dart-et-de-lumiere\/","title":{"rendered":"La F\u00eate des Lumi\u00e8res \u00e0 Lyon : Une c\u00e9l\u00e9bration d\u2019art et de lumi\u00e8re"},"content":{"rendered":"<div id=\"6729917897\" class=\"advads-pub advads-entity-placement\"><script async src=\"https:\/\/pagead2.googlesyndication.com\/pagead\/js\/adsbygoogle.js?client=ca-pub-4944504088214075\"\r\n     crossorigin=\"anonymous\"><\/script><\/div>\n<p>Chaque ann\u00e9e en d\u00e9cembre, Lyon se transforme en une ville scintillante gr\u00e2ce \u00e0 la <strong>F\u00eate des Lumi\u00e8res<\/strong>, un \u00e9v\u00e9nement embl\u00e9matique qui attire des millions de visiteurs du monde entier. Cette tradition unique allie patrimoine, modernit\u00e9 et innovation artistique pour c\u00e9l\u00e9brer la lumi\u00e8re sous toutes ses formes.<\/p>\n\n\n\n<hr class=\"wp-block-separator has-alpha-channel-opacity\"\/>\n\n\n\n<h3 class=\"wp-block-heading\"><strong>Origine de la F\u00eate des Lumi\u00e8res<\/strong><\/h3>\n\n\n\n<p>La F\u00eate des Lumi\u00e8res trouve ses racines au <strong>19e si\u00e8cle<\/strong>. En 1852, les Lyonnais d\u00e9cid\u00e8rent de c\u00e9l\u00e9brer l\u2019installation d\u2019une statue de la Vierge Marie sur la colline de Fourvi\u00e8re en allumant des <strong>bougies sur leurs fen\u00eatres<\/strong>. Cet hommage spontan\u00e9 s\u2019est transform\u00e9 en une tradition annuelle, marquant un lien fort entre la ville et ses habitants.<\/p>\n\n\n\n<hr class=\"wp-block-separator has-alpha-channel-opacity\"\/>\n\n\n\n<h3 class=\"wp-block-heading\"><strong>Un festival d\u2019art lumineux<\/strong><\/h3>\n\n\n\n<p>Aujourd\u2019hui, la F\u00eate des Lumi\u00e8res est bien plus qu\u2019un \u00e9v\u00e9nement religieux : c\u2019est une c\u00e9l\u00e9bration artistique de renomm\u00e9e mondiale. Durant <strong>quatre nuits en d\u00e9cembre<\/strong>, Lyon accueille des installations lumineuses spectaculaires, con\u00e7ues par des artistes et des cr\u00e9ateurs venus des quatre coins du globe.<\/p>\n\n\n\n<ul class=\"wp-block-list\">\n<li><strong>Les monuments embl\u00e9matiques s\u2019illuminent<\/strong> : La basilique de Fourvi\u00e8re, la place Bellecour, et le th\u00e9\u00e2tre des C\u00e9lestins deviennent les toiles de fond d\u2019installations \u00e9blouissantes.<\/li>\n\n\n\n<li><strong>Installations interactives<\/strong> : Les visiteurs peuvent souvent participer \u00e0 des \u0153uvres, comme en manipulant des projections ou en cr\u00e9ant des sons qui influencent les lumi\u00e8res.<\/li>\n\n\n\n<li><strong>Ambiance f\u00e9\u00e9rique dans toute la ville<\/strong> : Les rues, les parcs et les places s\u2019animent avec des jeux de lumi\u00e8re, des spectacles et des animations.<\/li>\n<\/ul>\n\n\n\n<figure class=\"wp-block-embed is-type-video is-provider-youtube wp-block-embed-youtube wp-embed-aspect-16-9 wp-has-aspect-ratio\"><div class=\"wp-block-embed__wrapper\">\n<iframe loading=\"lazy\" title=\"F\u00eate des Lumi\u00e8res Lyon 2024 : Immersion dans un Spectacle Inoubliable pour le 25\u1d49 Anniversaire\" width=\"640\" height=\"360\" src=\"https:\/\/www.youtube.com\/embed\/yMzVXalCmkM?feature=oembed\" frameborder=\"0\" allow=\"accelerometer; autoplay; clipboard-write; encrypted-media; gyroscope; picture-in-picture; web-share\" referrerpolicy=\"strict-origin-when-cross-origin\" allowfullscreen><\/iframe>\n<\/div><\/figure>\n\n\n\n<hr class=\"wp-block-separator has-alpha-channel-opacity\"\/>\n\n\n\n<h3 class=\"wp-block-heading\"><strong>Un rendez-vous culturel et touristique<\/strong><\/h3>\n\n\n\n<p>La F\u00eate des Lumi\u00e8res est aussi une <strong>opportunit\u00e9 \u00e9conomique et touristique majeure<\/strong> pour Lyon :<\/p>\n\n\n\n<ul class=\"wp-block-list\">\n<li><strong>Des millions de visiteurs<\/strong> affluent, boostant les h\u00f4tels, restaurants et commerces locaux.<\/li>\n\n\n\n<li><strong>Une plateforme pour les artistes<\/strong> : Les concepteurs lumineux ont l\u2019occasion d\u2019exposer leur cr\u00e9ativit\u00e9 \u00e0 une audience internationale.<\/li>\n\n\n\n<li><strong>Un engagement durable<\/strong> : Ces derni\u00e8res ann\u00e9es, la ville met un point d\u2019honneur \u00e0 utiliser des technologies \u00e9conomes en \u00e9nergie pour minimiser l\u2019impact environnemental.<\/li>\n<\/ul>\n\n\n\n<hr class=\"wp-block-separator has-alpha-channel-opacity\"\/>\n\n\n\n<h3 class=\"wp-block-heading\"><strong>Informations pratiques<\/strong><\/h3>\n\n\n\n<ul class=\"wp-block-list\">\n<li><strong>Quand ?<\/strong> G\u00e9n\u00e9ralement autour du 8 d\u00e9cembre, durant 4 jours.<\/li>\n\n\n\n<li><strong>O\u00f9 ?<\/strong> Partout dans la ville, avec des installations majeures dans des lieux iconiques comme la Place des Terreaux, les berges du Rh\u00f4ne ou le Vieux Lyon.<\/li>\n\n\n\n<li><strong>Acc\u00e8s<\/strong> : Des transports en commun renforc\u00e9s permettent de se d\u00e9placer facilement dans la ville.<\/li>\n<\/ul>\n\n\n\n<hr class=\"wp-block-separator has-alpha-channel-opacity\"\/>\n\n\n\n<h3 class=\"wp-block-heading\"><strong>Pourquoi visiter la F\u00eate des Lumi\u00e8res ?<\/strong><\/h3>\n\n\n\n<p>La F\u00eate des Lumi\u00e8res offre une exp\u00e9rience unique, m\u00ealant tradition et innovation. Que vous soyez passionn\u00e9 d\u2019art, curieux de d\u00e9couvrir l\u2019histoire lyonnaise, ou simplement en qu\u00eate de magie hivernale, cet \u00e9v\u00e9nement est un incontournable.<\/p>\n\n\n\n<p>Plongez dans un univers de lumi\u00e8re, d\u2019\u00e9merveillement et de cr\u00e9ativit\u00e9, et laissez-vous transporter par la f\u00e9\u00e9rie de Lyon ! \ud83c\udf87<\/p>\n","protected":false},"excerpt":{"rendered":"<p>Chaque ann\u00e9e en d\u00e9cembre, Lyon se transforme en une ville scintillante gr\u00e2ce \u00e0 la F\u00eate des Lumi\u00e8res, un<\/p>\n","protected":false},"author":1,"featured_media":192400,"comment_status":"open","ping_status":"open","sticky":false,"template":"","format":"standard","meta":{"rop_custom_images_group":[],"rop_custom_messages_group":[],"rop_publish_now":"initial","rop_publish_now_accounts":{"facebook_2944925605560295_361066357320011":"","twitter_792688215148855296_792688215148855296":""},"rop_publish_now_history":[],"rop_publish_now_status":"pending","footnotes":""},"categories":[21],"tags":[878,783,778,877],"class_list":["post-192380","post","type-post","status-publish","format-standard","has-post-thumbnail","hentry","category-tourisme","tag-fete-des-lumieres","tag-lyon","tag-noel","tag-tradition"],"yoast_head":"<!-- This site is optimized with the Yoast SEO plugin v27.4 - https:\/\/yoast.com\/product\/yoast-seo-wordpress\/ -->\n<title>La F\u00eate des Lumi\u00e8res \u00e0 Lyon : Une c\u00e9l\u00e9bration d\u2019art et de lumi\u00e8re - Optannu<\/title>\n<meta name=\"robots\" content=\"index, follow, max-snippet:-1, max-image-preview:large, max-video-preview:-1\" \/>\n<link rel=\"canonical\" href=\"https:\/\/www.jng-web.com\/ref-auto\/la-fete-des-lumieres-a-lyon-une-celebration-dart-et-de-lumiere\/\" \/>\n<meta property=\"og:locale\" content=\"fr_FR\" \/>\n<meta property=\"og:type\" content=\"article\" \/>\n<meta property=\"og:title\" content=\"La F\u00eate des Lumi\u00e8res \u00e0 Lyon : Une c\u00e9l\u00e9bration d\u2019art et de lumi\u00e8re - Optannu\" \/>\n<meta property=\"og:description\" content=\"Chaque ann\u00e9e en d\u00e9cembre, Lyon se transforme en une ville scintillante gr\u00e2ce \u00e0 la F\u00eate des Lumi\u00e8res, un\" \/>\n<meta property=\"og:url\" content=\"https:\/\/www.jng-web.com\/ref-auto\/la-fete-des-lumieres-a-lyon-une-celebration-dart-et-de-lumiere\/\" \/>\n<meta property=\"og:site_name\" content=\"Optannu\" \/>\n<meta property=\"article:published_time\" content=\"2024-12-08T11:21:05+00:00\" \/>\n<meta property=\"article:modified_time\" content=\"2024-12-08T11:55:28+00:00\" \/>\n<meta property=\"og:image\" content=\"https:\/\/www.jng-web.com\/ref-auto\/wp-content\/uploads\/2024\/12\/fete-des-lumieres-lyon.png\" \/>\n\t<meta property=\"og:image:width\" content=\"1140\" \/>\n\t<meta property=\"og:image:height\" content=\"624\" \/>\n\t<meta property=\"og:image:type\" content=\"image\/png\" \/>\n<meta name=\"author\" content=\"Jerome\" \/>\n<meta name=\"twitter:card\" content=\"summary_large_image\" \/>\n<meta name=\"twitter:label1\" content=\"\u00c9crit par\" \/>\n\t<meta name=\"twitter:data1\" content=\"Jerome\" \/>\n\t<meta name=\"twitter:label2\" content=\"Dur\u00e9e de lecture estim\u00e9e\" \/>\n\t<meta name=\"twitter:data2\" content=\"2 minutes\" \/>\n<script type=\"application\/ld+json\" class=\"yoast-schema-graph\">{\"@context\":\"https:\\\/\\\/schema.org\",\"@graph\":[{\"@type\":\"Article\",\"@id\":\"https:\\\/\\\/www.jng-web.com\\\/ref-auto\\\/la-fete-des-lumieres-a-lyon-une-celebration-dart-et-de-lumiere\\\/#article\",\"isPartOf\":{\"@id\":\"https:\\\/\\\/www.jng-web.com\\\/ref-auto\\\/la-fete-des-lumieres-a-lyon-une-celebration-dart-et-de-lumiere\\\/\"},\"author\":{\"name\":\"Jerome\",\"@id\":\"https:\\\/\\\/www.jng-web.com\\\/ref-auto\\\/#\\\/schema\\\/person\\\/9b9c81cd6753b27cc78a7072ecb82d8e\"},\"headline\":\"La F\u00eate des Lumi\u00e8res \u00e0 Lyon : Une c\u00e9l\u00e9bration d\u2019art et de lumi\u00e8re\",\"datePublished\":\"2024-12-08T11:21:05+00:00\",\"dateModified\":\"2024-12-08T11:55:28+00:00\",\"mainEntityOfPage\":{\"@id\":\"https:\\\/\\\/www.jng-web.com\\\/ref-auto\\\/la-fete-des-lumieres-a-lyon-une-celebration-dart-et-de-lumiere\\\/\"},\"wordCount\":501,\"commentCount\":0,\"image\":{\"@id\":\"https:\\\/\\\/www.jng-web.com\\\/ref-auto\\\/la-fete-des-lumieres-a-lyon-une-celebration-dart-et-de-lumiere\\\/#primaryimage\"},\"thumbnailUrl\":\"https:\\\/\\\/www.jng-web.com\\\/ref-auto\\\/wp-content\\\/uploads\\\/2024\\\/12\\\/fete-des-lumieres-lyon.png\",\"keywords\":[\"fete des lumi\u00e8res\",\"lyon\",\"noel\",\"tradition\"],\"articleSection\":[\"Tourisme\"],\"inLanguage\":\"fr-FR\",\"potentialAction\":[{\"@type\":\"CommentAction\",\"name\":\"Comment\",\"target\":[\"https:\\\/\\\/www.jng-web.com\\\/ref-auto\\\/la-fete-des-lumieres-a-lyon-une-celebration-dart-et-de-lumiere\\\/#respond\"]}]},{\"@type\":\"WebPage\",\"@id\":\"https:\\\/\\\/www.jng-web.com\\\/ref-auto\\\/la-fete-des-lumieres-a-lyon-une-celebration-dart-et-de-lumiere\\\/\",\"url\":\"https:\\\/\\\/www.jng-web.com\\\/ref-auto\\\/la-fete-des-lumieres-a-lyon-une-celebration-dart-et-de-lumiere\\\/\",\"name\":\"La F\u00eate des Lumi\u00e8res \u00e0 Lyon : Une c\u00e9l\u00e9bration d\u2019art et de lumi\u00e8re - Optannu\",\"isPartOf\":{\"@id\":\"https:\\\/\\\/www.jng-web.com\\\/ref-auto\\\/#website\"},\"primaryImageOfPage\":{\"@id\":\"https:\\\/\\\/www.jng-web.com\\\/ref-auto\\\/la-fete-des-lumieres-a-lyon-une-celebration-dart-et-de-lumiere\\\/#primaryimage\"},\"image\":{\"@id\":\"https:\\\/\\\/www.jng-web.com\\\/ref-auto\\\/la-fete-des-lumieres-a-lyon-une-celebration-dart-et-de-lumiere\\\/#primaryimage\"},\"thumbnailUrl\":\"https:\\\/\\\/www.jng-web.com\\\/ref-auto\\\/wp-content\\\/uploads\\\/2024\\\/12\\\/fete-des-lumieres-lyon.png\",\"datePublished\":\"2024-12-08T11:21:05+00:00\",\"dateModified\":\"2024-12-08T11:55:28+00:00\",\"author\":{\"@id\":\"https:\\\/\\\/www.jng-web.com\\\/ref-auto\\\/#\\\/schema\\\/person\\\/9b9c81cd6753b27cc78a7072ecb82d8e\"},\"breadcrumb\":{\"@id\":\"https:\\\/\\\/www.jng-web.com\\\/ref-auto\\\/la-fete-des-lumieres-a-lyon-une-celebration-dart-et-de-lumiere\\\/#breadcrumb\"},\"inLanguage\":\"fr-FR\",\"potentialAction\":[{\"@type\":\"ReadAction\",\"target\":[\"https:\\\/\\\/www.jng-web.com\\\/ref-auto\\\/la-fete-des-lumieres-a-lyon-une-celebration-dart-et-de-lumiere\\\/\"]}]},{\"@type\":\"ImageObject\",\"inLanguage\":\"fr-FR\",\"@id\":\"https:\\\/\\\/www.jng-web.com\\\/ref-auto\\\/la-fete-des-lumieres-a-lyon-une-celebration-dart-et-de-lumiere\\\/#primaryimage\",\"url\":\"https:\\\/\\\/www.jng-web.com\\\/ref-auto\\\/wp-content\\\/uploads\\\/2024\\\/12\\\/fete-des-lumieres-lyon.png\",\"contentUrl\":\"https:\\\/\\\/www.jng-web.com\\\/ref-auto\\\/wp-content\\\/uploads\\\/2024\\\/12\\\/fete-des-lumieres-lyon.png\",\"width\":1140,\"height\":624},{\"@type\":\"BreadcrumbList\",\"@id\":\"https:\\\/\\\/www.jng-web.com\\\/ref-auto\\\/la-fete-des-lumieres-a-lyon-une-celebration-dart-et-de-lumiere\\\/#breadcrumb\",\"itemListElement\":[{\"@type\":\"ListItem\",\"position\":1,\"name\":\"Annuaire g\u00e9n\u00e9raliste gratuit\",\"item\":\"https:\\\/\\\/www.jng-web.com\\\/ref-auto\\\/\"},{\"@type\":\"ListItem\",\"position\":2,\"name\":\"Actualit\u00e9s\",\"item\":\"https:\\\/\\\/www.jng-web.com\\\/ref-auto\\\/category\\\/actualites\\\/\"},{\"@type\":\"ListItem\",\"position\":3,\"name\":\"La F\u00eate des Lumi\u00e8res \u00e0 Lyon : Une c\u00e9l\u00e9bration d\u2019art et de lumi\u00e8re\"}]},{\"@type\":\"WebSite\",\"@id\":\"https:\\\/\\\/www.jng-web.com\\\/ref-auto\\\/#website\",\"url\":\"https:\\\/\\\/www.jng-web.com\\\/ref-auto\\\/\",\"name\":\"Optannu\",\"description\":\"Guest Blogging : Publier gratuitement vos articles et booster votre r\u00e9f\u00e9rencement !\",\"potentialAction\":[{\"@type\":\"SearchAction\",\"target\":{\"@type\":\"EntryPoint\",\"urlTemplate\":\"https:\\\/\\\/www.jng-web.com\\\/ref-auto\\\/?s={search_term_string}\"},\"query-input\":{\"@type\":\"PropertyValueSpecification\",\"valueRequired\":true,\"valueName\":\"search_term_string\"}}],\"inLanguage\":\"fr-FR\"},{\"@type\":\"Person\",\"@id\":\"https:\\\/\\\/www.jng-web.com\\\/ref-auto\\\/#\\\/schema\\\/person\\\/9b9c81cd6753b27cc78a7072ecb82d8e\",\"name\":\"Jerome\",\"image\":{\"@type\":\"ImageObject\",\"inLanguage\":\"fr-FR\",\"@id\":\"https:\\\/\\\/secure.gravatar.com\\\/avatar\\\/67845112d35b1cf1f1f3c11875432a8ccaa7ba6187cf0b3e820c9fbc6cb40fc6?s=96&d=mm&r=g\",\"url\":\"https:\\\/\\\/secure.gravatar.com\\\/avatar\\\/67845112d35b1cf1f1f3c11875432a8ccaa7ba6187cf0b3e820c9fbc6cb40fc6?s=96&d=mm&r=g\",\"contentUrl\":\"https:\\\/\\\/secure.gravatar.com\\\/avatar\\\/67845112d35b1cf1f1f3c11875432a8ccaa7ba6187cf0b3e820c9fbc6cb40fc6?s=96&d=mm&r=g\",\"caption\":\"Jerome\"},\"sameAs\":[\"https:\\\/\\\/www.jng-web.com\\\/ref-auto\"],\"url\":\"https:\\\/\\\/www.jng-web.com\\\/ref-auto\"}]}<\/script>\n<!-- \/ Yoast SEO plugin. -->","yoast_head_json":{"title":"La F\u00eate des Lumi\u00e8res \u00e0 Lyon : Une c\u00e9l\u00e9bration d\u2019art et de lumi\u00e8re - Optannu","robots":{"index":"index","follow":"follow","max-snippet":"max-snippet:-1","max-image-preview":"max-image-preview:large","max-video-preview":"max-video-preview:-1"},"canonical":"https:\/\/www.jng-web.com\/ref-auto\/la-fete-des-lumieres-a-lyon-une-celebration-dart-et-de-lumiere\/","og_locale":"fr_FR","og_type":"article","og_title":"La F\u00eate des Lumi\u00e8res \u00e0 Lyon : Une c\u00e9l\u00e9bration d\u2019art et de lumi\u00e8re - Optannu","og_description":"Chaque ann\u00e9e en d\u00e9cembre, Lyon se transforme en une ville scintillante gr\u00e2ce \u00e0 la F\u00eate des Lumi\u00e8res, un","og_url":"https:\/\/www.jng-web.com\/ref-auto\/la-fete-des-lumieres-a-lyon-une-celebration-dart-et-de-lumiere\/","og_site_name":"Optannu","article_published_time":"2024-12-08T11:21:05+00:00","article_modified_time":"2024-12-08T11:55:28+00:00","og_image":[{"width":1140,"height":624,"url":"https:\/\/www.jng-web.com\/ref-auto\/wp-content\/uploads\/2024\/12\/fete-des-lumieres-lyon.png","type":"image\/png"}],"author":"Jerome","twitter_card":"summary_large_image","twitter_misc":{"\u00c9crit par":"Jerome","Dur\u00e9e de lecture estim\u00e9e":"2 minutes"},"schema":{"@context":"https:\/\/schema.org","@graph":[{"@type":"Article","@id":"https:\/\/www.jng-web.com\/ref-auto\/la-fete-des-lumieres-a-lyon-une-celebration-dart-et-de-lumiere\/#article","isPartOf":{"@id":"https:\/\/www.jng-web.com\/ref-auto\/la-fete-des-lumieres-a-lyon-une-celebration-dart-et-de-lumiere\/"},"author":{"name":"Jerome","@id":"https:\/\/www.jng-web.com\/ref-auto\/#\/schema\/person\/9b9c81cd6753b27cc78a7072ecb82d8e"},"headline":"La F\u00eate des Lumi\u00e8res \u00e0 Lyon : Une c\u00e9l\u00e9bration d\u2019art et de lumi\u00e8re","datePublished":"2024-12-08T11:21:05+00:00","dateModified":"2024-12-08T11:55:28+00:00","mainEntityOfPage":{"@id":"https:\/\/www.jng-web.com\/ref-auto\/la-fete-des-lumieres-a-lyon-une-celebration-dart-et-de-lumiere\/"},"wordCount":501,"commentCount":0,"image":{"@id":"https:\/\/www.jng-web.com\/ref-auto\/la-fete-des-lumieres-a-lyon-une-celebration-dart-et-de-lumiere\/#primaryimage"},"thumbnailUrl":"https:\/\/www.jng-web.com\/ref-auto\/wp-content\/uploads\/2024\/12\/fete-des-lumieres-lyon.png","keywords":["fete des lumi\u00e8res","lyon","noel","tradition"],"articleSection":["Tourisme"],"inLanguage":"fr-FR","potentialAction":[{"@type":"CommentAction","name":"Comment","target":["https:\/\/www.jng-web.com\/ref-auto\/la-fete-des-lumieres-a-lyon-une-celebration-dart-et-de-lumiere\/#respond"]}]},{"@type":"WebPage","@id":"https:\/\/www.jng-web.com\/ref-auto\/la-fete-des-lumieres-a-lyon-une-celebration-dart-et-de-lumiere\/","url":"https:\/\/www.jng-web.com\/ref-auto\/la-fete-des-lumieres-a-lyon-une-celebration-dart-et-de-lumiere\/","name":"La F\u00eate des Lumi\u00e8res \u00e0 Lyon : Une c\u00e9l\u00e9bration d\u2019art et de lumi\u00e8re - Optannu","isPartOf":{"@id":"https:\/\/www.jng-web.com\/ref-auto\/#website"},"primaryImageOfPage":{"@id":"https:\/\/www.jng-web.com\/ref-auto\/la-fete-des-lumieres-a-lyon-une-celebration-dart-et-de-lumiere\/#primaryimage"},"image":{"@id":"https:\/\/www.jng-web.com\/ref-auto\/la-fete-des-lumieres-a-lyon-une-celebration-dart-et-de-lumiere\/#primaryimage"},"thumbnailUrl":"https:\/\/www.jng-web.com\/ref-auto\/wp-content\/uploads\/2024\/12\/fete-des-lumieres-lyon.png","datePublished":"2024-12-08T11:21:05+00:00","dateModified":"2024-12-08T11:55:28+00:00","author":{"@id":"https:\/\/www.jng-web.com\/ref-auto\/#\/schema\/person\/9b9c81cd6753b27cc78a7072ecb82d8e"},"breadcrumb":{"@id":"https:\/\/www.jng-web.com\/ref-auto\/la-fete-des-lumieres-a-lyon-une-celebration-dart-et-de-lumiere\/#breadcrumb"},"inLanguage":"fr-FR","potentialAction":[{"@type":"ReadAction","target":["https:\/\/www.jng-web.com\/ref-auto\/la-fete-des-lumieres-a-lyon-une-celebration-dart-et-de-lumiere\/"]}]},{"@type":"ImageObject","inLanguage":"fr-FR","@id":"https:\/\/www.jng-web.com\/ref-auto\/la-fete-des-lumieres-a-lyon-une-celebration-dart-et-de-lumiere\/#primaryimage","url":"https:\/\/www.jng-web.com\/ref-auto\/wp-content\/uploads\/2024\/12\/fete-des-lumieres-lyon.png","contentUrl":"https:\/\/www.jng-web.com\/ref-auto\/wp-content\/uploads\/2024\/12\/fete-des-lumieres-lyon.png","width":1140,"height":624},{"@type":"BreadcrumbList","@id":"https:\/\/www.jng-web.com\/ref-auto\/la-fete-des-lumieres-a-lyon-une-celebration-dart-et-de-lumiere\/#breadcrumb","itemListElement":[{"@type":"ListItem","position":1,"name":"Annuaire g\u00e9n\u00e9raliste gratuit","item":"https:\/\/www.jng-web.com\/ref-auto\/"},{"@type":"ListItem","position":2,"name":"Actualit\u00e9s","item":"https:\/\/www.jng-web.com\/ref-auto\/category\/actualites\/"},{"@type":"ListItem","position":3,"name":"La F\u00eate des Lumi\u00e8res \u00e0 Lyon : Une c\u00e9l\u00e9bration d\u2019art et de lumi\u00e8re"}]},{"@type":"WebSite","@id":"https:\/\/www.jng-web.com\/ref-auto\/#website","url":"https:\/\/www.jng-web.com\/ref-auto\/","name":"Optannu","description":"Guest Blogging : Publier gratuitement vos articles et booster votre r\u00e9f\u00e9rencement !","potentialAction":[{"@type":"SearchAction","target":{"@type":"EntryPoint","urlTemplate":"https:\/\/www.jng-web.com\/ref-auto\/?s={search_term_string}"},"query-input":{"@type":"PropertyValueSpecification","valueRequired":true,"valueName":"search_term_string"}}],"inLanguage":"fr-FR"},{"@type":"Person","@id":"https:\/\/www.jng-web.com\/ref-auto\/#\/schema\/person\/9b9c81cd6753b27cc78a7072ecb82d8e","name":"Jerome","image":{"@type":"ImageObject","inLanguage":"fr-FR","@id":"https:\/\/secure.gravatar.com\/avatar\/67845112d35b1cf1f1f3c11875432a8ccaa7ba6187cf0b3e820c9fbc6cb40fc6?s=96&d=mm&r=g","url":"https:\/\/secure.gravatar.com\/avatar\/67845112d35b1cf1f1f3c11875432a8ccaa7ba6187cf0b3e820c9fbc6cb40fc6?s=96&d=mm&r=g","contentUrl":"https:\/\/secure.gravatar.com\/avatar\/67845112d35b1cf1f1f3c11875432a8ccaa7ba6187cf0b3e820c9fbc6cb40fc6?s=96&d=mm&r=g","caption":"Jerome"},"sameAs":["https:\/\/www.jng-web.com\/ref-auto"],"url":"https:\/\/www.jng-web.com\/ref-auto"}]}},"views":595,"_links":{"self":[{"href":"https:\/\/www.jng-web.com\/ref-auto\/wp-json\/wp\/v2\/posts\/192380","targetHints":{"allow":["GET"]}}],"collection":[{"href":"https:\/\/www.jng-web.com\/ref-auto\/wp-json\/wp\/v2\/posts"}],"about":[{"href":"https:\/\/www.jng-web.com\/ref-auto\/wp-json\/wp\/v2\/types\/post"}],"author":[{"embeddable":true,"href":"https:\/\/www.jng-web.com\/ref-auto\/wp-json\/wp\/v2\/users\/1"}],"replies":[{"embeddable":true,"href":"https:\/\/www.jng-web.com\/ref-auto\/wp-json\/wp\/v2\/comments?post=192380"}],"version-history":[{"count":1,"href":"https:\/\/www.jng-web.com\/ref-auto\/wp-json\/wp\/v2\/posts\/192380\/revisions"}],"predecessor-version":[{"id":192407,"href":"https:\/\/www.jng-web.com\/ref-auto\/wp-json\/wp\/v2\/posts\/192380\/revisions\/192407"}],"wp:featuredmedia":[{"embeddable":true,"href":"https:\/\/www.jng-web.com\/ref-auto\/wp-json\/wp\/v2\/media\/192400"}],"wp:attachment":[{"href":"https:\/\/www.jng-web.com\/ref-auto\/wp-json\/wp\/v2\/media?parent=192380"}],"wp:term":[{"taxonomy":"category","embeddable":true,"href":"https:\/\/www.jng-web.com\/ref-auto\/wp-json\/wp\/v2\/categories?post=192380"},{"taxonomy":"post_tag","embeddable":true,"href":"https:\/\/www.jng-web.com\/ref-auto\/wp-json\/wp\/v2\/tags?post=192380"}],"curies":[{"name":"wp","href":"https:\/\/api.w.org\/{rel}","templated":true}]}}