{"id":256091,"date":"2025-05-04T19:31:16","date_gmt":"2025-05-04T17:31:16","guid":{"rendered":"https:\/\/www.jng-web.com\/ref-auto\/?p=256091"},"modified":"2025-05-04T19:31:18","modified_gmt":"2025-05-04T17:31:18","slug":"le-vent-ce-voyageur-invisible-qui-faconne-notre-monde","status":"publish","type":"post","link":"https:\/\/www.jng-web.com\/ref-auto\/le-vent-ce-voyageur-invisible-qui-faconne-notre-monde\/","title":{"rendered":"Le Vent : Ce Voyageur Invisible Qui Fa\u00e7onne Notre Monde"},"content":{"rendered":"<div id=\"6729917897\" class=\"advads-pub advads-entity-placement\"><script async src=\"https:\/\/pagead2.googlesyndication.com\/pagead\/js\/adsbygoogle.js?client=ca-pub-4944504088214075\"\r\n     crossorigin=\"anonymous\"><\/script><\/div>\n<p>On ne le voit pas, mais on le sent sur notre peau, on entend sa course entre les arbres, on observe ses effets sur les feuilles qui tourbillonnent ou les vagues qui s\u2019\u00e9l\u00e8vent. Le vent est une force naturelle aussi po\u00e9tique que puissante, omnipr\u00e9sente et pourtant souvent ignor\u00e9e. Pourtant, il est bien plus qu\u2019un simple courant d\u2019air : il est un moteur climatique, un sculpteur de paysages, un messager de l\u00e9gendes, et m\u00eame un alli\u00e9 pour notre avenir \u00e9nerg\u00e9tique.<\/p>\n\n\n\n<h3 class=\"wp-block-heading\">Qu\u2019est-ce que le vent, exactement ?<\/h3>\n\n\n\n<p>Le vent est un d\u00e9placement d\u2019air provoqu\u00e9 par les diff\u00e9rences de pression atmosph\u00e9rique. Lorsque le soleil chauffe la surface de la Terre de mani\u00e8re in\u00e9gale, certaines zones deviennent plus chaudes que d\u2019autres. L\u2019air chaud, plus l\u00e9ger, monte, laissant un vide que l\u2019air plus froid vient combler. Ce mouvement cr\u00e9e ce que nous appelons le vent. Simple dans son origine, complexe dans ses manifestations.<\/p>\n\n\n\n<h3 class=\"wp-block-heading\">Un sculpteur silencieux<\/h3>\n\n\n\n<p>Des dunes du Sahara aux falaises battues de Bretagne, le vent fa\u00e7onne les reliefs. Il transporte le sable, l\u2019\u00e9rode, creuse les roches. \u00c0 long terme, il participe \u00e0 la transformation des paysages, en collaboration avec l\u2019eau et le temps. Il porte aussi les graines, les pollens, permettant la dispersion et la r\u00e9g\u00e9n\u00e9ration de la flore sur de vastes territoires.<\/p>\n\n\n\n<h3 class=\"wp-block-heading\">Le vent dans les cultures<\/h3>\n\n\n\n<p>Depuis l\u2019Antiquit\u00e9, le vent est une source d\u2019inspiration. Dans la mythologie grecque, \u00c9ole \u00e9tait le ma\u00eetre des vents. Les marins ont appris \u00e0 lire ses caprices, les po\u00e8tes ont chant\u00e9 sa libert\u00e9. Il symbolise tant\u00f4t la puissance, tant\u00f4t la fuite, tant\u00f4t l\u2019esprit. Dans de nombreuses cultures, il est porteur de pr\u00e9sages ou d\u2019\u00e9motions : le vent d\u2019est est sec et chaud, celui du nord, froid et rigide.<\/p>\n\n\n\n<h3 class=\"wp-block-heading\">Une \u00e9nergie du futur<\/h3>\n\n\n\n<p>Aujourd\u2019hui, le vent est aussi synonyme de transition \u00e9nerg\u00e9tique. Les \u00e9oliennes, ces grandes silhouettes tournoyantes, captent son \u00e9nergie pour produire de l\u2019\u00e9lectricit\u00e9 propre. L\u2019\u00e9nergie \u00e9olienne est l\u2019une des sources renouvelables les plus prometteuses, capable de r\u00e9duire notre d\u00e9pendance aux \u00e9nergies fossiles. Elle n\u2019est pas sans d\u00e9bat, mais elle incarne une volont\u00e9 de faire du vent un alli\u00e9 durable.<\/p>\n\n\n\n<h3 class=\"wp-block-heading\">Une force \u00e0 apprivoiser<\/h3>\n\n\n\n<p>Le vent peut \u00eatre doux ou destructeur. Brise rafra\u00eechissante l\u2019\u00e9t\u00e9, il peut devenir temp\u00eate, ouragan ou cyclone, apportant des d\u00e9g\u00e2ts parfois consid\u00e9rables. L\u2019humain a appris \u00e0 se prot\u00e9ger, \u00e0 b\u00e2tir en fonction, \u00e0 pr\u00e9voir. Mais il n\u2019a pas encore tout compris du vent, dont les caprices restent parfois myst\u00e9rieux.<\/p>\n\n\n\n<h3 class=\"wp-block-heading\">Conclusion : Apprendre \u00e0 \u00e9couter le vent<\/h3>\n\n\n\n<p>Dans notre quotidien agit\u00e9, prenons le temps d\u2019\u00e9couter le vent. Il nous parle du changement, du mouvement perp\u00e9tuel, de la nature en action. Il nous relie au monde vivant. Ce souffle invisible nous rappelle que les forces les plus puissantes sont souvent celles qu\u2019on ne voit pas.<\/p>\n","protected":false},"excerpt":{"rendered":"<p>On ne le voit pas, mais on le sent sur notre peau, on entend sa course entre les<\/p>\n","protected":false},"author":1,"featured_media":256103,"comment_status":"open","ping_status":"open","sticky":false,"template":"","format":"standard","meta":{"rop_custom_images_group":[],"rop_custom_messages_group":[],"rop_publish_now":"initial","rop_publish_now_accounts":{"facebook_2944925605560295_361066357320011":"","twitter_792688215148855296_792688215148855296":""},"rop_publish_now_history":[],"rop_publish_now_status":"pending","footnotes":""},"categories":[6],"tags":[987,864,988,986,992],"class_list":["post-256091","post","type-post","status-publish","format-standard","has-post-thumbnail","hentry","category-environnement","tag-climat","tag-environnement","tag-evenement-climatique","tag-orage","tag-vent"],"yoast_head":"<!-- This site is optimized with the Yoast SEO plugin v27.4 - https:\/\/yoast.com\/product\/yoast-seo-wordpress\/ -->\n<title>Le Vent : Ce Voyageur Invisible Qui Fa\u00e7onne Notre Monde - Optannu<\/title>\n<meta name=\"robots\" content=\"index, follow, max-snippet:-1, max-image-preview:large, max-video-preview:-1\" \/>\n<link rel=\"canonical\" href=\"https:\/\/www.jng-web.com\/ref-auto\/le-vent-ce-voyageur-invisible-qui-faconne-notre-monde\/\" \/>\n<meta property=\"og:locale\" content=\"fr_FR\" \/>\n<meta property=\"og:type\" content=\"article\" \/>\n<meta property=\"og:title\" content=\"Le Vent : Ce Voyageur Invisible Qui Fa\u00e7onne Notre Monde - Optannu\" \/>\n<meta property=\"og:description\" content=\"On ne le voit pas, mais on le sent sur notre peau, on entend sa course entre les\" \/>\n<meta property=\"og:url\" content=\"https:\/\/www.jng-web.com\/ref-auto\/le-vent-ce-voyageur-invisible-qui-faconne-notre-monde\/\" \/>\n<meta property=\"og:site_name\" content=\"Optannu\" \/>\n<meta property=\"article:published_time\" content=\"2025-05-04T17:31:16+00:00\" \/>\n<meta property=\"article:modified_time\" content=\"2025-05-04T17:31:18+00:00\" \/>\n<meta property=\"og:image\" content=\"https:\/\/www.jng-web.com\/ref-auto\/wp-content\/uploads\/2025\/05\/young-woman-walking-in-an-almond-orchard-picjumbo-com-scaled.jpg\" \/>\n\t<meta property=\"og:image:width\" content=\"2560\" \/>\n\t<meta property=\"og:image:height\" content=\"1707\" \/>\n\t<meta property=\"og:image:type\" content=\"image\/jpeg\" \/>\n<meta name=\"author\" content=\"Jerome\" \/>\n<meta name=\"twitter:card\" content=\"summary_large_image\" \/>\n<meta name=\"twitter:label1\" content=\"\u00c9crit par\" \/>\n\t<meta name=\"twitter:data1\" content=\"Jerome\" \/>\n\t<meta name=\"twitter:label2\" content=\"Dur\u00e9e de lecture estim\u00e9e\" \/>\n\t<meta name=\"twitter:data2\" content=\"3 minutes\" \/>\n<script type=\"application\/ld+json\" class=\"yoast-schema-graph\">{\"@context\":\"https:\\\/\\\/schema.org\",\"@graph\":[{\"@type\":\"Article\",\"@id\":\"https:\\\/\\\/www.jng-web.com\\\/ref-auto\\\/le-vent-ce-voyageur-invisible-qui-faconne-notre-monde\\\/#article\",\"isPartOf\":{\"@id\":\"https:\\\/\\\/www.jng-web.com\\\/ref-auto\\\/le-vent-ce-voyageur-invisible-qui-faconne-notre-monde\\\/\"},\"author\":{\"name\":\"Jerome\",\"@id\":\"https:\\\/\\\/www.jng-web.com\\\/ref-auto\\\/#\\\/schema\\\/person\\\/9b9c81cd6753b27cc78a7072ecb82d8e\"},\"headline\":\"Le Vent : Ce Voyageur Invisible Qui Fa\u00e7onne Notre Monde\",\"datePublished\":\"2025-05-04T17:31:16+00:00\",\"dateModified\":\"2025-05-04T17:31:18+00:00\",\"mainEntityOfPage\":{\"@id\":\"https:\\\/\\\/www.jng-web.com\\\/ref-auto\\\/le-vent-ce-voyageur-invisible-qui-faconne-notre-monde\\\/\"},\"wordCount\":512,\"commentCount\":0,\"image\":{\"@id\":\"https:\\\/\\\/www.jng-web.com\\\/ref-auto\\\/le-vent-ce-voyageur-invisible-qui-faconne-notre-monde\\\/#primaryimage\"},\"thumbnailUrl\":\"https:\\\/\\\/www.jng-web.com\\\/ref-auto\\\/wp-content\\\/uploads\\\/2025\\\/05\\\/young-woman-walking-in-an-almond-orchard-picjumbo-com-scaled.jpg\",\"keywords\":[\"climat\",\"environnement\",\"\u00e9v\u00e8nement climatique\",\"orage\",\"vent\"],\"articleSection\":[\"Environnement\"],\"inLanguage\":\"fr-FR\",\"potentialAction\":[{\"@type\":\"CommentAction\",\"name\":\"Comment\",\"target\":[\"https:\\\/\\\/www.jng-web.com\\\/ref-auto\\\/le-vent-ce-voyageur-invisible-qui-faconne-notre-monde\\\/#respond\"]}]},{\"@type\":\"WebPage\",\"@id\":\"https:\\\/\\\/www.jng-web.com\\\/ref-auto\\\/le-vent-ce-voyageur-invisible-qui-faconne-notre-monde\\\/\",\"url\":\"https:\\\/\\\/www.jng-web.com\\\/ref-auto\\\/le-vent-ce-voyageur-invisible-qui-faconne-notre-monde\\\/\",\"name\":\"Le Vent : Ce Voyageur Invisible Qui Fa\u00e7onne Notre Monde - Optannu\",\"isPartOf\":{\"@id\":\"https:\\\/\\\/www.jng-web.com\\\/ref-auto\\\/#website\"},\"primaryImageOfPage\":{\"@id\":\"https:\\\/\\\/www.jng-web.com\\\/ref-auto\\\/le-vent-ce-voyageur-invisible-qui-faconne-notre-monde\\\/#primaryimage\"},\"image\":{\"@id\":\"https:\\\/\\\/www.jng-web.com\\\/ref-auto\\\/le-vent-ce-voyageur-invisible-qui-faconne-notre-monde\\\/#primaryimage\"},\"thumbnailUrl\":\"https:\\\/\\\/www.jng-web.com\\\/ref-auto\\\/wp-content\\\/uploads\\\/2025\\\/05\\\/young-woman-walking-in-an-almond-orchard-picjumbo-com-scaled.jpg\",\"datePublished\":\"2025-05-04T17:31:16+00:00\",\"dateModified\":\"2025-05-04T17:31:18+00:00\",\"author\":{\"@id\":\"https:\\\/\\\/www.jng-web.com\\\/ref-auto\\\/#\\\/schema\\\/person\\\/9b9c81cd6753b27cc78a7072ecb82d8e\"},\"breadcrumb\":{\"@id\":\"https:\\\/\\\/www.jng-web.com\\\/ref-auto\\\/le-vent-ce-voyageur-invisible-qui-faconne-notre-monde\\\/#breadcrumb\"},\"inLanguage\":\"fr-FR\",\"potentialAction\":[{\"@type\":\"ReadAction\",\"target\":[\"https:\\\/\\\/www.jng-web.com\\\/ref-auto\\\/le-vent-ce-voyageur-invisible-qui-faconne-notre-monde\\\/\"]}]},{\"@type\":\"ImageObject\",\"inLanguage\":\"fr-FR\",\"@id\":\"https:\\\/\\\/www.jng-web.com\\\/ref-auto\\\/le-vent-ce-voyageur-invisible-qui-faconne-notre-monde\\\/#primaryimage\",\"url\":\"https:\\\/\\\/www.jng-web.com\\\/ref-auto\\\/wp-content\\\/uploads\\\/2025\\\/05\\\/young-woman-walking-in-an-almond-orchard-picjumbo-com-scaled.jpg\",\"contentUrl\":\"https:\\\/\\\/www.jng-web.com\\\/ref-auto\\\/wp-content\\\/uploads\\\/2025\\\/05\\\/young-woman-walking-in-an-almond-orchard-picjumbo-com-scaled.jpg\",\"width\":2560,\"height\":1707},{\"@type\":\"BreadcrumbList\",\"@id\":\"https:\\\/\\\/www.jng-web.com\\\/ref-auto\\\/le-vent-ce-voyageur-invisible-qui-faconne-notre-monde\\\/#breadcrumb\",\"itemListElement\":[{\"@type\":\"ListItem\",\"position\":1,\"name\":\"Annuaire g\u00e9n\u00e9raliste gratuit\",\"item\":\"https:\\\/\\\/www.jng-web.com\\\/ref-auto\\\/\"},{\"@type\":\"ListItem\",\"position\":2,\"name\":\"Environnement\",\"item\":\"https:\\\/\\\/www.jng-web.com\\\/ref-auto\\\/category\\\/environnement\\\/\"},{\"@type\":\"ListItem\",\"position\":3,\"name\":\"Le Vent : Ce Voyageur Invisible Qui Fa\u00e7onne Notre Monde\"}]},{\"@type\":\"WebSite\",\"@id\":\"https:\\\/\\\/www.jng-web.com\\\/ref-auto\\\/#website\",\"url\":\"https:\\\/\\\/www.jng-web.com\\\/ref-auto\\\/\",\"name\":\"Optannu\",\"description\":\"Guest Blogging : Publier gratuitement vos articles et booster votre r\u00e9f\u00e9rencement !\",\"potentialAction\":[{\"@type\":\"SearchAction\",\"target\":{\"@type\":\"EntryPoint\",\"urlTemplate\":\"https:\\\/\\\/www.jng-web.com\\\/ref-auto\\\/?s={search_term_string}\"},\"query-input\":{\"@type\":\"PropertyValueSpecification\",\"valueRequired\":true,\"valueName\":\"search_term_string\"}}],\"inLanguage\":\"fr-FR\"},{\"@type\":\"Person\",\"@id\":\"https:\\\/\\\/www.jng-web.com\\\/ref-auto\\\/#\\\/schema\\\/person\\\/9b9c81cd6753b27cc78a7072ecb82d8e\",\"name\":\"Jerome\",\"image\":{\"@type\":\"ImageObject\",\"inLanguage\":\"fr-FR\",\"@id\":\"https:\\\/\\\/secure.gravatar.com\\\/avatar\\\/67845112d35b1cf1f1f3c11875432a8ccaa7ba6187cf0b3e820c9fbc6cb40fc6?s=96&d=mm&r=g\",\"url\":\"https:\\\/\\\/secure.gravatar.com\\\/avatar\\\/67845112d35b1cf1f1f3c11875432a8ccaa7ba6187cf0b3e820c9fbc6cb40fc6?s=96&d=mm&r=g\",\"contentUrl\":\"https:\\\/\\\/secure.gravatar.com\\\/avatar\\\/67845112d35b1cf1f1f3c11875432a8ccaa7ba6187cf0b3e820c9fbc6cb40fc6?s=96&d=mm&r=g\",\"caption\":\"Jerome\"},\"sameAs\":[\"https:\\\/\\\/www.jng-web.com\\\/ref-auto\"],\"url\":\"https:\\\/\\\/www.jng-web.com\\\/ref-auto\"}]}<\/script>\n<!-- \/ Yoast SEO plugin. -->","yoast_head_json":{"title":"Le Vent : Ce Voyageur Invisible Qui Fa\u00e7onne Notre Monde - Optannu","robots":{"index":"index","follow":"follow","max-snippet":"max-snippet:-1","max-image-preview":"max-image-preview:large","max-video-preview":"max-video-preview:-1"},"canonical":"https:\/\/www.jng-web.com\/ref-auto\/le-vent-ce-voyageur-invisible-qui-faconne-notre-monde\/","og_locale":"fr_FR","og_type":"article","og_title":"Le Vent : Ce Voyageur Invisible Qui Fa\u00e7onne Notre Monde - Optannu","og_description":"On ne le voit pas, mais on le sent sur notre peau, on entend sa course entre les","og_url":"https:\/\/www.jng-web.com\/ref-auto\/le-vent-ce-voyageur-invisible-qui-faconne-notre-monde\/","og_site_name":"Optannu","article_published_time":"2025-05-04T17:31:16+00:00","article_modified_time":"2025-05-04T17:31:18+00:00","og_image":[{"width":2560,"height":1707,"url":"https:\/\/www.jng-web.com\/ref-auto\/wp-content\/uploads\/2025\/05\/young-woman-walking-in-an-almond-orchard-picjumbo-com-scaled.jpg","type":"image\/jpeg"}],"author":"Jerome","twitter_card":"summary_large_image","twitter_misc":{"\u00c9crit par":"Jerome","Dur\u00e9e de lecture estim\u00e9e":"3 minutes"},"schema":{"@context":"https:\/\/schema.org","@graph":[{"@type":"Article","@id":"https:\/\/www.jng-web.com\/ref-auto\/le-vent-ce-voyageur-invisible-qui-faconne-notre-monde\/#article","isPartOf":{"@id":"https:\/\/www.jng-web.com\/ref-auto\/le-vent-ce-voyageur-invisible-qui-faconne-notre-monde\/"},"author":{"name":"Jerome","@id":"https:\/\/www.jng-web.com\/ref-auto\/#\/schema\/person\/9b9c81cd6753b27cc78a7072ecb82d8e"},"headline":"Le Vent : Ce Voyageur Invisible Qui Fa\u00e7onne Notre Monde","datePublished":"2025-05-04T17:31:16+00:00","dateModified":"2025-05-04T17:31:18+00:00","mainEntityOfPage":{"@id":"https:\/\/www.jng-web.com\/ref-auto\/le-vent-ce-voyageur-invisible-qui-faconne-notre-monde\/"},"wordCount":512,"commentCount":0,"image":{"@id":"https:\/\/www.jng-web.com\/ref-auto\/le-vent-ce-voyageur-invisible-qui-faconne-notre-monde\/#primaryimage"},"thumbnailUrl":"https:\/\/www.jng-web.com\/ref-auto\/wp-content\/uploads\/2025\/05\/young-woman-walking-in-an-almond-orchard-picjumbo-com-scaled.jpg","keywords":["climat","environnement","\u00e9v\u00e8nement climatique","orage","vent"],"articleSection":["Environnement"],"inLanguage":"fr-FR","potentialAction":[{"@type":"CommentAction","name":"Comment","target":["https:\/\/www.jng-web.com\/ref-auto\/le-vent-ce-voyageur-invisible-qui-faconne-notre-monde\/#respond"]}]},{"@type":"WebPage","@id":"https:\/\/www.jng-web.com\/ref-auto\/le-vent-ce-voyageur-invisible-qui-faconne-notre-monde\/","url":"https:\/\/www.jng-web.com\/ref-auto\/le-vent-ce-voyageur-invisible-qui-faconne-notre-monde\/","name":"Le Vent : Ce Voyageur Invisible Qui Fa\u00e7onne Notre Monde - Optannu","isPartOf":{"@id":"https:\/\/www.jng-web.com\/ref-auto\/#website"},"primaryImageOfPage":{"@id":"https:\/\/www.jng-web.com\/ref-auto\/le-vent-ce-voyageur-invisible-qui-faconne-notre-monde\/#primaryimage"},"image":{"@id":"https:\/\/www.jng-web.com\/ref-auto\/le-vent-ce-voyageur-invisible-qui-faconne-notre-monde\/#primaryimage"},"thumbnailUrl":"https:\/\/www.jng-web.com\/ref-auto\/wp-content\/uploads\/2025\/05\/young-woman-walking-in-an-almond-orchard-picjumbo-com-scaled.jpg","datePublished":"2025-05-04T17:31:16+00:00","dateModified":"2025-05-04T17:31:18+00:00","author":{"@id":"https:\/\/www.jng-web.com\/ref-auto\/#\/schema\/person\/9b9c81cd6753b27cc78a7072ecb82d8e"},"breadcrumb":{"@id":"https:\/\/www.jng-web.com\/ref-auto\/le-vent-ce-voyageur-invisible-qui-faconne-notre-monde\/#breadcrumb"},"inLanguage":"fr-FR","potentialAction":[{"@type":"ReadAction","target":["https:\/\/www.jng-web.com\/ref-auto\/le-vent-ce-voyageur-invisible-qui-faconne-notre-monde\/"]}]},{"@type":"ImageObject","inLanguage":"fr-FR","@id":"https:\/\/www.jng-web.com\/ref-auto\/le-vent-ce-voyageur-invisible-qui-faconne-notre-monde\/#primaryimage","url":"https:\/\/www.jng-web.com\/ref-auto\/wp-content\/uploads\/2025\/05\/young-woman-walking-in-an-almond-orchard-picjumbo-com-scaled.jpg","contentUrl":"https:\/\/www.jng-web.com\/ref-auto\/wp-content\/uploads\/2025\/05\/young-woman-walking-in-an-almond-orchard-picjumbo-com-scaled.jpg","width":2560,"height":1707},{"@type":"BreadcrumbList","@id":"https:\/\/www.jng-web.com\/ref-auto\/le-vent-ce-voyageur-invisible-qui-faconne-notre-monde\/#breadcrumb","itemListElement":[{"@type":"ListItem","position":1,"name":"Annuaire g\u00e9n\u00e9raliste gratuit","item":"https:\/\/www.jng-web.com\/ref-auto\/"},{"@type":"ListItem","position":2,"name":"Environnement","item":"https:\/\/www.jng-web.com\/ref-auto\/category\/environnement\/"},{"@type":"ListItem","position":3,"name":"Le Vent : Ce Voyageur Invisible Qui Fa\u00e7onne Notre Monde"}]},{"@type":"WebSite","@id":"https:\/\/www.jng-web.com\/ref-auto\/#website","url":"https:\/\/www.jng-web.com\/ref-auto\/","name":"Optannu","description":"Guest Blogging : Publier gratuitement vos articles et booster votre r\u00e9f\u00e9rencement !","potentialAction":[{"@type":"SearchAction","target":{"@type":"EntryPoint","urlTemplate":"https:\/\/www.jng-web.com\/ref-auto\/?s={search_term_string}"},"query-input":{"@type":"PropertyValueSpecification","valueRequired":true,"valueName":"search_term_string"}}],"inLanguage":"fr-FR"},{"@type":"Person","@id":"https:\/\/www.jng-web.com\/ref-auto\/#\/schema\/person\/9b9c81cd6753b27cc78a7072ecb82d8e","name":"Jerome","image":{"@type":"ImageObject","inLanguage":"fr-FR","@id":"https:\/\/secure.gravatar.com\/avatar\/67845112d35b1cf1f1f3c11875432a8ccaa7ba6187cf0b3e820c9fbc6cb40fc6?s=96&d=mm&r=g","url":"https:\/\/secure.gravatar.com\/avatar\/67845112d35b1cf1f1f3c11875432a8ccaa7ba6187cf0b3e820c9fbc6cb40fc6?s=96&d=mm&r=g","contentUrl":"https:\/\/secure.gravatar.com\/avatar\/67845112d35b1cf1f1f3c11875432a8ccaa7ba6187cf0b3e820c9fbc6cb40fc6?s=96&d=mm&r=g","caption":"Jerome"},"sameAs":["https:\/\/www.jng-web.com\/ref-auto"],"url":"https:\/\/www.jng-web.com\/ref-auto"}]}},"views":366,"_links":{"self":[{"href":"https:\/\/www.jng-web.com\/ref-auto\/wp-json\/wp\/v2\/posts\/256091","targetHints":{"allow":["GET"]}}],"collection":[{"href":"https:\/\/www.jng-web.com\/ref-auto\/wp-json\/wp\/v2\/posts"}],"about":[{"href":"https:\/\/www.jng-web.com\/ref-auto\/wp-json\/wp\/v2\/types\/post"}],"author":[{"embeddable":true,"href":"https:\/\/www.jng-web.com\/ref-auto\/wp-json\/wp\/v2\/users\/1"}],"replies":[{"embeddable":true,"href":"https:\/\/www.jng-web.com\/ref-auto\/wp-json\/wp\/v2\/comments?post=256091"}],"version-history":[{"count":1,"href":"https:\/\/www.jng-web.com\/ref-auto\/wp-json\/wp\/v2\/posts\/256091\/revisions"}],"predecessor-version":[{"id":256114,"href":"https:\/\/www.jng-web.com\/ref-auto\/wp-json\/wp\/v2\/posts\/256091\/revisions\/256114"}],"wp:featuredmedia":[{"embeddable":true,"href":"https:\/\/www.jng-web.com\/ref-auto\/wp-json\/wp\/v2\/media\/256103"}],"wp:attachment":[{"href":"https:\/\/www.jng-web.com\/ref-auto\/wp-json\/wp\/v2\/media?parent=256091"}],"wp:term":[{"taxonomy":"category","embeddable":true,"href":"https:\/\/www.jng-web.com\/ref-auto\/wp-json\/wp\/v2\/categories?post=256091"},{"taxonomy":"post_tag","embeddable":true,"href":"https:\/\/www.jng-web.com\/ref-auto\/wp-json\/wp\/v2\/tags?post=256091"}],"curies":[{"name":"wp","href":"https:\/\/api.w.org\/{rel}","templated":true}]}}