{"id":256482,"date":"2025-07-19T19:52:47","date_gmt":"2025-07-19T17:52:47","guid":{"rendered":"https:\/\/www.jng-web.com\/ref-auto\/?p=256482"},"modified":"2025-05-04T20:12:30","modified_gmt":"2025-05-04T18:12:30","slug":"les-climats-en-france-une-mosaique-meteorologique-unique-en-europe","status":"publish","type":"post","link":"https:\/\/www.jng-web.com\/ref-auto\/les-climats-en-france-une-mosaique-meteorologique-unique-en-europe\/","title":{"rendered":"Les Climats en France : Une Mosa\u00efque M\u00e9t\u00e9orologique Unique en Europe"},"content":{"rendered":"<div id=\"6729917897\" class=\"advads-pub advads-entity-placement\"><script async src=\"https:\/\/pagead2.googlesyndication.com\/pagead\/js\/adsbygoogle.js?client=ca-pub-4944504088214075\"\r\n     crossorigin=\"anonymous\"><\/script><\/div>\n<p><strong>Les Climats en France : Une Mosa\u00efque M\u00e9t\u00e9orologique Unique en Europe<\/strong><\/p>\n\n\n\n<p>Si la France est connue pour sa richesse culturelle et gastronomique, elle l\u2019est tout autant pour la diversit\u00e9 de ses <strong>climats<\/strong>. Gr\u00e2ce \u00e0 sa g\u00e9ographie vari\u00e9e \u2013 entre mer, montagnes, plaines et vall\u00e9es \u2013 le territoire fran\u00e7ais pr\u00e9sente une multitude de conditions m\u00e9t\u00e9orologiques, influen\u00e7ant les paysages, les modes de vie et les cultures agricoles. Explorons ensemble cette mosa\u00efque climatique qui fait la particularit\u00e9 de la France.<\/p>\n\n\n\n<h3 class=\"wp-block-heading\">\ud83d\uddfa\ufe0f Pourquoi plusieurs climats ?<\/h3>\n\n\n\n<p>La France s\u2019\u00e9tend sur plus de 1 000 kilom\u00e8tres du nord au sud et d\u2019ouest en est. Elle est bord\u00e9e par <strong>l\u2019oc\u00e9an Atlantique \u00e0 l\u2019ouest<\/strong>, la <strong>M\u00e9diterran\u00e9e au sud<\/strong>, et travers\u00e9e par plusieurs massifs montagneux (Alpes, Pyr\u00e9n\u00e9es, Massif central). Ces caract\u00e9ristiques cr\u00e9ent des zones d\u2019influences climatiques diff\u00e9rentes. On distingue principalement <strong>5 grands types de climats en France m\u00e9tropolitaine<\/strong>.<\/p>\n\n\n\n<h3 class=\"wp-block-heading\">\ud83c\udf26\ufe0f 1. Le climat oc\u00e9anique (ou atlantique)<\/h3>\n\n\n\n<p><strong>Zones concern\u00e9es<\/strong> : Bretagne, Normandie, Pays de la Loire, Nord-Ouest<\/p>\n\n\n\n<p>Ce climat est marqu\u00e9 par des <strong>hivers doux<\/strong>, des <strong>\u00e9t\u00e9s temp\u00e9r\u00e9s<\/strong> et <strong>des pluies r\u00e9guli\u00e8res toute l\u2019ann\u00e9e<\/strong>. Le ciel est souvent changeant : on peut passer du soleil \u00e0 la pluie en quelques heures. L\u2019influence de l\u2019oc\u00e9an adoucit les temp\u00e9ratures, limitant les extr\u00eames.<\/p>\n\n\n\n<p><strong>Caract\u00e9ristiques :<\/strong><\/p>\n\n\n\n<ul class=\"wp-block-list\">\n<li>Temp\u00e9ratures mod\u00e9r\u00e9es<\/li>\n\n\n\n<li>Humidit\u00e9 importante<\/li>\n\n\n\n<li>Vents fr\u00e9quents<\/li>\n<\/ul>\n\n\n\n<h3 class=\"wp-block-heading\">\u2600\ufe0f 2. Le climat m\u00e9diterran\u00e9en<\/h3>\n\n\n\n<p><strong>Zones concern\u00e9es<\/strong> : C\u00f4te d\u2019Azur, Languedoc, Corse, Provence<\/p>\n\n\n\n<p>Soleil, chaleur et ciel bleu sont les ma\u00eetres-mots. Les <strong>\u00e9t\u00e9s sont chauds et secs<\/strong>, parfois caniculaires, tandis que les <strong>hivers sont doux<\/strong>. Les pluies, bien que rares, peuvent \u00eatre violentes, surtout \u00e0 l\u2019automne (\u00e9pisodes c\u00e9venols).<\/p>\n\n\n\n<p><strong>Caract\u00e9ristiques :<\/strong><\/p>\n\n\n\n<ul class=\"wp-block-list\">\n<li>Forte ensoleillement (300 jours\/an dans certains endroits)<\/li>\n\n\n\n<li>\u00c9t\u00e9s secs, propices \u00e0 la s\u00e9cheresse<\/li>\n\n\n\n<li>Risques d\u2019incendies en \u00e9t\u00e9<\/li>\n<\/ul>\n\n\n\n<h3 class=\"wp-block-heading\">\ud83c\udf2c\ufe0f 3. Le climat continental<\/h3>\n\n\n\n<p><strong>Zones concern\u00e9es<\/strong> : Est de la France (Alsace, Lorraine, Bourgogne, Centre)<\/p>\n\n\n\n<p>\u00c0 mesure que l\u2019on s\u2019\u00e9loigne de l\u2019oc\u00e9an, le climat devient plus <strong>contrast\u00e9<\/strong>. Les <strong>hivers sont froids<\/strong>, parfois rigoureux avec de la neige, et les <strong>\u00e9t\u00e9s chauds<\/strong>, voire orageux. Ce climat se rapproche de celui de l\u2019Europe centrale.<\/p>\n\n\n\n<p><strong>Caract\u00e9ristiques :<\/strong><\/p>\n\n\n\n<ul class=\"wp-block-list\">\n<li>Forte amplitude thermique<\/li>\n\n\n\n<li>Gel\u00e9es fr\u00e9quentes en hiver<\/li>\n\n\n\n<li>\u00c9t\u00e9s parfois lourds et orageux<\/li>\n<\/ul>\n\n\n\n<h3 class=\"wp-block-heading\">\ud83c\udfd4\ufe0f 4. Le climat montagnard<\/h3>\n\n\n\n<p><strong>Zones concern\u00e9es<\/strong> : Alpes, Pyr\u00e9n\u00e9es, Jura, Massif central, Vosges<\/p>\n\n\n\n<p>L\u2019altitude change tout : plus on monte, plus il fait froid. Les pr\u00e9cipitations sont abondantes, souvent sous forme de neige en hiver. Les <strong>temp\u00e9ratures varient fortement avec l\u2019altitude<\/strong>. Ce climat favorise le tourisme hivernal (ski) et la biodiversit\u00e9.<\/p>\n\n\n\n<p><strong>Caract\u00e9ristiques :<\/strong><\/p>\n\n\n\n<ul class=\"wp-block-list\">\n<li>Neige fr\u00e9quente en hiver<\/li>\n\n\n\n<li>\u00c9t\u00e9s frais en altitude<\/li>\n\n\n\n<li>Fortes variations selon l\u2019exposition<\/li>\n<\/ul>\n\n\n\n<h3 class=\"wp-block-heading\">\ud83c\udf3e 5. Le climat semi-continental et interm\u00e9diaire<\/h3>\n\n\n\n<p><strong>Zones concern\u00e9es<\/strong> : Bassin parisien, r\u00e9gions du centre et nord-est<\/p>\n\n\n\n<p>Entre oc\u00e9an et continent, ces r\u00e9gions connaissent un <strong>climat interm\u00e9diaire<\/strong> : ni trop doux, ni trop extr\u00eame. Les saisons sont bien marqu\u00e9es, avec une m\u00e9t\u00e9o souvent instable. C\u2019est le climat des grandes cultures agricoles.<\/p>\n\n\n\n<p><strong>Caract\u00e9ristiques :<\/strong><\/p>\n\n\n\n<ul class=\"wp-block-list\">\n<li>Printemps et automnes humides<\/li>\n\n\n\n<li>\u00c9t\u00e9s de plus en plus chauds<\/li>\n\n\n\n<li>Vents fr\u00e9quents (comme la bise ou l\u2019Autan)<\/li>\n<\/ul>\n\n\n\n<h3 class=\"wp-block-heading\">\ud83c\udf0d Et les Outre-mer ?<\/h3>\n\n\n\n<p>La France d\u2019outre-mer pr\u00e9sente encore d\u2019autres climats :<\/p>\n\n\n\n<ul class=\"wp-block-list\">\n<li><strong>Tropical<\/strong> (Guadeloupe, Martinique, Guyane, R\u00e9union)<\/li>\n\n\n\n<li><strong>\u00c9quatorial<\/strong> (Guyane)<\/li>\n\n\n\n<li><strong>Oc\u00e9anique chaud<\/strong> (Nouvelle-Cal\u00e9donie)<\/li>\n\n\n\n<li><strong>Subtropical<\/strong> (Polyn\u00e9sie fran\u00e7aise)<\/li>\n\n\n\n<li><strong>Polaire<\/strong> (Terres australes et antarctiques fran\u00e7aises)<\/li>\n<\/ul>\n\n\n\n<p>Chacun de ces climats fa\u00e7onne des modes de vie diff\u00e9rents et une biodiversit\u00e9 exceptionnelle.<\/p>\n\n\n\n<h3 class=\"wp-block-heading\">\ud83c\udf21\ufe0f Le changement climatique : un climat en mutation<\/h3>\n\n\n\n<p>Comme partout dans le monde, le climat en France \u00e9volue : <strong>hausse des temp\u00e9ratures<\/strong>, \u00e9pisodes de <strong>s\u00e9cheresse<\/strong> plus fr\u00e9quents, <strong>orages violents<\/strong>, <strong>incendies<\/strong>\u2026 Ces changements imposent des adaptations dans l\u2019agriculture, l\u2019urbanisme et le quotidien des Fran\u00e7ais.<\/p>\n\n\n\n<h3 class=\"wp-block-heading\">\u2705 Conclusion : Une richesse \u00e0 pr\u00e9server<\/h3>\n\n\n\n<p>La diversit\u00e9 des climats en France est une richesse naturelle et culturelle. Elle influence les traditions r\u00e9gionales, les paysages et les habitudes. La conna\u00eetre, c\u2019est mieux comprendre son environnement\u2026 et mieux le prot\u00e9ger face aux d\u00e9fis climatiques du XXIe si\u00e8cle.<\/p>\n\n\n\n<h2 class=\"wp-block-heading\">\ud83c\udf00 Conclusion : la temp\u00eate, une col\u00e8re atmosph\u00e9rique<\/h2>\n\n\n\n<p>La temp\u00eate n\u2019est pas un ph\u00e9nom\u00e8ne myst\u00e9rieux, mais le r\u00e9sultat d\u2019une m\u00e9canique naturelle impressionnante. Quand l\u2019atmosph\u00e8re tente de r\u00e9tablir un \u00e9quilibre rompu, elle peut se d\u00e9cha\u00eener. Apprendre \u00e0 comprendre les temp\u00eates, c\u2019est aussi apprendre \u00e0 mieux s\u2019y pr\u00e9parer.<\/p>\n","protected":false},"excerpt":{"rendered":"<p>Les Climats en France : Une Mosa\u00efque M\u00e9t\u00e9orologique Unique en Europe Si la France est connue pour sa<\/p>\n","protected":false},"author":1,"featured_media":256700,"comment_status":"open","ping_status":"open","sticky":false,"template":"","format":"standard","meta":{"rop_custom_images_group":[],"rop_custom_messages_group":[],"rop_publish_now":"initial","rop_publish_now_accounts":{"facebook_2944925605560295_361066357320011":"","twitter_792688215148855296_792688215148855296":""},"rop_publish_now_history":[],"rop_publish_now_status":"pending","footnotes":""},"categories":[6],"tags":[987,864],"class_list":["post-256482","post","type-post","status-publish","format-standard","has-post-thumbnail","hentry","category-environnement","tag-climat","tag-environnement"],"yoast_head":"<!-- This site is optimized with the Yoast SEO plugin v27.4 - https:\/\/yoast.com\/product\/yoast-seo-wordpress\/ -->\n<title>Les Climats en France : Une Mosa\u00efque M\u00e9t\u00e9orologique Unique en Europe - Optannu<\/title>\n<meta name=\"robots\" content=\"index, follow, max-snippet:-1, max-image-preview:large, max-video-preview:-1\" \/>\n<link rel=\"canonical\" href=\"https:\/\/www.jng-web.com\/ref-auto\/les-climats-en-france-une-mosaique-meteorologique-unique-en-europe\/\" \/>\n<meta property=\"og:locale\" content=\"fr_FR\" \/>\n<meta property=\"og:type\" content=\"article\" \/>\n<meta property=\"og:title\" content=\"Les Climats en France : Une Mosa\u00efque M\u00e9t\u00e9orologique Unique en Europe - Optannu\" \/>\n<meta property=\"og:description\" content=\"Les Climats en France : Une Mosa\u00efque M\u00e9t\u00e9orologique Unique en Europe Si la France est connue pour sa\" \/>\n<meta property=\"og:url\" content=\"https:\/\/www.jng-web.com\/ref-auto\/les-climats-en-france-une-mosaique-meteorologique-unique-en-europe\/\" \/>\n<meta property=\"og:site_name\" content=\"Optannu\" \/>\n<meta property=\"article:published_time\" content=\"2025-07-19T17:52:47+00:00\" \/>\n<meta property=\"og:image\" content=\"https:\/\/www.jng-web.com\/ref-auto\/wp-content\/uploads\/2025\/07\/climats-en-france.jpg\" \/>\n\t<meta property=\"og:image:width\" content=\"1024\" \/>\n\t<meta property=\"og:image:height\" content=\"1024\" \/>\n\t<meta property=\"og:image:type\" content=\"image\/jpeg\" \/>\n<meta name=\"author\" content=\"Jerome\" \/>\n<meta name=\"twitter:card\" content=\"summary_large_image\" \/>\n<meta name=\"twitter:label1\" content=\"\u00c9crit par\" \/>\n\t<meta name=\"twitter:data1\" content=\"Jerome\" \/>\n\t<meta name=\"twitter:label2\" content=\"Dur\u00e9e de lecture estim\u00e9e\" \/>\n\t<meta name=\"twitter:data2\" content=\"4 minutes\" \/>\n<script type=\"application\/ld+json\" class=\"yoast-schema-graph\">{\"@context\":\"https:\\\/\\\/schema.org\",\"@graph\":[{\"@type\":\"Article\",\"@id\":\"https:\\\/\\\/www.jng-web.com\\\/ref-auto\\\/les-climats-en-france-une-mosaique-meteorologique-unique-en-europe\\\/#article\",\"isPartOf\":{\"@id\":\"https:\\\/\\\/www.jng-web.com\\\/ref-auto\\\/les-climats-en-france-une-mosaique-meteorologique-unique-en-europe\\\/\"},\"author\":{\"name\":\"Jerome\",\"@id\":\"https:\\\/\\\/www.jng-web.com\\\/ref-auto\\\/#\\\/schema\\\/person\\\/9b9c81cd6753b27cc78a7072ecb82d8e\"},\"headline\":\"Les Climats en France : Une Mosa\u00efque M\u00e9t\u00e9orologique Unique en Europe\",\"datePublished\":\"2025-07-19T17:52:47+00:00\",\"mainEntityOfPage\":{\"@id\":\"https:\\\/\\\/www.jng-web.com\\\/ref-auto\\\/les-climats-en-france-une-mosaique-meteorologique-unique-en-europe\\\/\"},\"wordCount\":768,\"commentCount\":0,\"image\":{\"@id\":\"https:\\\/\\\/www.jng-web.com\\\/ref-auto\\\/les-climats-en-france-une-mosaique-meteorologique-unique-en-europe\\\/#primaryimage\"},\"thumbnailUrl\":\"https:\\\/\\\/www.jng-web.com\\\/ref-auto\\\/wp-content\\\/uploads\\\/2025\\\/07\\\/climats-en-france.jpg\",\"keywords\":[\"climat\",\"environnement\"],\"articleSection\":[\"Environnement\"],\"inLanguage\":\"fr-FR\",\"potentialAction\":[{\"@type\":\"CommentAction\",\"name\":\"Comment\",\"target\":[\"https:\\\/\\\/www.jng-web.com\\\/ref-auto\\\/les-climats-en-france-une-mosaique-meteorologique-unique-en-europe\\\/#respond\"]}]},{\"@type\":\"WebPage\",\"@id\":\"https:\\\/\\\/www.jng-web.com\\\/ref-auto\\\/les-climats-en-france-une-mosaique-meteorologique-unique-en-europe\\\/\",\"url\":\"https:\\\/\\\/www.jng-web.com\\\/ref-auto\\\/les-climats-en-france-une-mosaique-meteorologique-unique-en-europe\\\/\",\"name\":\"Les Climats en France : Une Mosa\u00efque M\u00e9t\u00e9orologique Unique en Europe - Optannu\",\"isPartOf\":{\"@id\":\"https:\\\/\\\/www.jng-web.com\\\/ref-auto\\\/#website\"},\"primaryImageOfPage\":{\"@id\":\"https:\\\/\\\/www.jng-web.com\\\/ref-auto\\\/les-climats-en-france-une-mosaique-meteorologique-unique-en-europe\\\/#primaryimage\"},\"image\":{\"@id\":\"https:\\\/\\\/www.jng-web.com\\\/ref-auto\\\/les-climats-en-france-une-mosaique-meteorologique-unique-en-europe\\\/#primaryimage\"},\"thumbnailUrl\":\"https:\\\/\\\/www.jng-web.com\\\/ref-auto\\\/wp-content\\\/uploads\\\/2025\\\/07\\\/climats-en-france.jpg\",\"datePublished\":\"2025-07-19T17:52:47+00:00\",\"author\":{\"@id\":\"https:\\\/\\\/www.jng-web.com\\\/ref-auto\\\/#\\\/schema\\\/person\\\/9b9c81cd6753b27cc78a7072ecb82d8e\"},\"breadcrumb\":{\"@id\":\"https:\\\/\\\/www.jng-web.com\\\/ref-auto\\\/les-climats-en-france-une-mosaique-meteorologique-unique-en-europe\\\/#breadcrumb\"},\"inLanguage\":\"fr-FR\",\"potentialAction\":[{\"@type\":\"ReadAction\",\"target\":[\"https:\\\/\\\/www.jng-web.com\\\/ref-auto\\\/les-climats-en-france-une-mosaique-meteorologique-unique-en-europe\\\/\"]}]},{\"@type\":\"ImageObject\",\"inLanguage\":\"fr-FR\",\"@id\":\"https:\\\/\\\/www.jng-web.com\\\/ref-auto\\\/les-climats-en-france-une-mosaique-meteorologique-unique-en-europe\\\/#primaryimage\",\"url\":\"https:\\\/\\\/www.jng-web.com\\\/ref-auto\\\/wp-content\\\/uploads\\\/2025\\\/07\\\/climats-en-france.jpg\",\"contentUrl\":\"https:\\\/\\\/www.jng-web.com\\\/ref-auto\\\/wp-content\\\/uploads\\\/2025\\\/07\\\/climats-en-france.jpg\",\"width\":1024,\"height\":1024},{\"@type\":\"BreadcrumbList\",\"@id\":\"https:\\\/\\\/www.jng-web.com\\\/ref-auto\\\/les-climats-en-france-une-mosaique-meteorologique-unique-en-europe\\\/#breadcrumb\",\"itemListElement\":[{\"@type\":\"ListItem\",\"position\":1,\"name\":\"Annuaire g\u00e9n\u00e9raliste gratuit\",\"item\":\"https:\\\/\\\/www.jng-web.com\\\/ref-auto\\\/\"},{\"@type\":\"ListItem\",\"position\":2,\"name\":\"Environnement\",\"item\":\"https:\\\/\\\/www.jng-web.com\\\/ref-auto\\\/category\\\/environnement\\\/\"},{\"@type\":\"ListItem\",\"position\":3,\"name\":\"Les Climats en France : Une Mosa\u00efque M\u00e9t\u00e9orologique Unique en Europe\"}]},{\"@type\":\"WebSite\",\"@id\":\"https:\\\/\\\/www.jng-web.com\\\/ref-auto\\\/#website\",\"url\":\"https:\\\/\\\/www.jng-web.com\\\/ref-auto\\\/\",\"name\":\"Optannu\",\"description\":\"Guest Blogging : Publier gratuitement vos articles et booster votre r\u00e9f\u00e9rencement !\",\"potentialAction\":[{\"@type\":\"SearchAction\",\"target\":{\"@type\":\"EntryPoint\",\"urlTemplate\":\"https:\\\/\\\/www.jng-web.com\\\/ref-auto\\\/?s={search_term_string}\"},\"query-input\":{\"@type\":\"PropertyValueSpecification\",\"valueRequired\":true,\"valueName\":\"search_term_string\"}}],\"inLanguage\":\"fr-FR\"},{\"@type\":\"Person\",\"@id\":\"https:\\\/\\\/www.jng-web.com\\\/ref-auto\\\/#\\\/schema\\\/person\\\/9b9c81cd6753b27cc78a7072ecb82d8e\",\"name\":\"Jerome\",\"image\":{\"@type\":\"ImageObject\",\"inLanguage\":\"fr-FR\",\"@id\":\"https:\\\/\\\/secure.gravatar.com\\\/avatar\\\/67845112d35b1cf1f1f3c11875432a8ccaa7ba6187cf0b3e820c9fbc6cb40fc6?s=96&d=mm&r=g\",\"url\":\"https:\\\/\\\/secure.gravatar.com\\\/avatar\\\/67845112d35b1cf1f1f3c11875432a8ccaa7ba6187cf0b3e820c9fbc6cb40fc6?s=96&d=mm&r=g\",\"contentUrl\":\"https:\\\/\\\/secure.gravatar.com\\\/avatar\\\/67845112d35b1cf1f1f3c11875432a8ccaa7ba6187cf0b3e820c9fbc6cb40fc6?s=96&d=mm&r=g\",\"caption\":\"Jerome\"},\"sameAs\":[\"https:\\\/\\\/www.jng-web.com\\\/ref-auto\"],\"url\":\"https:\\\/\\\/www.jng-web.com\\\/ref-auto\"}]}<\/script>\n<!-- \/ Yoast SEO plugin. -->","yoast_head_json":{"title":"Les Climats en France : Une Mosa\u00efque M\u00e9t\u00e9orologique Unique en Europe - Optannu","robots":{"index":"index","follow":"follow","max-snippet":"max-snippet:-1","max-image-preview":"max-image-preview:large","max-video-preview":"max-video-preview:-1"},"canonical":"https:\/\/www.jng-web.com\/ref-auto\/les-climats-en-france-une-mosaique-meteorologique-unique-en-europe\/","og_locale":"fr_FR","og_type":"article","og_title":"Les Climats en France : Une Mosa\u00efque M\u00e9t\u00e9orologique Unique en Europe - Optannu","og_description":"Les Climats en France : Une Mosa\u00efque M\u00e9t\u00e9orologique Unique en Europe Si la France est connue pour sa","og_url":"https:\/\/www.jng-web.com\/ref-auto\/les-climats-en-france-une-mosaique-meteorologique-unique-en-europe\/","og_site_name":"Optannu","article_published_time":"2025-07-19T17:52:47+00:00","og_image":[{"width":1024,"height":1024,"url":"https:\/\/www.jng-web.com\/ref-auto\/wp-content\/uploads\/2025\/07\/climats-en-france.jpg","type":"image\/jpeg"}],"author":"Jerome","twitter_card":"summary_large_image","twitter_misc":{"\u00c9crit par":"Jerome","Dur\u00e9e de lecture estim\u00e9e":"4 minutes"},"schema":{"@context":"https:\/\/schema.org","@graph":[{"@type":"Article","@id":"https:\/\/www.jng-web.com\/ref-auto\/les-climats-en-france-une-mosaique-meteorologique-unique-en-europe\/#article","isPartOf":{"@id":"https:\/\/www.jng-web.com\/ref-auto\/les-climats-en-france-une-mosaique-meteorologique-unique-en-europe\/"},"author":{"name":"Jerome","@id":"https:\/\/www.jng-web.com\/ref-auto\/#\/schema\/person\/9b9c81cd6753b27cc78a7072ecb82d8e"},"headline":"Les Climats en France : Une Mosa\u00efque M\u00e9t\u00e9orologique Unique en Europe","datePublished":"2025-07-19T17:52:47+00:00","mainEntityOfPage":{"@id":"https:\/\/www.jng-web.com\/ref-auto\/les-climats-en-france-une-mosaique-meteorologique-unique-en-europe\/"},"wordCount":768,"commentCount":0,"image":{"@id":"https:\/\/www.jng-web.com\/ref-auto\/les-climats-en-france-une-mosaique-meteorologique-unique-en-europe\/#primaryimage"},"thumbnailUrl":"https:\/\/www.jng-web.com\/ref-auto\/wp-content\/uploads\/2025\/07\/climats-en-france.jpg","keywords":["climat","environnement"],"articleSection":["Environnement"],"inLanguage":"fr-FR","potentialAction":[{"@type":"CommentAction","name":"Comment","target":["https:\/\/www.jng-web.com\/ref-auto\/les-climats-en-france-une-mosaique-meteorologique-unique-en-europe\/#respond"]}]},{"@type":"WebPage","@id":"https:\/\/www.jng-web.com\/ref-auto\/les-climats-en-france-une-mosaique-meteorologique-unique-en-europe\/","url":"https:\/\/www.jng-web.com\/ref-auto\/les-climats-en-france-une-mosaique-meteorologique-unique-en-europe\/","name":"Les Climats en France : Une Mosa\u00efque M\u00e9t\u00e9orologique Unique en Europe - Optannu","isPartOf":{"@id":"https:\/\/www.jng-web.com\/ref-auto\/#website"},"primaryImageOfPage":{"@id":"https:\/\/www.jng-web.com\/ref-auto\/les-climats-en-france-une-mosaique-meteorologique-unique-en-europe\/#primaryimage"},"image":{"@id":"https:\/\/www.jng-web.com\/ref-auto\/les-climats-en-france-une-mosaique-meteorologique-unique-en-europe\/#primaryimage"},"thumbnailUrl":"https:\/\/www.jng-web.com\/ref-auto\/wp-content\/uploads\/2025\/07\/climats-en-france.jpg","datePublished":"2025-07-19T17:52:47+00:00","author":{"@id":"https:\/\/www.jng-web.com\/ref-auto\/#\/schema\/person\/9b9c81cd6753b27cc78a7072ecb82d8e"},"breadcrumb":{"@id":"https:\/\/www.jng-web.com\/ref-auto\/les-climats-en-france-une-mosaique-meteorologique-unique-en-europe\/#breadcrumb"},"inLanguage":"fr-FR","potentialAction":[{"@type":"ReadAction","target":["https:\/\/www.jng-web.com\/ref-auto\/les-climats-en-france-une-mosaique-meteorologique-unique-en-europe\/"]}]},{"@type":"ImageObject","inLanguage":"fr-FR","@id":"https:\/\/www.jng-web.com\/ref-auto\/les-climats-en-france-une-mosaique-meteorologique-unique-en-europe\/#primaryimage","url":"https:\/\/www.jng-web.com\/ref-auto\/wp-content\/uploads\/2025\/07\/climats-en-france.jpg","contentUrl":"https:\/\/www.jng-web.com\/ref-auto\/wp-content\/uploads\/2025\/07\/climats-en-france.jpg","width":1024,"height":1024},{"@type":"BreadcrumbList","@id":"https:\/\/www.jng-web.com\/ref-auto\/les-climats-en-france-une-mosaique-meteorologique-unique-en-europe\/#breadcrumb","itemListElement":[{"@type":"ListItem","position":1,"name":"Annuaire g\u00e9n\u00e9raliste gratuit","item":"https:\/\/www.jng-web.com\/ref-auto\/"},{"@type":"ListItem","position":2,"name":"Environnement","item":"https:\/\/www.jng-web.com\/ref-auto\/category\/environnement\/"},{"@type":"ListItem","position":3,"name":"Les Climats en France : Une Mosa\u00efque M\u00e9t\u00e9orologique Unique en Europe"}]},{"@type":"WebSite","@id":"https:\/\/www.jng-web.com\/ref-auto\/#website","url":"https:\/\/www.jng-web.com\/ref-auto\/","name":"Optannu","description":"Guest Blogging : Publier gratuitement vos articles et booster votre r\u00e9f\u00e9rencement !","potentialAction":[{"@type":"SearchAction","target":{"@type":"EntryPoint","urlTemplate":"https:\/\/www.jng-web.com\/ref-auto\/?s={search_term_string}"},"query-input":{"@type":"PropertyValueSpecification","valueRequired":true,"valueName":"search_term_string"}}],"inLanguage":"fr-FR"},{"@type":"Person","@id":"https:\/\/www.jng-web.com\/ref-auto\/#\/schema\/person\/9b9c81cd6753b27cc78a7072ecb82d8e","name":"Jerome","image":{"@type":"ImageObject","inLanguage":"fr-FR","@id":"https:\/\/secure.gravatar.com\/avatar\/67845112d35b1cf1f1f3c11875432a8ccaa7ba6187cf0b3e820c9fbc6cb40fc6?s=96&d=mm&r=g","url":"https:\/\/secure.gravatar.com\/avatar\/67845112d35b1cf1f1f3c11875432a8ccaa7ba6187cf0b3e820c9fbc6cb40fc6?s=96&d=mm&r=g","contentUrl":"https:\/\/secure.gravatar.com\/avatar\/67845112d35b1cf1f1f3c11875432a8ccaa7ba6187cf0b3e820c9fbc6cb40fc6?s=96&d=mm&r=g","caption":"Jerome"},"sameAs":["https:\/\/www.jng-web.com\/ref-auto"],"url":"https:\/\/www.jng-web.com\/ref-auto"}]}},"views":349,"_links":{"self":[{"href":"https:\/\/www.jng-web.com\/ref-auto\/wp-json\/wp\/v2\/posts\/256482","targetHints":{"allow":["GET"]}}],"collection":[{"href":"https:\/\/www.jng-web.com\/ref-auto\/wp-json\/wp\/v2\/posts"}],"about":[{"href":"https:\/\/www.jng-web.com\/ref-auto\/wp-json\/wp\/v2\/types\/post"}],"author":[{"embeddable":true,"href":"https:\/\/www.jng-web.com\/ref-auto\/wp-json\/wp\/v2\/users\/1"}],"replies":[{"embeddable":true,"href":"https:\/\/www.jng-web.com\/ref-auto\/wp-json\/wp\/v2\/comments?post=256482"}],"version-history":[{"count":2,"href":"https:\/\/www.jng-web.com\/ref-auto\/wp-json\/wp\/v2\/posts\/256482\/revisions"}],"predecessor-version":[{"id":256693,"href":"https:\/\/www.jng-web.com\/ref-auto\/wp-json\/wp\/v2\/posts\/256482\/revisions\/256693"}],"wp:featuredmedia":[{"embeddable":true,"href":"https:\/\/www.jng-web.com\/ref-auto\/wp-json\/wp\/v2\/media\/256700"}],"wp:attachment":[{"href":"https:\/\/www.jng-web.com\/ref-auto\/wp-json\/wp\/v2\/media?parent=256482"}],"wp:term":[{"taxonomy":"category","embeddable":true,"href":"https:\/\/www.jng-web.com\/ref-auto\/wp-json\/wp\/v2\/categories?post=256482"},{"taxonomy":"post_tag","embeddable":true,"href":"https:\/\/www.jng-web.com\/ref-auto\/wp-json\/wp\/v2\/tags?post=256482"}],"curies":[{"name":"wp","href":"https:\/\/api.w.org\/{rel}","templated":true}]}}