{"id":256669,"date":"2025-07-23T20:06:59","date_gmt":"2025-07-23T18:06:59","guid":{"rendered":"https:\/\/www.jng-web.com\/ref-auto\/?p=256669"},"modified":"2025-05-04T20:10:04","modified_gmt":"2025-05-04T18:10:04","slug":"%f0%9f%8c%aa%ef%b8%8f-la-naissance-des-tempetes-quand-le-ciel-perd-le-controle","status":"publish","type":"post","link":"https:\/\/www.jng-web.com\/ref-auto\/%f0%9f%8c%aa%ef%b8%8f-la-naissance-des-tempetes-quand-le-ciel-perd-le-controle\/","title":{"rendered":"\ud83c\udf2a\ufe0f La Naissance des Temp\u00eates : Quand le Ciel Perd le Contr\u00f4le"},"content":{"rendered":"<div id=\"6729917897\" class=\"advads-pub advads-entity-placement\"><script async src=\"https:\/\/pagead2.googlesyndication.com\/pagead\/js\/adsbygoogle.js?client=ca-pub-4944504088214075\"\r\n     crossorigin=\"anonymous\"><\/script><\/div>\n<p>Les temp\u00eates impressionnent autant qu\u2019elles inqui\u00e8tent. Rafales de vent, pluies diluviennes, gr\u00eale, tonnerre\u2026 elles d\u00e9cha\u00eenent les \u00e9l\u00e9ments en quelques heures. Mais comment se forment-elles ? Que se passe-t-il dans le ciel pour que la m\u00e9t\u00e9o bascule soudainement ? Plongeons dans les coulisses de la naissance des temp\u00eates.<\/p>\n\n\n\n<h2 class=\"wp-block-heading\">\ud83c\udf21\ufe0f Tout commence par des contrastes<\/h2>\n\n\n\n<p>Au c\u0153ur de toute temp\u00eate se trouve un <strong>d\u00e9s\u00e9quilibre atmosph\u00e9rique<\/strong>, une tension entre des masses d\u2019air de <strong>temp\u00e9ratures<\/strong> et de <strong>pressions diff\u00e9rentes<\/strong>.<\/p>\n\n\n\n<p>Prenons un exemple typique :<\/p>\n\n\n\n<ul class=\"wp-block-list\">\n<li>D\u2019un c\u00f4t\u00e9, une masse d\u2019air <strong>chaud et humide<\/strong> (souvent venue des tropiques ou d\u2019une mer chaude),<\/li>\n\n\n\n<li>De l\u2019autre, une masse d\u2019air <strong>froid et sec<\/strong> (descendant du nord ou d\u2019une montagne).<\/li>\n<\/ul>\n\n\n\n<p>Lorsque ces deux masses se rencontrent, c\u2019est un peu comme si l\u2019atmosph\u00e8re entrait en conflit : l\u2019air chaud, plus l\u00e9ger, cherche \u00e0 monter ; l\u2019air froid, plus lourd, pousse vers le bas. Ce <strong>choc thermique<\/strong> d\u00e9clenche de puissants mouvements verticaux.<\/p>\n\n\n\n<h2 class=\"wp-block-heading\">\u2601\ufe0f La machine se met en route : instabilit\u00e9 et ascension<\/h2>\n\n\n\n<p>L\u2019air chaud s\u2019\u00e9l\u00e8ve rapidement dans l\u2019atmosph\u00e8re. En montant, il se <strong>refroidit<\/strong>, et l\u2019humidit\u00e9 qu\u2019il transporte se condense : cela forme de <strong>gros nuages cumulonimbus<\/strong>, v\u00e9ritables usines \u00e0 orages.<\/p>\n\n\n\n<p>Ce ph\u00e9nom\u00e8ne lib\u00e8re de la <strong>chaleur latente<\/strong>, qui alimente encore la mont\u00e9e d\u2019air. C\u2019est une boucle auto-entretenue. Si les vents en altitude s\u2019ajoutent au d\u00e9s\u00e9quilibre, le syst\u00e8me s\u2019organise : une <strong>temp\u00eate<\/strong> est en train de na\u00eetre.<\/p>\n\n\n\n<h2 class=\"wp-block-heading\">\ud83c\udf2c\ufe0f Et le vent dans tout \u00e7a ?<\/h2>\n\n\n\n<p>Les temp\u00eates s\u2019accompagnent souvent de <strong>vents violents<\/strong>, car l\u2019air cherche \u00e0 \u00e9quilibrer les diff\u00e9rences de pression. Plus le contraste est fort, plus les vents sont rapides. C\u2019est le principe du <strong>gradient de pression<\/strong> : l\u2019air se d\u00e9place des zones de haute pression vers les basses pressions.<\/p>\n\n\n\n<p>Dans les cas extr\u00eames, ces vents deviennent destructeurs, soufflant \u00e0 plus de 100 km\/h.<\/p>\n\n\n\n<h2 class=\"wp-block-heading\">\u26a1 Orage, gr\u00eale, tornade : les formes de temp\u00eates<\/h2>\n\n\n\n<p>Le mot &#8220;temp\u00eate&#8221; est un terme g\u00e9n\u00e9rique, mais ses manifestations sont vari\u00e9es :<\/p>\n\n\n\n<ul class=\"wp-block-list\">\n<li><strong>Orages violents<\/strong> : \u00e9clairs, tonnerre, rafales<\/li>\n\n\n\n<li><strong>Temp\u00eates de vent<\/strong> : bourrasques g\u00e9n\u00e9ralis\u00e9es, parfois sur plusieurs r\u00e9gions<\/li>\n\n\n\n<li><strong>Temp\u00eates de pluie<\/strong> : fortes pr\u00e9cipitations pouvant provoquer des inondations<\/li>\n\n\n\n<li><strong>Temp\u00eates de neige<\/strong> : neige + vent = blizzard<\/li>\n\n\n\n<li><strong>Tornades<\/strong> : colonnes d\u2019air en rotation intense, tr\u00e8s localis\u00e9es mais tr\u00e8s destructrices<\/li>\n<\/ul>\n\n\n\n<h2 class=\"wp-block-heading\">\ud83c\udf0d O\u00f9 naissent-elles ?<\/h2>\n\n\n\n<p>En France, les temp\u00eates les plus fr\u00e9quentes viennent :<\/p>\n\n\n\n<ul class=\"wp-block-list\">\n<li><strong>De l\u2019Atlantique<\/strong>, souvent en automne et hiver (ex : temp\u00eate Xynthia en 2010)<\/li>\n\n\n\n<li><strong>Du sud<\/strong>, avec les \u00e9pisodes c\u00e9venols (pluies intenses en M\u00e9diterran\u00e9e)<\/li>\n\n\n\n<li><strong>En \u00e9t\u00e9<\/strong>, sous forme d\u2019orages explosifs (dus \u00e0 l\u2019accumulation de chaleur)<\/li>\n<\/ul>\n\n\n\n<p>\u00c0 l\u2019\u00e9chelle mondiale, les zones tropicales sont les berceaux des <strong>cyclones<\/strong>, <strong>ouragans<\/strong> et <strong>typhons<\/strong> : de puissantes temp\u00eates n\u00e9es au-dessus d\u2019eaux tr\u00e8s chaudes.<\/p>\n\n\n\n<h2 class=\"wp-block-heading\">\ud83e\udde0 \u00c0 retenir : les 3 ingr\u00e9dients d\u2019une temp\u00eate<\/h2>\n\n\n\n<p>Pour qu\u2019une temp\u00eate voie le jour, il faut :<\/p>\n\n\n\n<ol class=\"wp-block-list\">\n<li><strong>De l\u2019air chaud et humide<\/strong> pour alimenter l\u2019instabilit\u00e9<\/li>\n\n\n\n<li><strong>Un contraste thermique<\/strong> avec de l\u2019air plus froid<\/li>\n\n\n\n<li><strong>Des vents en altitude<\/strong> pour organiser le syst\u00e8me<\/li>\n<\/ol>\n\n\n\n<h2 class=\"wp-block-heading\">\ud83c\udf31 Et demain ? Temp\u00eates et changement climatique<\/h2>\n\n\n\n<p>Avec le r\u00e9chauffement climatique, les temp\u00e9ratures augmentent, les oc\u00e9ans se r\u00e9chauffent, et l\u2019atmosph\u00e8re contient plus d\u2019humidit\u00e9. Ces conditions rendent les temp\u00eates <strong>plus fr\u00e9quentes<\/strong> et <strong>plus intenses<\/strong>, m\u00eame dans des zones autrefois \u00e9pargn\u00e9es.<\/p>\n","protected":false},"excerpt":{"rendered":"<p>Les temp\u00eates impressionnent autant qu\u2019elles inqui\u00e8tent. Rafales de vent, pluies diluviennes, gr\u00eale, tonnerre\u2026 elles d\u00e9cha\u00eenent les \u00e9l\u00e9ments en<\/p>\n","protected":false},"author":1,"featured_media":256674,"comment_status":"open","ping_status":"open","sticky":false,"template":"","format":"standard","meta":{"rop_custom_images_group":[],"rop_custom_messages_group":[],"rop_publish_now":"initial","rop_publish_now_accounts":{"facebook_2944925605560295_361066357320011":"","twitter_792688215148855296_792688215148855296":""},"rop_publish_now_history":[],"rop_publish_now_status":"pending","footnotes":""},"categories":[6],"tags":[987,864,988],"class_list":["post-256669","post","type-post","status-publish","format-standard","has-post-thumbnail","hentry","category-environnement","tag-climat","tag-environnement","tag-evenement-climatique"],"yoast_head":"<!-- This site is optimized with the Yoast SEO plugin v27.4 - https:\/\/yoast.com\/product\/yoast-seo-wordpress\/ -->\n<title>\ud83c\udf2a\ufe0f La Naissance des Temp\u00eates : Quand le Ciel Perd le Contr\u00f4le - Optannu<\/title>\n<meta name=\"robots\" content=\"index, follow, max-snippet:-1, max-image-preview:large, max-video-preview:-1\" \/>\n<link rel=\"canonical\" href=\"https:\/\/www.jng-web.com\/ref-auto\/\ud83c\udf2a\ufe0f-la-naissance-des-tempetes-quand-le-ciel-perd-le-controle\/\" \/>\n<meta property=\"og:locale\" content=\"fr_FR\" \/>\n<meta property=\"og:type\" content=\"article\" \/>\n<meta property=\"og:title\" content=\"\ud83c\udf2a\ufe0f La Naissance des Temp\u00eates : Quand le Ciel Perd le Contr\u00f4le - Optannu\" \/>\n<meta property=\"og:description\" content=\"Les temp\u00eates impressionnent autant qu\u2019elles inqui\u00e8tent. Rafales de vent, pluies diluviennes, gr\u00eale, tonnerre\u2026 elles d\u00e9cha\u00eenent les \u00e9l\u00e9ments en\" \/>\n<meta property=\"og:url\" content=\"https:\/\/www.jng-web.com\/ref-auto\/\ud83c\udf2a\ufe0f-la-naissance-des-tempetes-quand-le-ciel-perd-le-controle\/\" \/>\n<meta property=\"og:site_name\" content=\"Optannu\" \/>\n<meta property=\"article:published_time\" content=\"2025-07-23T18:06:59+00:00\" \/>\n<meta property=\"og:image\" content=\"https:\/\/www.jng-web.com\/ref-auto\/wp-content\/uploads\/2025\/07\/dieng-plateau-sunrise-view-in-indonesia-picjumbo-com-scaled.jpg\" \/>\n\t<meta property=\"og:image:width\" content=\"2048\" \/>\n\t<meta property=\"og:image:height\" content=\"2560\" \/>\n\t<meta property=\"og:image:type\" content=\"image\/jpeg\" \/>\n<meta name=\"author\" content=\"Jerome\" \/>\n<meta name=\"twitter:card\" content=\"summary_large_image\" \/>\n<meta name=\"twitter:label1\" content=\"\u00c9crit par\" \/>\n\t<meta name=\"twitter:data1\" content=\"Jerome\" \/>\n\t<meta name=\"twitter:label2\" content=\"Dur\u00e9e de lecture estim\u00e9e\" \/>\n\t<meta name=\"twitter:data2\" content=\"3 minutes\" \/>\n<script type=\"application\/ld+json\" class=\"yoast-schema-graph\">{\"@context\":\"https:\\\/\\\/schema.org\",\"@graph\":[{\"@type\":\"Article\",\"@id\":\"https:\\\/\\\/www.jng-web.com\\\/ref-auto\\\/%f0%9f%8c%aa%ef%b8%8f-la-naissance-des-tempetes-quand-le-ciel-perd-le-controle\\\/#article\",\"isPartOf\":{\"@id\":\"https:\\\/\\\/www.jng-web.com\\\/ref-auto\\\/%f0%9f%8c%aa%ef%b8%8f-la-naissance-des-tempetes-quand-le-ciel-perd-le-controle\\\/\"},\"author\":{\"name\":\"Jerome\",\"@id\":\"https:\\\/\\\/www.jng-web.com\\\/ref-auto\\\/#\\\/schema\\\/person\\\/9b9c81cd6753b27cc78a7072ecb82d8e\"},\"headline\":\"\ud83c\udf2a\ufe0f La Naissance des Temp\u00eates : Quand le Ciel Perd le Contr\u00f4le\",\"datePublished\":\"2025-07-23T18:06:59+00:00\",\"mainEntityOfPage\":{\"@id\":\"https:\\\/\\\/www.jng-web.com\\\/ref-auto\\\/%f0%9f%8c%aa%ef%b8%8f-la-naissance-des-tempetes-quand-le-ciel-perd-le-controle\\\/\"},\"wordCount\":598,\"commentCount\":0,\"image\":{\"@id\":\"https:\\\/\\\/www.jng-web.com\\\/ref-auto\\\/%f0%9f%8c%aa%ef%b8%8f-la-naissance-des-tempetes-quand-le-ciel-perd-le-controle\\\/#primaryimage\"},\"thumbnailUrl\":\"https:\\\/\\\/www.jng-web.com\\\/ref-auto\\\/wp-content\\\/uploads\\\/2025\\\/07\\\/dieng-plateau-sunrise-view-in-indonesia-picjumbo-com-scaled.jpg\",\"keywords\":[\"climat\",\"environnement\",\"\u00e9v\u00e8nement climatique\"],\"articleSection\":[\"Environnement\"],\"inLanguage\":\"fr-FR\",\"potentialAction\":[{\"@type\":\"CommentAction\",\"name\":\"Comment\",\"target\":[\"https:\\\/\\\/www.jng-web.com\\\/ref-auto\\\/%f0%9f%8c%aa%ef%b8%8f-la-naissance-des-tempetes-quand-le-ciel-perd-le-controle\\\/#respond\"]}]},{\"@type\":\"WebPage\",\"@id\":\"https:\\\/\\\/www.jng-web.com\\\/ref-auto\\\/%f0%9f%8c%aa%ef%b8%8f-la-naissance-des-tempetes-quand-le-ciel-perd-le-controle\\\/\",\"url\":\"https:\\\/\\\/www.jng-web.com\\\/ref-auto\\\/%f0%9f%8c%aa%ef%b8%8f-la-naissance-des-tempetes-quand-le-ciel-perd-le-controle\\\/\",\"name\":\"\ud83c\udf2a\ufe0f La Naissance des Temp\u00eates : Quand le Ciel Perd le Contr\u00f4le - Optannu\",\"isPartOf\":{\"@id\":\"https:\\\/\\\/www.jng-web.com\\\/ref-auto\\\/#website\"},\"primaryImageOfPage\":{\"@id\":\"https:\\\/\\\/www.jng-web.com\\\/ref-auto\\\/%f0%9f%8c%aa%ef%b8%8f-la-naissance-des-tempetes-quand-le-ciel-perd-le-controle\\\/#primaryimage\"},\"image\":{\"@id\":\"https:\\\/\\\/www.jng-web.com\\\/ref-auto\\\/%f0%9f%8c%aa%ef%b8%8f-la-naissance-des-tempetes-quand-le-ciel-perd-le-controle\\\/#primaryimage\"},\"thumbnailUrl\":\"https:\\\/\\\/www.jng-web.com\\\/ref-auto\\\/wp-content\\\/uploads\\\/2025\\\/07\\\/dieng-plateau-sunrise-view-in-indonesia-picjumbo-com-scaled.jpg\",\"datePublished\":\"2025-07-23T18:06:59+00:00\",\"author\":{\"@id\":\"https:\\\/\\\/www.jng-web.com\\\/ref-auto\\\/#\\\/schema\\\/person\\\/9b9c81cd6753b27cc78a7072ecb82d8e\"},\"breadcrumb\":{\"@id\":\"https:\\\/\\\/www.jng-web.com\\\/ref-auto\\\/%f0%9f%8c%aa%ef%b8%8f-la-naissance-des-tempetes-quand-le-ciel-perd-le-controle\\\/#breadcrumb\"},\"inLanguage\":\"fr-FR\",\"potentialAction\":[{\"@type\":\"ReadAction\",\"target\":[\"https:\\\/\\\/www.jng-web.com\\\/ref-auto\\\/%f0%9f%8c%aa%ef%b8%8f-la-naissance-des-tempetes-quand-le-ciel-perd-le-controle\\\/\"]}]},{\"@type\":\"ImageObject\",\"inLanguage\":\"fr-FR\",\"@id\":\"https:\\\/\\\/www.jng-web.com\\\/ref-auto\\\/%f0%9f%8c%aa%ef%b8%8f-la-naissance-des-tempetes-quand-le-ciel-perd-le-controle\\\/#primaryimage\",\"url\":\"https:\\\/\\\/www.jng-web.com\\\/ref-auto\\\/wp-content\\\/uploads\\\/2025\\\/07\\\/dieng-plateau-sunrise-view-in-indonesia-picjumbo-com-scaled.jpg\",\"contentUrl\":\"https:\\\/\\\/www.jng-web.com\\\/ref-auto\\\/wp-content\\\/uploads\\\/2025\\\/07\\\/dieng-plateau-sunrise-view-in-indonesia-picjumbo-com-scaled.jpg\",\"width\":2048,\"height\":2560},{\"@type\":\"BreadcrumbList\",\"@id\":\"https:\\\/\\\/www.jng-web.com\\\/ref-auto\\\/%f0%9f%8c%aa%ef%b8%8f-la-naissance-des-tempetes-quand-le-ciel-perd-le-controle\\\/#breadcrumb\",\"itemListElement\":[{\"@type\":\"ListItem\",\"position\":1,\"name\":\"Annuaire g\u00e9n\u00e9raliste gratuit\",\"item\":\"https:\\\/\\\/www.jng-web.com\\\/ref-auto\\\/\"},{\"@type\":\"ListItem\",\"position\":2,\"name\":\"Environnement\",\"item\":\"https:\\\/\\\/www.jng-web.com\\\/ref-auto\\\/category\\\/environnement\\\/\"},{\"@type\":\"ListItem\",\"position\":3,\"name\":\"\ud83c\udf2a\ufe0f La Naissance des Temp\u00eates : Quand le Ciel Perd le Contr\u00f4le\"}]},{\"@type\":\"WebSite\",\"@id\":\"https:\\\/\\\/www.jng-web.com\\\/ref-auto\\\/#website\",\"url\":\"https:\\\/\\\/www.jng-web.com\\\/ref-auto\\\/\",\"name\":\"Optannu\",\"description\":\"Guest Blogging : Publier gratuitement vos articles et booster votre r\u00e9f\u00e9rencement !\",\"potentialAction\":[{\"@type\":\"SearchAction\",\"target\":{\"@type\":\"EntryPoint\",\"urlTemplate\":\"https:\\\/\\\/www.jng-web.com\\\/ref-auto\\\/?s={search_term_string}\"},\"query-input\":{\"@type\":\"PropertyValueSpecification\",\"valueRequired\":true,\"valueName\":\"search_term_string\"}}],\"inLanguage\":\"fr-FR\"},{\"@type\":\"Person\",\"@id\":\"https:\\\/\\\/www.jng-web.com\\\/ref-auto\\\/#\\\/schema\\\/person\\\/9b9c81cd6753b27cc78a7072ecb82d8e\",\"name\":\"Jerome\",\"image\":{\"@type\":\"ImageObject\",\"inLanguage\":\"fr-FR\",\"@id\":\"https:\\\/\\\/secure.gravatar.com\\\/avatar\\\/67845112d35b1cf1f1f3c11875432a8ccaa7ba6187cf0b3e820c9fbc6cb40fc6?s=96&d=mm&r=g\",\"url\":\"https:\\\/\\\/secure.gravatar.com\\\/avatar\\\/67845112d35b1cf1f1f3c11875432a8ccaa7ba6187cf0b3e820c9fbc6cb40fc6?s=96&d=mm&r=g\",\"contentUrl\":\"https:\\\/\\\/secure.gravatar.com\\\/avatar\\\/67845112d35b1cf1f1f3c11875432a8ccaa7ba6187cf0b3e820c9fbc6cb40fc6?s=96&d=mm&r=g\",\"caption\":\"Jerome\"},\"sameAs\":[\"https:\\\/\\\/www.jng-web.com\\\/ref-auto\"],\"url\":\"https:\\\/\\\/www.jng-web.com\\\/ref-auto\"}]}<\/script>\n<!-- \/ Yoast SEO plugin. -->","yoast_head_json":{"title":"\ud83c\udf2a\ufe0f La Naissance des Temp\u00eates : Quand le Ciel Perd le Contr\u00f4le - Optannu","robots":{"index":"index","follow":"follow","max-snippet":"max-snippet:-1","max-image-preview":"max-image-preview:large","max-video-preview":"max-video-preview:-1"},"canonical":"https:\/\/www.jng-web.com\/ref-auto\/\ud83c\udf2a\ufe0f-la-naissance-des-tempetes-quand-le-ciel-perd-le-controle\/","og_locale":"fr_FR","og_type":"article","og_title":"\ud83c\udf2a\ufe0f La Naissance des Temp\u00eates : Quand le Ciel Perd le Contr\u00f4le - Optannu","og_description":"Les temp\u00eates impressionnent autant qu\u2019elles inqui\u00e8tent. Rafales de vent, pluies diluviennes, gr\u00eale, tonnerre\u2026 elles d\u00e9cha\u00eenent les \u00e9l\u00e9ments en","og_url":"https:\/\/www.jng-web.com\/ref-auto\/\ud83c\udf2a\ufe0f-la-naissance-des-tempetes-quand-le-ciel-perd-le-controle\/","og_site_name":"Optannu","article_published_time":"2025-07-23T18:06:59+00:00","og_image":[{"width":2048,"height":2560,"url":"https:\/\/www.jng-web.com\/ref-auto\/wp-content\/uploads\/2025\/07\/dieng-plateau-sunrise-view-in-indonesia-picjumbo-com-scaled.jpg","type":"image\/jpeg"}],"author":"Jerome","twitter_card":"summary_large_image","twitter_misc":{"\u00c9crit par":"Jerome","Dur\u00e9e de lecture estim\u00e9e":"3 minutes"},"schema":{"@context":"https:\/\/schema.org","@graph":[{"@type":"Article","@id":"https:\/\/www.jng-web.com\/ref-auto\/%f0%9f%8c%aa%ef%b8%8f-la-naissance-des-tempetes-quand-le-ciel-perd-le-controle\/#article","isPartOf":{"@id":"https:\/\/www.jng-web.com\/ref-auto\/%f0%9f%8c%aa%ef%b8%8f-la-naissance-des-tempetes-quand-le-ciel-perd-le-controle\/"},"author":{"name":"Jerome","@id":"https:\/\/www.jng-web.com\/ref-auto\/#\/schema\/person\/9b9c81cd6753b27cc78a7072ecb82d8e"},"headline":"\ud83c\udf2a\ufe0f La Naissance des Temp\u00eates : Quand le Ciel Perd le Contr\u00f4le","datePublished":"2025-07-23T18:06:59+00:00","mainEntityOfPage":{"@id":"https:\/\/www.jng-web.com\/ref-auto\/%f0%9f%8c%aa%ef%b8%8f-la-naissance-des-tempetes-quand-le-ciel-perd-le-controle\/"},"wordCount":598,"commentCount":0,"image":{"@id":"https:\/\/www.jng-web.com\/ref-auto\/%f0%9f%8c%aa%ef%b8%8f-la-naissance-des-tempetes-quand-le-ciel-perd-le-controle\/#primaryimage"},"thumbnailUrl":"https:\/\/www.jng-web.com\/ref-auto\/wp-content\/uploads\/2025\/07\/dieng-plateau-sunrise-view-in-indonesia-picjumbo-com-scaled.jpg","keywords":["climat","environnement","\u00e9v\u00e8nement climatique"],"articleSection":["Environnement"],"inLanguage":"fr-FR","potentialAction":[{"@type":"CommentAction","name":"Comment","target":["https:\/\/www.jng-web.com\/ref-auto\/%f0%9f%8c%aa%ef%b8%8f-la-naissance-des-tempetes-quand-le-ciel-perd-le-controle\/#respond"]}]},{"@type":"WebPage","@id":"https:\/\/www.jng-web.com\/ref-auto\/%f0%9f%8c%aa%ef%b8%8f-la-naissance-des-tempetes-quand-le-ciel-perd-le-controle\/","url":"https:\/\/www.jng-web.com\/ref-auto\/%f0%9f%8c%aa%ef%b8%8f-la-naissance-des-tempetes-quand-le-ciel-perd-le-controle\/","name":"\ud83c\udf2a\ufe0f La Naissance des Temp\u00eates : Quand le Ciel Perd le Contr\u00f4le - Optannu","isPartOf":{"@id":"https:\/\/www.jng-web.com\/ref-auto\/#website"},"primaryImageOfPage":{"@id":"https:\/\/www.jng-web.com\/ref-auto\/%f0%9f%8c%aa%ef%b8%8f-la-naissance-des-tempetes-quand-le-ciel-perd-le-controle\/#primaryimage"},"image":{"@id":"https:\/\/www.jng-web.com\/ref-auto\/%f0%9f%8c%aa%ef%b8%8f-la-naissance-des-tempetes-quand-le-ciel-perd-le-controle\/#primaryimage"},"thumbnailUrl":"https:\/\/www.jng-web.com\/ref-auto\/wp-content\/uploads\/2025\/07\/dieng-plateau-sunrise-view-in-indonesia-picjumbo-com-scaled.jpg","datePublished":"2025-07-23T18:06:59+00:00","author":{"@id":"https:\/\/www.jng-web.com\/ref-auto\/#\/schema\/person\/9b9c81cd6753b27cc78a7072ecb82d8e"},"breadcrumb":{"@id":"https:\/\/www.jng-web.com\/ref-auto\/%f0%9f%8c%aa%ef%b8%8f-la-naissance-des-tempetes-quand-le-ciel-perd-le-controle\/#breadcrumb"},"inLanguage":"fr-FR","potentialAction":[{"@type":"ReadAction","target":["https:\/\/www.jng-web.com\/ref-auto\/%f0%9f%8c%aa%ef%b8%8f-la-naissance-des-tempetes-quand-le-ciel-perd-le-controle\/"]}]},{"@type":"ImageObject","inLanguage":"fr-FR","@id":"https:\/\/www.jng-web.com\/ref-auto\/%f0%9f%8c%aa%ef%b8%8f-la-naissance-des-tempetes-quand-le-ciel-perd-le-controle\/#primaryimage","url":"https:\/\/www.jng-web.com\/ref-auto\/wp-content\/uploads\/2025\/07\/dieng-plateau-sunrise-view-in-indonesia-picjumbo-com-scaled.jpg","contentUrl":"https:\/\/www.jng-web.com\/ref-auto\/wp-content\/uploads\/2025\/07\/dieng-plateau-sunrise-view-in-indonesia-picjumbo-com-scaled.jpg","width":2048,"height":2560},{"@type":"BreadcrumbList","@id":"https:\/\/www.jng-web.com\/ref-auto\/%f0%9f%8c%aa%ef%b8%8f-la-naissance-des-tempetes-quand-le-ciel-perd-le-controle\/#breadcrumb","itemListElement":[{"@type":"ListItem","position":1,"name":"Annuaire g\u00e9n\u00e9raliste gratuit","item":"https:\/\/www.jng-web.com\/ref-auto\/"},{"@type":"ListItem","position":2,"name":"Environnement","item":"https:\/\/www.jng-web.com\/ref-auto\/category\/environnement\/"},{"@type":"ListItem","position":3,"name":"\ud83c\udf2a\ufe0f La Naissance des Temp\u00eates : Quand le Ciel Perd le Contr\u00f4le"}]},{"@type":"WebSite","@id":"https:\/\/www.jng-web.com\/ref-auto\/#website","url":"https:\/\/www.jng-web.com\/ref-auto\/","name":"Optannu","description":"Guest Blogging : Publier gratuitement vos articles et booster votre r\u00e9f\u00e9rencement !","potentialAction":[{"@type":"SearchAction","target":{"@type":"EntryPoint","urlTemplate":"https:\/\/www.jng-web.com\/ref-auto\/?s={search_term_string}"},"query-input":{"@type":"PropertyValueSpecification","valueRequired":true,"valueName":"search_term_string"}}],"inLanguage":"fr-FR"},{"@type":"Person","@id":"https:\/\/www.jng-web.com\/ref-auto\/#\/schema\/person\/9b9c81cd6753b27cc78a7072ecb82d8e","name":"Jerome","image":{"@type":"ImageObject","inLanguage":"fr-FR","@id":"https:\/\/secure.gravatar.com\/avatar\/67845112d35b1cf1f1f3c11875432a8ccaa7ba6187cf0b3e820c9fbc6cb40fc6?s=96&d=mm&r=g","url":"https:\/\/secure.gravatar.com\/avatar\/67845112d35b1cf1f1f3c11875432a8ccaa7ba6187cf0b3e820c9fbc6cb40fc6?s=96&d=mm&r=g","contentUrl":"https:\/\/secure.gravatar.com\/avatar\/67845112d35b1cf1f1f3c11875432a8ccaa7ba6187cf0b3e820c9fbc6cb40fc6?s=96&d=mm&r=g","caption":"Jerome"},"sameAs":["https:\/\/www.jng-web.com\/ref-auto"],"url":"https:\/\/www.jng-web.com\/ref-auto"}]}},"views":604,"_links":{"self":[{"href":"https:\/\/www.jng-web.com\/ref-auto\/wp-json\/wp\/v2\/posts\/256669","targetHints":{"allow":["GET"]}}],"collection":[{"href":"https:\/\/www.jng-web.com\/ref-auto\/wp-json\/wp\/v2\/posts"}],"about":[{"href":"https:\/\/www.jng-web.com\/ref-auto\/wp-json\/wp\/v2\/types\/post"}],"author":[{"embeddable":true,"href":"https:\/\/www.jng-web.com\/ref-auto\/wp-json\/wp\/v2\/users\/1"}],"replies":[{"embeddable":true,"href":"https:\/\/www.jng-web.com\/ref-auto\/wp-json\/wp\/v2\/comments?post=256669"}],"version-history":[{"count":1,"href":"https:\/\/www.jng-web.com\/ref-auto\/wp-json\/wp\/v2\/posts\/256669\/revisions"}],"predecessor-version":[{"id":256689,"href":"https:\/\/www.jng-web.com\/ref-auto\/wp-json\/wp\/v2\/posts\/256669\/revisions\/256689"}],"wp:featuredmedia":[{"embeddable":true,"href":"https:\/\/www.jng-web.com\/ref-auto\/wp-json\/wp\/v2\/media\/256674"}],"wp:attachment":[{"href":"https:\/\/www.jng-web.com\/ref-auto\/wp-json\/wp\/v2\/media?parent=256669"}],"wp:term":[{"taxonomy":"category","embeddable":true,"href":"https:\/\/www.jng-web.com\/ref-auto\/wp-json\/wp\/v2\/categories?post=256669"},{"taxonomy":"post_tag","embeddable":true,"href":"https:\/\/www.jng-web.com\/ref-auto\/wp-json\/wp\/v2\/tags?post=256669"}],"curies":[{"name":"wp","href":"https:\/\/api.w.org\/{rel}","templated":true}]}}