{"id":257715,"date":"2025-05-06T09:26:20","date_gmt":"2025-05-06T07:26:20","guid":{"rendered":"https:\/\/www.jng-web.com\/ref-auto\/?p=257715"},"modified":"2025-05-06T09:26:21","modified_gmt":"2025-05-06T07:26:21","slug":"fetes-medievales-a-semur-en-auxois","status":"publish","type":"post","link":"https:\/\/www.jng-web.com\/ref-auto\/fetes-medievales-a-semur-en-auxois\/","title":{"rendered":"F\u00eates m\u00e9di\u00e9vales \u00e0 Semur en Auxois"},"content":{"rendered":"<div id=\"6729917897\" class=\"advads-pub advads-entity-placement\"><script async src=\"https:\/\/pagead2.googlesyndication.com\/pagead\/js\/adsbygoogle.js?client=ca-pub-4944504088214075\"\r\n     crossorigin=\"anonymous\"><\/script><\/div>\n<p>Les F\u00eates M\u00e9di\u00e9vales de Semur-en-Auxois, pr\u00e9vues du 9 au 11 mai 2025, offrent une immersion captivante dans l&#8217;\u00e9poque m\u00e9di\u00e9vale au c\u0153ur de la Bourgogne. Depuis leur cr\u00e9ation en 2000, ces festivit\u00e9s mettent en valeur le riche patrimoine historique de la ville, transformant ses ruelles pav\u00e9es en un th\u00e9\u00e2tre vivant o\u00f9 se m\u00ealent histoire et divertissement.<\/p>\n\n\n\n<p>Les F\u00eates M\u00e9di\u00e9vales de Semur-en-Auxois sont un \u00e9v\u00e9nement <strong>annuel<\/strong> qui se d\u00e9roule chaque mois de mai, g\u00e9n\u00e9ralement le week-end pr\u00e9c\u00e9dant les traditionnelles F\u00eates de la Bague. Depuis leur cr\u00e9ation en 2000, ces festivit\u00e9s transforment la cit\u00e9 m\u00e9di\u00e9vale en un th\u00e9\u00e2tre vivant, attirant des visiteurs venus de toute la r\u00e9gion et au-del\u00e0. Ces festivit\u00e9s mettent en valeur le riche patrimoine historique de la ville, transformant ses ruelles pav\u00e9es en un th\u00e9\u00e2tre vivant o\u00f9 se m\u00ealent histoire et divertissement. La f\u00eate propose un programme riche en spectacles de rue, d\u00e9monstrations d&#8217;artisanat, concerts de musique m\u00e9di\u00e9vale et reconstitutions historiques, permettant aux visiteurs de plonger au c\u0153ur du Moyen \u00c2ge.<\/p>\n\n\n\n<h3 class=\"wp-block-heading\">Une plong\u00e9e dans le Moyen \u00c2ge<\/h3>\n\n\n\n<p>Durant trois jours, la cit\u00e9 m\u00e9di\u00e9vale de Semur-en-Auxois se pare de banni\u00e8res et d&#8217;\u00e9tendards, accueillant chevaliers, troubadours, artisans et saltimbanques. Les visiteurs peuvent d\u00e9ambuler dans un march\u00e9 m\u00e9di\u00e9val anim\u00e9, assister \u00e0 des spectacles de rue, des d\u00e9monstrations d&#8217;artisanat traditionnel et des reconstitutions historiques, offrant une exp\u00e9rience immersive pour petits et grands.<\/p>\n\n\n\n<p>Pour plus d&#8217;informations et pour consulter le programme d\u00e9taill\u00e9, vous pouvez visiter le site officiel de la mairie de Semur-en-Auxois<\/p>\n\n\n\n<p>Ne manquez pas cette occasion unique de vivre une exp\u00e9rience m\u00e9di\u00e9vale authentique dans l&#8217;une des plus belles cit\u00e9s historiques de Bourgogne.<\/p>\n","protected":false},"excerpt":{"rendered":"<p>Les F\u00eates M\u00e9di\u00e9vales de Semur-en-Auxois, pr\u00e9vues du 9 au 11 mai 2025, offrent une immersion captivante dans l&#8217;\u00e9poque<\/p>\n","protected":false},"author":1,"featured_media":257728,"comment_status":"open","ping_status":"open","sticky":false,"template":"","format":"standard","meta":{"rop_custom_images_group":[],"rop_custom_messages_group":[],"rop_publish_now":"initial","rop_publish_now_accounts":{"facebook_2944925605560295_361066357320011":"","twitter_792688215148855296_792688215148855296":""},"rop_publish_now_history":[],"rop_publish_now_status":"pending","footnotes":""},"categories":[2],"tags":[828,994],"class_list":["post-257715","post","type-post","status-publish","format-standard","has-post-thumbnail","hentry","category-actualites","tag-fete","tag-fete-medievale"],"yoast_head":"<!-- This site is optimized with the Yoast SEO plugin v27.4 - https:\/\/yoast.com\/product\/yoast-seo-wordpress\/ -->\n<title>F\u00eates m\u00e9di\u00e9vales \u00e0 Semur en Auxois - Optannu<\/title>\n<meta name=\"robots\" content=\"index, follow, max-snippet:-1, max-image-preview:large, max-video-preview:-1\" \/>\n<link rel=\"canonical\" href=\"https:\/\/www.jng-web.com\/ref-auto\/fetes-medievales-a-semur-en-auxois\/\" \/>\n<meta property=\"og:locale\" content=\"fr_FR\" \/>\n<meta property=\"og:type\" content=\"article\" \/>\n<meta property=\"og:title\" content=\"F\u00eates m\u00e9di\u00e9vales \u00e0 Semur en Auxois - Optannu\" \/>\n<meta property=\"og:description\" content=\"Les F\u00eates M\u00e9di\u00e9vales de Semur-en-Auxois, pr\u00e9vues du 9 au 11 mai 2025, offrent une immersion captivante dans l&#8217;\u00e9poque\" \/>\n<meta property=\"og:url\" content=\"https:\/\/www.jng-web.com\/ref-auto\/fetes-medievales-a-semur-en-auxois\/\" \/>\n<meta property=\"og:site_name\" content=\"Optannu\" \/>\n<meta property=\"article:published_time\" content=\"2025-05-06T07:26:20+00:00\" \/>\n<meta property=\"article:modified_time\" content=\"2025-05-06T07:26:21+00:00\" \/>\n<meta property=\"og:image\" content=\"https:\/\/www.jng-web.com\/ref-auto\/wp-content\/uploads\/2025\/05\/woman-in-summer-dress-enjoying-old-croatian-towns-picjumbo-com-scaled.jpg\" \/>\n\t<meta property=\"og:image:width\" content=\"2560\" \/>\n\t<meta property=\"og:image:height\" content=\"1707\" \/>\n\t<meta property=\"og:image:type\" content=\"image\/jpeg\" \/>\n<meta name=\"author\" content=\"Jerome\" \/>\n<meta name=\"twitter:card\" content=\"summary_large_image\" \/>\n<meta name=\"twitter:label1\" content=\"\u00c9crit par\" \/>\n\t<meta name=\"twitter:data1\" content=\"Jerome\" \/>\n\t<meta name=\"twitter:label2\" content=\"Dur\u00e9e de lecture estim\u00e9e\" \/>\n\t<meta name=\"twitter:data2\" content=\"2 minutes\" \/>\n<script type=\"application\/ld+json\" class=\"yoast-schema-graph\">{\"@context\":\"https:\\\/\\\/schema.org\",\"@graph\":[{\"@type\":\"Article\",\"@id\":\"https:\\\/\\\/www.jng-web.com\\\/ref-auto\\\/fetes-medievales-a-semur-en-auxois\\\/#article\",\"isPartOf\":{\"@id\":\"https:\\\/\\\/www.jng-web.com\\\/ref-auto\\\/fetes-medievales-a-semur-en-auxois\\\/\"},\"author\":{\"name\":\"Jerome\",\"@id\":\"https:\\\/\\\/www.jng-web.com\\\/ref-auto\\\/#\\\/schema\\\/person\\\/9b9c81cd6753b27cc78a7072ecb82d8e\"},\"headline\":\"F\u00eates m\u00e9di\u00e9vales \u00e0 Semur en Auxois\",\"datePublished\":\"2025-05-06T07:26:20+00:00\",\"dateModified\":\"2025-05-06T07:26:21+00:00\",\"mainEntityOfPage\":{\"@id\":\"https:\\\/\\\/www.jng-web.com\\\/ref-auto\\\/fetes-medievales-a-semur-en-auxois\\\/\"},\"wordCount\":314,\"commentCount\":0,\"image\":{\"@id\":\"https:\\\/\\\/www.jng-web.com\\\/ref-auto\\\/fetes-medievales-a-semur-en-auxois\\\/#primaryimage\"},\"thumbnailUrl\":\"https:\\\/\\\/www.jng-web.com\\\/ref-auto\\\/wp-content\\\/uploads\\\/2025\\\/05\\\/woman-in-summer-dress-enjoying-old-croatian-towns-picjumbo-com-scaled.jpg\",\"keywords\":[\"f\u00eate\",\"f\u00eate m\u00e9di\u00e9vale\"],\"articleSection\":[\"Actualit\u00e9s\"],\"inLanguage\":\"fr-FR\",\"potentialAction\":[{\"@type\":\"CommentAction\",\"name\":\"Comment\",\"target\":[\"https:\\\/\\\/www.jng-web.com\\\/ref-auto\\\/fetes-medievales-a-semur-en-auxois\\\/#respond\"]}]},{\"@type\":\"WebPage\",\"@id\":\"https:\\\/\\\/www.jng-web.com\\\/ref-auto\\\/fetes-medievales-a-semur-en-auxois\\\/\",\"url\":\"https:\\\/\\\/www.jng-web.com\\\/ref-auto\\\/fetes-medievales-a-semur-en-auxois\\\/\",\"name\":\"F\u00eates m\u00e9di\u00e9vales \u00e0 Semur en Auxois - Optannu\",\"isPartOf\":{\"@id\":\"https:\\\/\\\/www.jng-web.com\\\/ref-auto\\\/#website\"},\"primaryImageOfPage\":{\"@id\":\"https:\\\/\\\/www.jng-web.com\\\/ref-auto\\\/fetes-medievales-a-semur-en-auxois\\\/#primaryimage\"},\"image\":{\"@id\":\"https:\\\/\\\/www.jng-web.com\\\/ref-auto\\\/fetes-medievales-a-semur-en-auxois\\\/#primaryimage\"},\"thumbnailUrl\":\"https:\\\/\\\/www.jng-web.com\\\/ref-auto\\\/wp-content\\\/uploads\\\/2025\\\/05\\\/woman-in-summer-dress-enjoying-old-croatian-towns-picjumbo-com-scaled.jpg\",\"datePublished\":\"2025-05-06T07:26:20+00:00\",\"dateModified\":\"2025-05-06T07:26:21+00:00\",\"author\":{\"@id\":\"https:\\\/\\\/www.jng-web.com\\\/ref-auto\\\/#\\\/schema\\\/person\\\/9b9c81cd6753b27cc78a7072ecb82d8e\"},\"breadcrumb\":{\"@id\":\"https:\\\/\\\/www.jng-web.com\\\/ref-auto\\\/fetes-medievales-a-semur-en-auxois\\\/#breadcrumb\"},\"inLanguage\":\"fr-FR\",\"potentialAction\":[{\"@type\":\"ReadAction\",\"target\":[\"https:\\\/\\\/www.jng-web.com\\\/ref-auto\\\/fetes-medievales-a-semur-en-auxois\\\/\"]}]},{\"@type\":\"ImageObject\",\"inLanguage\":\"fr-FR\",\"@id\":\"https:\\\/\\\/www.jng-web.com\\\/ref-auto\\\/fetes-medievales-a-semur-en-auxois\\\/#primaryimage\",\"url\":\"https:\\\/\\\/www.jng-web.com\\\/ref-auto\\\/wp-content\\\/uploads\\\/2025\\\/05\\\/woman-in-summer-dress-enjoying-old-croatian-towns-picjumbo-com-scaled.jpg\",\"contentUrl\":\"https:\\\/\\\/www.jng-web.com\\\/ref-auto\\\/wp-content\\\/uploads\\\/2025\\\/05\\\/woman-in-summer-dress-enjoying-old-croatian-towns-picjumbo-com-scaled.jpg\",\"width\":2560,\"height\":1707},{\"@type\":\"BreadcrumbList\",\"@id\":\"https:\\\/\\\/www.jng-web.com\\\/ref-auto\\\/fetes-medievales-a-semur-en-auxois\\\/#breadcrumb\",\"itemListElement\":[{\"@type\":\"ListItem\",\"position\":1,\"name\":\"Annuaire g\u00e9n\u00e9raliste gratuit\",\"item\":\"https:\\\/\\\/www.jng-web.com\\\/ref-auto\\\/\"},{\"@type\":\"ListItem\",\"position\":2,\"name\":\"Actualit\u00e9s\",\"item\":\"https:\\\/\\\/www.jng-web.com\\\/ref-auto\\\/category\\\/actualites\\\/\"},{\"@type\":\"ListItem\",\"position\":3,\"name\":\"F\u00eates m\u00e9di\u00e9vales \u00e0 Semur en Auxois\"}]},{\"@type\":\"WebSite\",\"@id\":\"https:\\\/\\\/www.jng-web.com\\\/ref-auto\\\/#website\",\"url\":\"https:\\\/\\\/www.jng-web.com\\\/ref-auto\\\/\",\"name\":\"Optannu\",\"description\":\"Guest Blogging : Publier gratuitement vos articles et booster votre r\u00e9f\u00e9rencement !\",\"potentialAction\":[{\"@type\":\"SearchAction\",\"target\":{\"@type\":\"EntryPoint\",\"urlTemplate\":\"https:\\\/\\\/www.jng-web.com\\\/ref-auto\\\/?s={search_term_string}\"},\"query-input\":{\"@type\":\"PropertyValueSpecification\",\"valueRequired\":true,\"valueName\":\"search_term_string\"}}],\"inLanguage\":\"fr-FR\"},{\"@type\":\"Person\",\"@id\":\"https:\\\/\\\/www.jng-web.com\\\/ref-auto\\\/#\\\/schema\\\/person\\\/9b9c81cd6753b27cc78a7072ecb82d8e\",\"name\":\"Jerome\",\"image\":{\"@type\":\"ImageObject\",\"inLanguage\":\"fr-FR\",\"@id\":\"https:\\\/\\\/secure.gravatar.com\\\/avatar\\\/67845112d35b1cf1f1f3c11875432a8ccaa7ba6187cf0b3e820c9fbc6cb40fc6?s=96&d=mm&r=g\",\"url\":\"https:\\\/\\\/secure.gravatar.com\\\/avatar\\\/67845112d35b1cf1f1f3c11875432a8ccaa7ba6187cf0b3e820c9fbc6cb40fc6?s=96&d=mm&r=g\",\"contentUrl\":\"https:\\\/\\\/secure.gravatar.com\\\/avatar\\\/67845112d35b1cf1f1f3c11875432a8ccaa7ba6187cf0b3e820c9fbc6cb40fc6?s=96&d=mm&r=g\",\"caption\":\"Jerome\"},\"sameAs\":[\"https:\\\/\\\/www.jng-web.com\\\/ref-auto\"],\"url\":\"https:\\\/\\\/www.jng-web.com\\\/ref-auto\"}]}<\/script>\n<!-- \/ Yoast SEO plugin. -->","yoast_head_json":{"title":"F\u00eates m\u00e9di\u00e9vales \u00e0 Semur en Auxois - Optannu","robots":{"index":"index","follow":"follow","max-snippet":"max-snippet:-1","max-image-preview":"max-image-preview:large","max-video-preview":"max-video-preview:-1"},"canonical":"https:\/\/www.jng-web.com\/ref-auto\/fetes-medievales-a-semur-en-auxois\/","og_locale":"fr_FR","og_type":"article","og_title":"F\u00eates m\u00e9di\u00e9vales \u00e0 Semur en Auxois - Optannu","og_description":"Les F\u00eates M\u00e9di\u00e9vales de Semur-en-Auxois, pr\u00e9vues du 9 au 11 mai 2025, offrent une immersion captivante dans l&#8217;\u00e9poque","og_url":"https:\/\/www.jng-web.com\/ref-auto\/fetes-medievales-a-semur-en-auxois\/","og_site_name":"Optannu","article_published_time":"2025-05-06T07:26:20+00:00","article_modified_time":"2025-05-06T07:26:21+00:00","og_image":[{"width":2560,"height":1707,"url":"https:\/\/www.jng-web.com\/ref-auto\/wp-content\/uploads\/2025\/05\/woman-in-summer-dress-enjoying-old-croatian-towns-picjumbo-com-scaled.jpg","type":"image\/jpeg"}],"author":"Jerome","twitter_card":"summary_large_image","twitter_misc":{"\u00c9crit par":"Jerome","Dur\u00e9e de lecture estim\u00e9e":"2 minutes"},"schema":{"@context":"https:\/\/schema.org","@graph":[{"@type":"Article","@id":"https:\/\/www.jng-web.com\/ref-auto\/fetes-medievales-a-semur-en-auxois\/#article","isPartOf":{"@id":"https:\/\/www.jng-web.com\/ref-auto\/fetes-medievales-a-semur-en-auxois\/"},"author":{"name":"Jerome","@id":"https:\/\/www.jng-web.com\/ref-auto\/#\/schema\/person\/9b9c81cd6753b27cc78a7072ecb82d8e"},"headline":"F\u00eates m\u00e9di\u00e9vales \u00e0 Semur en Auxois","datePublished":"2025-05-06T07:26:20+00:00","dateModified":"2025-05-06T07:26:21+00:00","mainEntityOfPage":{"@id":"https:\/\/www.jng-web.com\/ref-auto\/fetes-medievales-a-semur-en-auxois\/"},"wordCount":314,"commentCount":0,"image":{"@id":"https:\/\/www.jng-web.com\/ref-auto\/fetes-medievales-a-semur-en-auxois\/#primaryimage"},"thumbnailUrl":"https:\/\/www.jng-web.com\/ref-auto\/wp-content\/uploads\/2025\/05\/woman-in-summer-dress-enjoying-old-croatian-towns-picjumbo-com-scaled.jpg","keywords":["f\u00eate","f\u00eate m\u00e9di\u00e9vale"],"articleSection":["Actualit\u00e9s"],"inLanguage":"fr-FR","potentialAction":[{"@type":"CommentAction","name":"Comment","target":["https:\/\/www.jng-web.com\/ref-auto\/fetes-medievales-a-semur-en-auxois\/#respond"]}]},{"@type":"WebPage","@id":"https:\/\/www.jng-web.com\/ref-auto\/fetes-medievales-a-semur-en-auxois\/","url":"https:\/\/www.jng-web.com\/ref-auto\/fetes-medievales-a-semur-en-auxois\/","name":"F\u00eates m\u00e9di\u00e9vales \u00e0 Semur en Auxois - Optannu","isPartOf":{"@id":"https:\/\/www.jng-web.com\/ref-auto\/#website"},"primaryImageOfPage":{"@id":"https:\/\/www.jng-web.com\/ref-auto\/fetes-medievales-a-semur-en-auxois\/#primaryimage"},"image":{"@id":"https:\/\/www.jng-web.com\/ref-auto\/fetes-medievales-a-semur-en-auxois\/#primaryimage"},"thumbnailUrl":"https:\/\/www.jng-web.com\/ref-auto\/wp-content\/uploads\/2025\/05\/woman-in-summer-dress-enjoying-old-croatian-towns-picjumbo-com-scaled.jpg","datePublished":"2025-05-06T07:26:20+00:00","dateModified":"2025-05-06T07:26:21+00:00","author":{"@id":"https:\/\/www.jng-web.com\/ref-auto\/#\/schema\/person\/9b9c81cd6753b27cc78a7072ecb82d8e"},"breadcrumb":{"@id":"https:\/\/www.jng-web.com\/ref-auto\/fetes-medievales-a-semur-en-auxois\/#breadcrumb"},"inLanguage":"fr-FR","potentialAction":[{"@type":"ReadAction","target":["https:\/\/www.jng-web.com\/ref-auto\/fetes-medievales-a-semur-en-auxois\/"]}]},{"@type":"ImageObject","inLanguage":"fr-FR","@id":"https:\/\/www.jng-web.com\/ref-auto\/fetes-medievales-a-semur-en-auxois\/#primaryimage","url":"https:\/\/www.jng-web.com\/ref-auto\/wp-content\/uploads\/2025\/05\/woman-in-summer-dress-enjoying-old-croatian-towns-picjumbo-com-scaled.jpg","contentUrl":"https:\/\/www.jng-web.com\/ref-auto\/wp-content\/uploads\/2025\/05\/woman-in-summer-dress-enjoying-old-croatian-towns-picjumbo-com-scaled.jpg","width":2560,"height":1707},{"@type":"BreadcrumbList","@id":"https:\/\/www.jng-web.com\/ref-auto\/fetes-medievales-a-semur-en-auxois\/#breadcrumb","itemListElement":[{"@type":"ListItem","position":1,"name":"Annuaire g\u00e9n\u00e9raliste gratuit","item":"https:\/\/www.jng-web.com\/ref-auto\/"},{"@type":"ListItem","position":2,"name":"Actualit\u00e9s","item":"https:\/\/www.jng-web.com\/ref-auto\/category\/actualites\/"},{"@type":"ListItem","position":3,"name":"F\u00eates m\u00e9di\u00e9vales \u00e0 Semur en Auxois"}]},{"@type":"WebSite","@id":"https:\/\/www.jng-web.com\/ref-auto\/#website","url":"https:\/\/www.jng-web.com\/ref-auto\/","name":"Optannu","description":"Guest Blogging : Publier gratuitement vos articles et booster votre r\u00e9f\u00e9rencement !","potentialAction":[{"@type":"SearchAction","target":{"@type":"EntryPoint","urlTemplate":"https:\/\/www.jng-web.com\/ref-auto\/?s={search_term_string}"},"query-input":{"@type":"PropertyValueSpecification","valueRequired":true,"valueName":"search_term_string"}}],"inLanguage":"fr-FR"},{"@type":"Person","@id":"https:\/\/www.jng-web.com\/ref-auto\/#\/schema\/person\/9b9c81cd6753b27cc78a7072ecb82d8e","name":"Jerome","image":{"@type":"ImageObject","inLanguage":"fr-FR","@id":"https:\/\/secure.gravatar.com\/avatar\/67845112d35b1cf1f1f3c11875432a8ccaa7ba6187cf0b3e820c9fbc6cb40fc6?s=96&d=mm&r=g","url":"https:\/\/secure.gravatar.com\/avatar\/67845112d35b1cf1f1f3c11875432a8ccaa7ba6187cf0b3e820c9fbc6cb40fc6?s=96&d=mm&r=g","contentUrl":"https:\/\/secure.gravatar.com\/avatar\/67845112d35b1cf1f1f3c11875432a8ccaa7ba6187cf0b3e820c9fbc6cb40fc6?s=96&d=mm&r=g","caption":"Jerome"},"sameAs":["https:\/\/www.jng-web.com\/ref-auto"],"url":"https:\/\/www.jng-web.com\/ref-auto"}]}},"views":398,"_links":{"self":[{"href":"https:\/\/www.jng-web.com\/ref-auto\/wp-json\/wp\/v2\/posts\/257715","targetHints":{"allow":["GET"]}}],"collection":[{"href":"https:\/\/www.jng-web.com\/ref-auto\/wp-json\/wp\/v2\/posts"}],"about":[{"href":"https:\/\/www.jng-web.com\/ref-auto\/wp-json\/wp\/v2\/types\/post"}],"author":[{"embeddable":true,"href":"https:\/\/www.jng-web.com\/ref-auto\/wp-json\/wp\/v2\/users\/1"}],"replies":[{"embeddable":true,"href":"https:\/\/www.jng-web.com\/ref-auto\/wp-json\/wp\/v2\/comments?post=257715"}],"version-history":[{"count":1,"href":"https:\/\/www.jng-web.com\/ref-auto\/wp-json\/wp\/v2\/posts\/257715\/revisions"}],"predecessor-version":[{"id":257730,"href":"https:\/\/www.jng-web.com\/ref-auto\/wp-json\/wp\/v2\/posts\/257715\/revisions\/257730"}],"wp:featuredmedia":[{"embeddable":true,"href":"https:\/\/www.jng-web.com\/ref-auto\/wp-json\/wp\/v2\/media\/257728"}],"wp:attachment":[{"href":"https:\/\/www.jng-web.com\/ref-auto\/wp-json\/wp\/v2\/media?parent=257715"}],"wp:term":[{"taxonomy":"category","embeddable":true,"href":"https:\/\/www.jng-web.com\/ref-auto\/wp-json\/wp\/v2\/categories?post=257715"},{"taxonomy":"post_tag","embeddable":true,"href":"https:\/\/www.jng-web.com\/ref-auto\/wp-json\/wp\/v2\/tags?post=257715"}],"curies":[{"name":"wp","href":"https:\/\/api.w.org\/{rel}","templated":true}]}}