{"id":275255,"date":"2025-06-01T20:50:48","date_gmt":"2025-06-01T18:50:48","guid":{"rendered":"https:\/\/www.jng-web.com\/ref-auto\/?p=275255"},"modified":"2025-06-01T20:52:25","modified_gmt":"2025-06-01T18:52:25","slug":"%f0%9f%97%ba%ef%b8%8f-carte-energetique-sacree-de-notre-dame-de-fourviere-description-detaillee","status":"publish","type":"post","link":"https:\/\/www.jng-web.com\/ref-auto\/%f0%9f%97%ba%ef%b8%8f-carte-energetique-sacree-de-notre-dame-de-fourviere-description-detaillee\/","title":{"rendered":"\ud83d\uddfa\ufe0f Carte \u00e9nerg\u00e9tique sacr\u00e9e de Notre-Dame de Fourvi\u00e8re (description d\u00e9taill\u00e9e)"},"content":{"rendered":"<div id=\"6729917897\" class=\"advads-pub advads-entity-placement\"><script async src=\"https:\/\/pagead2.googlesyndication.com\/pagead\/js\/adsbygoogle.js?client=ca-pub-4944504088214075\"\r\n     crossorigin=\"anonymous\"><\/script><\/div>\n<h3 class=\"wp-block-heading\">\ud83d\udccd1. <strong>Le point d\u2019ancrage tellurique principal \u2014 Crypte (basse chapelle)<\/strong><\/h3>\n\n\n\n<ul class=\"wp-block-list\">\n<li><strong>\u00c9nergie : tr\u00e8s yin \/ ancrage profond \/ purification<\/strong><\/li>\n\n\n\n<li><strong>Pr\u00e9sence<\/strong> : r\u00e9seau Hartmann et r\u00e9seau Curry tr\u00e8s dense, pr\u00e9sence d\u2019un croisement de veines d\u2019eau et d\u2019une faille g\u00e9ologique<\/li>\n\n\n\n<li><strong>Effet ressenti<\/strong> : ancrage, paix int\u00e9rieure, lib\u00e9ration \u00e9motionnelle<\/li>\n\n\n\n<li><strong>Utilisation conseill\u00e9e<\/strong> : m\u00e9ditation profonde, pri\u00e8re silencieuse, travail de lib\u00e9ration karmique ou \u00e9nerg\u00e9tique<\/li>\n<\/ul>\n\n\n\n<blockquote class=\"wp-block-quote is-layout-flow wp-block-quote-is-layout-flow\">\n<p>\u26a0\ufe0f Certains ressentent ici des sensations de vertige ou de pression : l\u2019\u00e9nergie y est puissante, mais aussi filtrante.<\/p>\n<\/blockquote>\n\n\n\n<h3 class=\"wp-block-heading\">\ud83d\udccd2. <strong>Le c\u0153ur \u00e9nerg\u00e9tique \u2014 Autel principal dans la basilique sup\u00e9rieure<\/strong><\/h3>\n\n\n\n<ul class=\"wp-block-list\">\n<li><strong>\u00c9nergie : mixte yin\/yang, spiral\u00e9e, verticale<\/strong><\/li>\n\n\n\n<li><strong>Pr\u00e9sence<\/strong> : croisement majeur de r\u00e9seaux Hartmann et Curry, vortex ascensionnel (ressenti en forme de spirale montante)<\/li>\n\n\n\n<li><strong>Effet ressenti<\/strong> : expansion de conscience, inspiration, alignement vertical (chakra c\u0153ur-coronal)<\/li>\n\n\n\n<li><strong>Utilisation conseill\u00e9e<\/strong> : intention de pri\u00e8re, connexion c\u00e9leste, ouverture spirituelle<\/li>\n<\/ul>\n\n\n\n<blockquote class=\"wp-block-quote is-layout-flow wp-block-quote-is-layout-flow\">\n<p>\u2728 Zone \u00e0 haute fr\u00e9quence vibratoire : certains parlent de &#8220;colonne de lumi\u00e8re&#8221; invisible montant au ciel.<\/p>\n<\/blockquote>\n\n\n\n<h3 class=\"wp-block-heading\">\ud83d\udccd3. <strong>Le ch\u0153ur \/ abside<\/strong><\/h3>\n\n\n\n<ul class=\"wp-block-list\">\n<li><strong>\u00c9nergie : yang sacr\u00e9 \/ lumi\u00e8re \/ \u00e9manation divine<\/strong><\/li>\n\n\n\n<li><strong>Pr\u00e9sence<\/strong> : zone de r\u00e9sonance amplificatrice (l\u2019autel agit comme catalyseur \u00e9nerg\u00e9tique)<\/li>\n\n\n\n<li><strong>Effet ressenti<\/strong> : mont\u00e9e vibratoire, joie sacr\u00e9e, rayonnement vers l\u2019ext\u00e9rieur<\/li>\n\n\n\n<li><strong>Utilisation conseill\u00e9e<\/strong> : pri\u00e8re d\u2019offrande, gratitude, soin \u00e9nerg\u00e9tique<\/li>\n<\/ul>\n\n\n\n<blockquote class=\"wp-block-quote is-layout-flow wp-block-quote-is-layout-flow\">\n<p>\ud83c\udf1e C\u2019est un des lieux les plus lumineux au niveau \u00e9nerg\u00e9tique de toute la basilique.<\/p>\n<\/blockquote>\n\n\n\n<h3 class=\"wp-block-heading\">\ud83d\udccd4. <strong>Les escaliers ext\u00e9rieurs menant \u00e0 la basilique (depuis Saint-Jean ou Saint-Paul)<\/strong><\/h3>\n\n\n\n<ul class=\"wp-block-list\">\n<li><strong>\u00c9nergie : passage initiatique \/ purification par l\u2019effort<\/strong><\/li>\n\n\n\n<li><strong>Pr\u00e9sence<\/strong> : lignes telluriques progressives, nettoyage \u00e9motionnel au fil de la mont\u00e9e<\/li>\n\n\n\n<li><strong>Effet ressenti<\/strong> : all\u00e8gement progressif, ouverture du c\u0153ur<\/li>\n\n\n\n<li><strong>Utilisation conseill\u00e9e<\/strong> : mont\u00e9e consciente, comme un p\u00e8lerinage<\/li>\n<\/ul>\n\n\n\n<blockquote class=\"wp-block-quote is-layout-flow wp-block-quote-is-layout-flow\">\n<p>\u26f0\ufe0f Ces escaliers sont consid\u00e9r\u00e9s par certains comme une &#8220;rampe d\u2019activation&#8221; \u00e9nerg\u00e9tique.<\/p>\n<\/blockquote>\n\n\n\n<h3 class=\"wp-block-heading\">\ud83d\udccd5. <strong>Le parvis (plateforme panoramique)<\/strong><\/h3>\n\n\n\n<ul class=\"wp-block-list\">\n<li><strong>\u00c9nergie : ouverture \/ expansion \/ int\u00e9gration<\/strong><\/li>\n\n\n\n<li><strong>Pr\u00e9sence<\/strong> : croisement de flux a\u00e9riens et telluriques (\u00e9nergies &#8220;c\u00e9lestes&#8221;)<\/li>\n\n\n\n<li><strong>Effet ressenti<\/strong> : clart\u00e9 mentale, sensation d\u2019unit\u00e9, vue symbolique sur la ville (macrocosme)<\/li>\n\n\n\n<li><strong>Utilisation conseill\u00e9e<\/strong> : m\u00e9ditation du regard, offrande \u00e0 la ville, int\u00e9gration apr\u00e8s un travail int\u00e9rieur<\/li>\n<\/ul>\n\n\n\n<blockquote class=\"wp-block-quote is-layout-flow wp-block-quote-is-layout-flow\">\n<p>\ud83c\udf2c\ufe0f Excellent lieu pour &#8220;laisser partir&#8221; les intentions vers l\u2019espace, le ciel, le monde.<\/p>\n<\/blockquote>\n\n\n\n<h3 class=\"wp-block-heading\">\ud83d\udccd6. <strong>Tour nord-est (statue dor\u00e9e de Marie)<\/strong><\/h3>\n\n\n\n<ul class=\"wp-block-list\">\n<li><strong>\u00c9nergie : f\u00e9minin sacr\u00e9 \/ protection \/ guidance<\/strong><\/li>\n\n\n\n<li><strong>Pr\u00e9sence<\/strong> : rayonnement marial, activation du chakra c\u0153ur<\/li>\n\n\n\n<li><strong>Effet ressenti<\/strong> : chaleur int\u00e9rieure, sensation d\u2019\u00eatre envelopp\u00e9, confiance<\/li>\n\n\n\n<li><strong>Utilisation conseill\u00e9e<\/strong> : connexion au f\u00e9minin sacr\u00e9, appel \u00e0 la guidance, demande de gu\u00e9rison<\/li>\n<\/ul>\n\n\n\n<blockquote class=\"wp-block-quote is-layout-flow wp-block-quote-is-layout-flow\">\n<p>\ud83c\udf39 Certains y per\u00e7oivent un courant subtil &#8220;descendant&#8221;, comme une b\u00e9n\u00e9diction venant du sommet.<\/p>\n\n\n\n<h2 class=\"wp-block-heading\">\ud83c\udf00 Cartographie subtile (r\u00e9sum\u00e9 visuel en mots)<\/h2>\n\n\n\n<figure class=\"wp-block-image size-full\"><img loading=\"lazy\" decoding=\"async\" width=\"328\" height=\"302\" src=\"https:\/\/www.jng-web.com\/ref-auto\/wp-content\/uploads\/2025\/06\/carte-energie-foruviere.png\" alt=\"\" class=\"wp-image-275419\" srcset=\"https:\/\/www.jng-web.com\/ref-auto\/wp-content\/uploads\/2025\/06\/carte-energie-foruviere.png 328w, https:\/\/www.jng-web.com\/ref-auto\/wp-content\/uploads\/2025\/06\/carte-energie-foruviere-300x276.png 300w, https:\/\/www.jng-web.com\/ref-auto\/wp-content\/uploads\/2025\/06\/carte-energie-foruviere-293x270.png 293w\" sizes=\"auto, (max-width: 328px) 100vw, 328px\" \/><\/figure>\n\n\n\n<pre class=\"wp-block-code\"><code><\/code><\/pre>\n\n\n\n<h2 class=\"wp-block-heading\">\ud83d\udd2e Comment utiliser cette carte \u00e9nerg\u00e9tique ?<\/h2>\n\n\n\n<ul class=\"wp-block-list\">\n<li>En <strong>visite consciente<\/strong> : en suivant ce parcours dans l\u2019ordre, vous montez en vibration en partant des profondeurs jusqu\u2019\u00e0 l\u2019ouverture c\u00e9leste.<\/li>\n\n\n\n<li>En <strong>pratique \u00e9nerg\u00e9tique<\/strong> : visualisez les points pendant une m\u00e9ditation, m\u00eame \u00e0 distance.<\/li>\n\n\n\n<li>En <strong>travail rituel ou symbolique<\/strong> : associez chaque point \u00e0 un chakra ou \u00e0 une intention (par exemple : crypte = racine \/ ancrage ; autel = c\u0153ur \/ offrande ; statue = couronne \/ guidance divine).<\/li>\n<\/ul>\n<\/blockquote>\n\n\n\n<p><\/p>\n","protected":false},"excerpt":{"rendered":"<p>\ud83d\udccd1. Le point d\u2019ancrage tellurique principal \u2014 Crypte (basse chapelle) \u26a0\ufe0f Certains ressentent ici des sensations de vertige<\/p>\n","protected":false},"author":1,"featured_media":275239,"comment_status":"open","ping_status":"open","sticky":false,"template":"","format":"standard","meta":{"rop_custom_images_group":[],"rop_custom_messages_group":[],"rop_publish_now":"initial","rop_publish_now_accounts":{"facebook_2944925605560295_361066357320011":"","twitter_792688215148855296_792688215148855296":""},"rop_publish_now_history":[],"rop_publish_now_status":"pending","footnotes":""},"categories":[6],"tags":[864,863,1023],"class_list":["post-275255","post","type-post","status-publish","format-standard","has-post-thumbnail","hentry","category-environnement","tag-environnement","tag-geobiologie","tag-geobiologie-sacree"],"yoast_head":"<!-- This site is optimized with the Yoast SEO plugin v27.4 - https:\/\/yoast.com\/product\/yoast-seo-wordpress\/ -->\n<title>\ud83d\uddfa\ufe0f Carte \u00e9nerg\u00e9tique sacr\u00e9e de Notre-Dame de Fourvi\u00e8re (description d\u00e9taill\u00e9e) - Optannu<\/title>\n<meta name=\"robots\" content=\"index, follow, max-snippet:-1, max-image-preview:large, max-video-preview:-1\" \/>\n<link rel=\"canonical\" href=\"https:\/\/www.jng-web.com\/ref-auto\/\ud83d\uddfa\ufe0f-carte-energetique-sacree-de-notre-dame-de-fourviere-description-detaillee\/\" \/>\n<meta property=\"og:locale\" content=\"fr_FR\" \/>\n<meta property=\"og:type\" content=\"article\" \/>\n<meta property=\"og:title\" content=\"\ud83d\uddfa\ufe0f Carte \u00e9nerg\u00e9tique sacr\u00e9e de Notre-Dame de Fourvi\u00e8re (description d\u00e9taill\u00e9e) - Optannu\" \/>\n<meta property=\"og:description\" content=\"\ud83d\udccd1. Le point d\u2019ancrage tellurique principal \u2014 Crypte (basse chapelle) \u26a0\ufe0f Certains ressentent ici des sensations de vertige\" \/>\n<meta property=\"og:url\" content=\"https:\/\/www.jng-web.com\/ref-auto\/\ud83d\uddfa\ufe0f-carte-energetique-sacree-de-notre-dame-de-fourviere-description-detaillee\/\" \/>\n<meta property=\"og:site_name\" content=\"Optannu\" \/>\n<meta property=\"article:published_time\" content=\"2025-06-01T18:50:48+00:00\" \/>\n<meta property=\"article:modified_time\" content=\"2025-06-01T18:52:25+00:00\" \/>\n<meta property=\"og:image\" content=\"https:\/\/www.jng-web.com\/ref-auto\/wp-content\/uploads\/2025\/06\/fourviers-lyon.jpg\" \/>\n\t<meta property=\"og:image:width\" content=\"720\" \/>\n\t<meta property=\"og:image:height\" content=\"540\" \/>\n\t<meta property=\"og:image:type\" content=\"image\/jpeg\" \/>\n<meta name=\"author\" content=\"Jerome\" \/>\n<meta name=\"twitter:card\" content=\"summary_large_image\" \/>\n<meta name=\"twitter:label1\" content=\"\u00c9crit par\" \/>\n\t<meta name=\"twitter:data1\" content=\"Jerome\" \/>\n\t<meta name=\"twitter:label2\" content=\"Dur\u00e9e de lecture estim\u00e9e\" \/>\n\t<meta name=\"twitter:data2\" content=\"2 minutes\" \/>\n<script type=\"application\/ld+json\" class=\"yoast-schema-graph\">{\"@context\":\"https:\\\/\\\/schema.org\",\"@graph\":[{\"@type\":\"Article\",\"@id\":\"https:\\\/\\\/www.jng-web.com\\\/ref-auto\\\/%f0%9f%97%ba%ef%b8%8f-carte-energetique-sacree-de-notre-dame-de-fourviere-description-detaillee\\\/#article\",\"isPartOf\":{\"@id\":\"https:\\\/\\\/www.jng-web.com\\\/ref-auto\\\/%f0%9f%97%ba%ef%b8%8f-carte-energetique-sacree-de-notre-dame-de-fourviere-description-detaillee\\\/\"},\"author\":{\"name\":\"Jerome\",\"@id\":\"https:\\\/\\\/www.jng-web.com\\\/ref-auto\\\/#\\\/schema\\\/person\\\/9b9c81cd6753b27cc78a7072ecb82d8e\"},\"headline\":\"\ud83d\uddfa\ufe0f Carte \u00e9nerg\u00e9tique sacr\u00e9e de Notre-Dame de Fourvi\u00e8re (description d\u00e9taill\u00e9e)\",\"datePublished\":\"2025-06-01T18:50:48+00:00\",\"dateModified\":\"2025-06-01T18:52:25+00:00\",\"mainEntityOfPage\":{\"@id\":\"https:\\\/\\\/www.jng-web.com\\\/ref-auto\\\/%f0%9f%97%ba%ef%b8%8f-carte-energetique-sacree-de-notre-dame-de-fourviere-description-detaillee\\\/\"},\"wordCount\":512,\"commentCount\":0,\"image\":{\"@id\":\"https:\\\/\\\/www.jng-web.com\\\/ref-auto\\\/%f0%9f%97%ba%ef%b8%8f-carte-energetique-sacree-de-notre-dame-de-fourviere-description-detaillee\\\/#primaryimage\"},\"thumbnailUrl\":\"https:\\\/\\\/www.jng-web.com\\\/ref-auto\\\/wp-content\\\/uploads\\\/2025\\\/06\\\/fourviers-lyon.jpg\",\"keywords\":[\"environnement\",\"g\u00e9obiologie\",\"g\u00e9obiologie sacr\u00e9e\"],\"articleSection\":[\"Environnement\"],\"inLanguage\":\"fr-FR\",\"potentialAction\":[{\"@type\":\"CommentAction\",\"name\":\"Comment\",\"target\":[\"https:\\\/\\\/www.jng-web.com\\\/ref-auto\\\/%f0%9f%97%ba%ef%b8%8f-carte-energetique-sacree-de-notre-dame-de-fourviere-description-detaillee\\\/#respond\"]}]},{\"@type\":\"WebPage\",\"@id\":\"https:\\\/\\\/www.jng-web.com\\\/ref-auto\\\/%f0%9f%97%ba%ef%b8%8f-carte-energetique-sacree-de-notre-dame-de-fourviere-description-detaillee\\\/\",\"url\":\"https:\\\/\\\/www.jng-web.com\\\/ref-auto\\\/%f0%9f%97%ba%ef%b8%8f-carte-energetique-sacree-de-notre-dame-de-fourviere-description-detaillee\\\/\",\"name\":\"\ud83d\uddfa\ufe0f Carte \u00e9nerg\u00e9tique sacr\u00e9e de Notre-Dame de Fourvi\u00e8re (description d\u00e9taill\u00e9e) - Optannu\",\"isPartOf\":{\"@id\":\"https:\\\/\\\/www.jng-web.com\\\/ref-auto\\\/#website\"},\"primaryImageOfPage\":{\"@id\":\"https:\\\/\\\/www.jng-web.com\\\/ref-auto\\\/%f0%9f%97%ba%ef%b8%8f-carte-energetique-sacree-de-notre-dame-de-fourviere-description-detaillee\\\/#primaryimage\"},\"image\":{\"@id\":\"https:\\\/\\\/www.jng-web.com\\\/ref-auto\\\/%f0%9f%97%ba%ef%b8%8f-carte-energetique-sacree-de-notre-dame-de-fourviere-description-detaillee\\\/#primaryimage\"},\"thumbnailUrl\":\"https:\\\/\\\/www.jng-web.com\\\/ref-auto\\\/wp-content\\\/uploads\\\/2025\\\/06\\\/fourviers-lyon.jpg\",\"datePublished\":\"2025-06-01T18:50:48+00:00\",\"dateModified\":\"2025-06-01T18:52:25+00:00\",\"author\":{\"@id\":\"https:\\\/\\\/www.jng-web.com\\\/ref-auto\\\/#\\\/schema\\\/person\\\/9b9c81cd6753b27cc78a7072ecb82d8e\"},\"breadcrumb\":{\"@id\":\"https:\\\/\\\/www.jng-web.com\\\/ref-auto\\\/%f0%9f%97%ba%ef%b8%8f-carte-energetique-sacree-de-notre-dame-de-fourviere-description-detaillee\\\/#breadcrumb\"},\"inLanguage\":\"fr-FR\",\"potentialAction\":[{\"@type\":\"ReadAction\",\"target\":[\"https:\\\/\\\/www.jng-web.com\\\/ref-auto\\\/%f0%9f%97%ba%ef%b8%8f-carte-energetique-sacree-de-notre-dame-de-fourviere-description-detaillee\\\/\"]}]},{\"@type\":\"ImageObject\",\"inLanguage\":\"fr-FR\",\"@id\":\"https:\\\/\\\/www.jng-web.com\\\/ref-auto\\\/%f0%9f%97%ba%ef%b8%8f-carte-energetique-sacree-de-notre-dame-de-fourviere-description-detaillee\\\/#primaryimage\",\"url\":\"https:\\\/\\\/www.jng-web.com\\\/ref-auto\\\/wp-content\\\/uploads\\\/2025\\\/06\\\/fourviers-lyon.jpg\",\"contentUrl\":\"https:\\\/\\\/www.jng-web.com\\\/ref-auto\\\/wp-content\\\/uploads\\\/2025\\\/06\\\/fourviers-lyon.jpg\",\"width\":720,\"height\":540},{\"@type\":\"BreadcrumbList\",\"@id\":\"https:\\\/\\\/www.jng-web.com\\\/ref-auto\\\/%f0%9f%97%ba%ef%b8%8f-carte-energetique-sacree-de-notre-dame-de-fourviere-description-detaillee\\\/#breadcrumb\",\"itemListElement\":[{\"@type\":\"ListItem\",\"position\":1,\"name\":\"Annuaire g\u00e9n\u00e9raliste gratuit\",\"item\":\"https:\\\/\\\/www.jng-web.com\\\/ref-auto\\\/\"},{\"@type\":\"ListItem\",\"position\":2,\"name\":\"Environnement\",\"item\":\"https:\\\/\\\/www.jng-web.com\\\/ref-auto\\\/category\\\/environnement\\\/\"},{\"@type\":\"ListItem\",\"position\":3,\"name\":\"\ud83d\uddfa\ufe0f Carte \u00e9nerg\u00e9tique sacr\u00e9e de Notre-Dame de Fourvi\u00e8re (description d\u00e9taill\u00e9e)\"}]},{\"@type\":\"WebSite\",\"@id\":\"https:\\\/\\\/www.jng-web.com\\\/ref-auto\\\/#website\",\"url\":\"https:\\\/\\\/www.jng-web.com\\\/ref-auto\\\/\",\"name\":\"Optannu\",\"description\":\"Guest Blogging : Publier gratuitement vos articles et booster votre r\u00e9f\u00e9rencement !\",\"potentialAction\":[{\"@type\":\"SearchAction\",\"target\":{\"@type\":\"EntryPoint\",\"urlTemplate\":\"https:\\\/\\\/www.jng-web.com\\\/ref-auto\\\/?s={search_term_string}\"},\"query-input\":{\"@type\":\"PropertyValueSpecification\",\"valueRequired\":true,\"valueName\":\"search_term_string\"}}],\"inLanguage\":\"fr-FR\"},{\"@type\":\"Person\",\"@id\":\"https:\\\/\\\/www.jng-web.com\\\/ref-auto\\\/#\\\/schema\\\/person\\\/9b9c81cd6753b27cc78a7072ecb82d8e\",\"name\":\"Jerome\",\"image\":{\"@type\":\"ImageObject\",\"inLanguage\":\"fr-FR\",\"@id\":\"https:\\\/\\\/secure.gravatar.com\\\/avatar\\\/67845112d35b1cf1f1f3c11875432a8ccaa7ba6187cf0b3e820c9fbc6cb40fc6?s=96&d=mm&r=g\",\"url\":\"https:\\\/\\\/secure.gravatar.com\\\/avatar\\\/67845112d35b1cf1f1f3c11875432a8ccaa7ba6187cf0b3e820c9fbc6cb40fc6?s=96&d=mm&r=g\",\"contentUrl\":\"https:\\\/\\\/secure.gravatar.com\\\/avatar\\\/67845112d35b1cf1f1f3c11875432a8ccaa7ba6187cf0b3e820c9fbc6cb40fc6?s=96&d=mm&r=g\",\"caption\":\"Jerome\"},\"sameAs\":[\"https:\\\/\\\/www.jng-web.com\\\/ref-auto\"],\"url\":\"https:\\\/\\\/www.jng-web.com\\\/ref-auto\"}]}<\/script>\n<!-- \/ Yoast SEO plugin. -->","yoast_head_json":{"title":"\ud83d\uddfa\ufe0f Carte \u00e9nerg\u00e9tique sacr\u00e9e de Notre-Dame de Fourvi\u00e8re (description d\u00e9taill\u00e9e) - Optannu","robots":{"index":"index","follow":"follow","max-snippet":"max-snippet:-1","max-image-preview":"max-image-preview:large","max-video-preview":"max-video-preview:-1"},"canonical":"https:\/\/www.jng-web.com\/ref-auto\/\ud83d\uddfa\ufe0f-carte-energetique-sacree-de-notre-dame-de-fourviere-description-detaillee\/","og_locale":"fr_FR","og_type":"article","og_title":"\ud83d\uddfa\ufe0f Carte \u00e9nerg\u00e9tique sacr\u00e9e de Notre-Dame de Fourvi\u00e8re (description d\u00e9taill\u00e9e) - Optannu","og_description":"\ud83d\udccd1. Le point d\u2019ancrage tellurique principal \u2014 Crypte (basse chapelle) \u26a0\ufe0f Certains ressentent ici des sensations de vertige","og_url":"https:\/\/www.jng-web.com\/ref-auto\/\ud83d\uddfa\ufe0f-carte-energetique-sacree-de-notre-dame-de-fourviere-description-detaillee\/","og_site_name":"Optannu","article_published_time":"2025-06-01T18:50:48+00:00","article_modified_time":"2025-06-01T18:52:25+00:00","og_image":[{"width":720,"height":540,"url":"https:\/\/www.jng-web.com\/ref-auto\/wp-content\/uploads\/2025\/06\/fourviers-lyon.jpg","type":"image\/jpeg"}],"author":"Jerome","twitter_card":"summary_large_image","twitter_misc":{"\u00c9crit par":"Jerome","Dur\u00e9e de lecture estim\u00e9e":"2 minutes"},"schema":{"@context":"https:\/\/schema.org","@graph":[{"@type":"Article","@id":"https:\/\/www.jng-web.com\/ref-auto\/%f0%9f%97%ba%ef%b8%8f-carte-energetique-sacree-de-notre-dame-de-fourviere-description-detaillee\/#article","isPartOf":{"@id":"https:\/\/www.jng-web.com\/ref-auto\/%f0%9f%97%ba%ef%b8%8f-carte-energetique-sacree-de-notre-dame-de-fourviere-description-detaillee\/"},"author":{"name":"Jerome","@id":"https:\/\/www.jng-web.com\/ref-auto\/#\/schema\/person\/9b9c81cd6753b27cc78a7072ecb82d8e"},"headline":"\ud83d\uddfa\ufe0f Carte \u00e9nerg\u00e9tique sacr\u00e9e de Notre-Dame de Fourvi\u00e8re (description d\u00e9taill\u00e9e)","datePublished":"2025-06-01T18:50:48+00:00","dateModified":"2025-06-01T18:52:25+00:00","mainEntityOfPage":{"@id":"https:\/\/www.jng-web.com\/ref-auto\/%f0%9f%97%ba%ef%b8%8f-carte-energetique-sacree-de-notre-dame-de-fourviere-description-detaillee\/"},"wordCount":512,"commentCount":0,"image":{"@id":"https:\/\/www.jng-web.com\/ref-auto\/%f0%9f%97%ba%ef%b8%8f-carte-energetique-sacree-de-notre-dame-de-fourviere-description-detaillee\/#primaryimage"},"thumbnailUrl":"https:\/\/www.jng-web.com\/ref-auto\/wp-content\/uploads\/2025\/06\/fourviers-lyon.jpg","keywords":["environnement","g\u00e9obiologie","g\u00e9obiologie sacr\u00e9e"],"articleSection":["Environnement"],"inLanguage":"fr-FR","potentialAction":[{"@type":"CommentAction","name":"Comment","target":["https:\/\/www.jng-web.com\/ref-auto\/%f0%9f%97%ba%ef%b8%8f-carte-energetique-sacree-de-notre-dame-de-fourviere-description-detaillee\/#respond"]}]},{"@type":"WebPage","@id":"https:\/\/www.jng-web.com\/ref-auto\/%f0%9f%97%ba%ef%b8%8f-carte-energetique-sacree-de-notre-dame-de-fourviere-description-detaillee\/","url":"https:\/\/www.jng-web.com\/ref-auto\/%f0%9f%97%ba%ef%b8%8f-carte-energetique-sacree-de-notre-dame-de-fourviere-description-detaillee\/","name":"\ud83d\uddfa\ufe0f Carte \u00e9nerg\u00e9tique sacr\u00e9e de Notre-Dame de Fourvi\u00e8re (description d\u00e9taill\u00e9e) - Optannu","isPartOf":{"@id":"https:\/\/www.jng-web.com\/ref-auto\/#website"},"primaryImageOfPage":{"@id":"https:\/\/www.jng-web.com\/ref-auto\/%f0%9f%97%ba%ef%b8%8f-carte-energetique-sacree-de-notre-dame-de-fourviere-description-detaillee\/#primaryimage"},"image":{"@id":"https:\/\/www.jng-web.com\/ref-auto\/%f0%9f%97%ba%ef%b8%8f-carte-energetique-sacree-de-notre-dame-de-fourviere-description-detaillee\/#primaryimage"},"thumbnailUrl":"https:\/\/www.jng-web.com\/ref-auto\/wp-content\/uploads\/2025\/06\/fourviers-lyon.jpg","datePublished":"2025-06-01T18:50:48+00:00","dateModified":"2025-06-01T18:52:25+00:00","author":{"@id":"https:\/\/www.jng-web.com\/ref-auto\/#\/schema\/person\/9b9c81cd6753b27cc78a7072ecb82d8e"},"breadcrumb":{"@id":"https:\/\/www.jng-web.com\/ref-auto\/%f0%9f%97%ba%ef%b8%8f-carte-energetique-sacree-de-notre-dame-de-fourviere-description-detaillee\/#breadcrumb"},"inLanguage":"fr-FR","potentialAction":[{"@type":"ReadAction","target":["https:\/\/www.jng-web.com\/ref-auto\/%f0%9f%97%ba%ef%b8%8f-carte-energetique-sacree-de-notre-dame-de-fourviere-description-detaillee\/"]}]},{"@type":"ImageObject","inLanguage":"fr-FR","@id":"https:\/\/www.jng-web.com\/ref-auto\/%f0%9f%97%ba%ef%b8%8f-carte-energetique-sacree-de-notre-dame-de-fourviere-description-detaillee\/#primaryimage","url":"https:\/\/www.jng-web.com\/ref-auto\/wp-content\/uploads\/2025\/06\/fourviers-lyon.jpg","contentUrl":"https:\/\/www.jng-web.com\/ref-auto\/wp-content\/uploads\/2025\/06\/fourviers-lyon.jpg","width":720,"height":540},{"@type":"BreadcrumbList","@id":"https:\/\/www.jng-web.com\/ref-auto\/%f0%9f%97%ba%ef%b8%8f-carte-energetique-sacree-de-notre-dame-de-fourviere-description-detaillee\/#breadcrumb","itemListElement":[{"@type":"ListItem","position":1,"name":"Annuaire g\u00e9n\u00e9raliste gratuit","item":"https:\/\/www.jng-web.com\/ref-auto\/"},{"@type":"ListItem","position":2,"name":"Environnement","item":"https:\/\/www.jng-web.com\/ref-auto\/category\/environnement\/"},{"@type":"ListItem","position":3,"name":"\ud83d\uddfa\ufe0f Carte \u00e9nerg\u00e9tique sacr\u00e9e de Notre-Dame de Fourvi\u00e8re (description d\u00e9taill\u00e9e)"}]},{"@type":"WebSite","@id":"https:\/\/www.jng-web.com\/ref-auto\/#website","url":"https:\/\/www.jng-web.com\/ref-auto\/","name":"Optannu","description":"Guest Blogging : Publier gratuitement vos articles et booster votre r\u00e9f\u00e9rencement !","potentialAction":[{"@type":"SearchAction","target":{"@type":"EntryPoint","urlTemplate":"https:\/\/www.jng-web.com\/ref-auto\/?s={search_term_string}"},"query-input":{"@type":"PropertyValueSpecification","valueRequired":true,"valueName":"search_term_string"}}],"inLanguage":"fr-FR"},{"@type":"Person","@id":"https:\/\/www.jng-web.com\/ref-auto\/#\/schema\/person\/9b9c81cd6753b27cc78a7072ecb82d8e","name":"Jerome","image":{"@type":"ImageObject","inLanguage":"fr-FR","@id":"https:\/\/secure.gravatar.com\/avatar\/67845112d35b1cf1f1f3c11875432a8ccaa7ba6187cf0b3e820c9fbc6cb40fc6?s=96&d=mm&r=g","url":"https:\/\/secure.gravatar.com\/avatar\/67845112d35b1cf1f1f3c11875432a8ccaa7ba6187cf0b3e820c9fbc6cb40fc6?s=96&d=mm&r=g","contentUrl":"https:\/\/secure.gravatar.com\/avatar\/67845112d35b1cf1f1f3c11875432a8ccaa7ba6187cf0b3e820c9fbc6cb40fc6?s=96&d=mm&r=g","caption":"Jerome"},"sameAs":["https:\/\/www.jng-web.com\/ref-auto"],"url":"https:\/\/www.jng-web.com\/ref-auto"}]}},"views":678,"_links":{"self":[{"href":"https:\/\/www.jng-web.com\/ref-auto\/wp-json\/wp\/v2\/posts\/275255","targetHints":{"allow":["GET"]}}],"collection":[{"href":"https:\/\/www.jng-web.com\/ref-auto\/wp-json\/wp\/v2\/posts"}],"about":[{"href":"https:\/\/www.jng-web.com\/ref-auto\/wp-json\/wp\/v2\/types\/post"}],"author":[{"embeddable":true,"href":"https:\/\/www.jng-web.com\/ref-auto\/wp-json\/wp\/v2\/users\/1"}],"replies":[{"embeddable":true,"href":"https:\/\/www.jng-web.com\/ref-auto\/wp-json\/wp\/v2\/comments?post=275255"}],"version-history":[{"count":1,"href":"https:\/\/www.jng-web.com\/ref-auto\/wp-json\/wp\/v2\/posts\/275255\/revisions"}],"predecessor-version":[{"id":275426,"href":"https:\/\/www.jng-web.com\/ref-auto\/wp-json\/wp\/v2\/posts\/275255\/revisions\/275426"}],"wp:featuredmedia":[{"embeddable":true,"href":"https:\/\/www.jng-web.com\/ref-auto\/wp-json\/wp\/v2\/media\/275239"}],"wp:attachment":[{"href":"https:\/\/www.jng-web.com\/ref-auto\/wp-json\/wp\/v2\/media?parent=275255"}],"wp:term":[{"taxonomy":"category","embeddable":true,"href":"https:\/\/www.jng-web.com\/ref-auto\/wp-json\/wp\/v2\/categories?post=275255"},{"taxonomy":"post_tag","embeddable":true,"href":"https:\/\/www.jng-web.com\/ref-auto\/wp-json\/wp\/v2\/tags?post=275255"}],"curies":[{"name":"wp","href":"https:\/\/api.w.org\/{rel}","templated":true}]}}