{"id":286953,"date":"2025-06-29T09:34:01","date_gmt":"2025-06-29T07:34:01","guid":{"rendered":"https:\/\/www.jng-web.com\/ref-auto\/?p=286953"},"modified":"2025-06-29T09:34:03","modified_gmt":"2025-06-29T07:34:03","slug":"%f0%9f%8c%9e-canicule-comment-se-proteger-efficacement-des-fortes-chaleurs","status":"publish","type":"post","link":"https:\/\/www.jng-web.com\/ref-auto\/%f0%9f%8c%9e-canicule-comment-se-proteger-efficacement-des-fortes-chaleurs\/","title":{"rendered":"\ud83c\udf1e Canicule : Comment se prot\u00e9ger efficacement des fortes chaleurs"},"content":{"rendered":"<div id=\"6729917897\" class=\"advads-pub advads-entity-placement\"><script async src=\"https:\/\/pagead2.googlesyndication.com\/pagead\/js\/adsbygoogle.js?client=ca-pub-4944504088214075\"\r\n     crossorigin=\"anonymous\"><\/script><\/div>\n<p>Chaque \u00e9t\u00e9, les vagues de chaleur se font plus fr\u00e9quentes et plus intenses. La canicule n\u2019est pas seulement inconfortable : elle peut \u00eatre dangereuse pour la sant\u00e9, surtout pour les personnes vuln\u00e9rables. Voici les gestes simples et essentiels pour vous prot\u00e9ger, vous et vos proches, pendant les p\u00e9riodes de forte chaleur.<\/p>\n\n\n\n<h2 class=\"wp-block-heading\">\ud83d\udd25 Qu\u2019est-ce qu\u2019une canicule ?<\/h2>\n\n\n\n<p>Une canicule se d\u00e9finit par <strong>des temp\u00e9ratures anormalement \u00e9lev\u00e9es le jour et la nuit, pendant au moins trois jours cons\u00e9cutifs<\/strong>. Elle peut entra\u00eener une d\u00e9shydratation, un coup de chaleur, une aggravation des maladies chroniques, voire des d\u00e9c\u00e8s si les pr\u00e9cautions n\u00e9cessaires ne sont pas prises.<\/p>\n\n\n\n<h2 class=\"wp-block-heading\">\ud83d\udca7 1. Boire r\u00e9guli\u00e8rement de l\u2019eau (m\u00eame sans soif)<\/h2>\n\n\n\n<p>C\u2019est <strong>la r\u00e8gle d\u2019or<\/strong>. Pendant une canicule, le corps perd plus d\u2019eau par la transpiration. Il est donc crucial de :<\/p>\n\n\n\n<ul class=\"wp-block-list\">\n<li>Boire au <strong>minimum 1,5 \u00e0 2 litres d\u2019eau par jour<\/strong> ;<\/li>\n\n\n\n<li>\u00c9viter l\u2019alcool, le caf\u00e9 ou les boissons sucr\u00e9es qui d\u00e9shydratent ;<\/li>\n\n\n\n<li>Penser \u00e0 <strong>hydrater les enfants et les personnes \u00e2g\u00e9es<\/strong>, qui ressentent moins la soif.<\/li>\n<\/ul>\n\n\n\n<h2 class=\"wp-block-heading\">\ud83e\uddca 2. Garder son logement au frais<\/h2>\n\n\n\n<p>M\u00eame sans climatisation, il est possible de limiter la chaleur dans son int\u00e9rieur :<\/p>\n\n\n\n<ul class=\"wp-block-list\">\n<li>Fermer <strong>volets, rideaux et fen\u00eatres en journ\u00e9e<\/strong> ;<\/li>\n\n\n\n<li>A\u00e9rer t\u00f4t le matin et tard le soir quand la temp\u00e9rature baisse ;<\/li>\n\n\n\n<li>Utiliser des ventilateurs, ou placer un linge humide devant pour un effet plus frais ;<\/li>\n\n\n\n<li>Humidifier les sols, les rideaux ou les draps pour abaisser la temp\u00e9rature.<\/li>\n<\/ul>\n\n\n\n<h2 class=\"wp-block-heading\">\ud83d\udc55 3. Adapter ses activit\u00e9s et sa tenue<\/h2>\n\n\n\n<p>Durant la canicule, il faut <strong>\u00e9viter les efforts physiques aux heures chaudes<\/strong> (entre 11h et 18h) :<\/p>\n\n\n\n<ul class=\"wp-block-list\">\n<li>Reporter les t\u00e2ches physiques au matin ou au soir ;<\/li>\n\n\n\n<li>Porter des <strong>v\u00eatements l\u00e9gers, amples et de couleur claire<\/strong> ;<\/li>\n\n\n\n<li>Prot\u00e9ger sa t\u00eate avec un chapeau et porter des lunettes de soleil \u00e0 l\u2019ext\u00e9rieur ;<\/li>\n\n\n\n<li>Privil\u00e9gier les endroits ombrag\u00e9s ou climatis\u00e9s (centres commerciaux, biblioth\u00e8ques, cin\u00e9mas\u2026).<\/li>\n<\/ul>\n\n\n\n<h2 class=\"wp-block-heading\">\ud83d\udea8 4. \u00catre attentif aux signes d\u2019alerte<\/h2>\n\n\n\n<p>Il est important de <strong>reconna\u00eetre les sympt\u00f4mes d\u2019un coup de chaleur<\/strong> :<\/p>\n\n\n\n<ul class=\"wp-block-list\">\n<li>Fatigue inhabituelle, maux de t\u00eate, vertiges ;<\/li>\n\n\n\n<li>Naus\u00e9es, crampes musculaires, peau chaude et s\u00e8che ;<\/li>\n\n\n\n<li>Confusion, perte de connaissance (dans les cas graves).<\/li>\n<\/ul>\n\n\n\n<p>En cas de doute, appelez le 15 imm\u00e9diatement.<\/p>\n\n\n\n<h2 class=\"wp-block-heading\">\ud83e\uddd3 5. Prot\u00e9ger les plus vuln\u00e9rables<\/h2>\n\n\n\n<p>Les <strong>personnes \u00e2g\u00e9es, les nourrissons, les femmes enceintes ou les personnes malades<\/strong> sont les plus \u00e0 risque. Pensez \u00e0 :<\/p>\n\n\n\n<ul class=\"wp-block-list\">\n<li>Prendre de leurs nouvelles plusieurs fois par jour ;<\/li>\n\n\n\n<li>Les aider \u00e0 s\u2019hydrater et \u00e0 rester dans un environnement frais ;<\/li>\n\n\n\n<li>Signaler toute situation \u00e0 risque aux services de sant\u00e9 ou \u00e0 la mairie.<\/li>\n<\/ul>\n\n\n\n<h2 class=\"wp-block-heading\">\ud83c\udf3f Bonus : astuces naturelles<\/h2>\n\n\n\n<p>Quelques astuces simples pour mieux supporter la chaleur :<\/p>\n\n\n\n<ul class=\"wp-block-list\">\n<li>Tremper ses pieds dans de l\u2019eau fra\u00eeche ;<\/li>\n\n\n\n<li>Passer un gant humide sur le corps ;<\/li>\n\n\n\n<li>Consommer des aliments riches en eau (past\u00e8que, concombre, melon\u2026) ;<\/li>\n\n\n\n<li>\u00c9viter les repas lourds et chauds.<\/li>\n<\/ul>\n\n\n\n<hr class=\"wp-block-separator has-alpha-channel-opacity\"\/>\n\n\n\n<h2 class=\"wp-block-heading\">\u2705 En r\u00e9sum\u00e9<\/h2>\n\n\n\n<blockquote class=\"wp-block-quote is-layout-flow wp-block-quote-is-layout-flow\">\n<p>\ud83d\udd39 Hydratez-vous r\u00e9guli\u00e8rement<br>\ud83d\udd39 Rafra\u00eechissez votre logement<br>\ud83d\udd39 \u00c9vitez les sorties en pleine chaleur<br>\ud83d\udd39 Surveillez les signes de coup de chaleur<br>\ud83d\udd39 Prenez soin des plus fragiles<\/p>\n<\/blockquote>\n\n\n\n<p>La canicule est un ph\u00e9nom\u00e8ne s\u00e9rieux, mais en adoptant les bons r\u00e9flexes, vous pouvez en limiter les effets et prot\u00e9ger votre sant\u00e9. N\u2019h\u00e9sitez pas \u00e0 partager ces conseils autour de vous : <strong>la pr\u00e9vention sauve des vies<\/strong> !<\/p>\n","protected":false},"excerpt":{"rendered":"<p>Chaque \u00e9t\u00e9, les vagues de chaleur se font plus fr\u00e9quentes et plus intenses. La canicule n\u2019est pas seulement<\/p>\n","protected":false},"author":1,"featured_media":286963,"comment_status":"open","ping_status":"open","sticky":false,"template":"","format":"standard","meta":{"rop_custom_images_group":[],"rop_custom_messages_group":[],"rop_publish_now":"initial","rop_publish_now_accounts":{"facebook_2944925605560295_361066357320011":"","twitter_792688215148855296_792688215148855296":""},"rop_publish_now_history":[],"rop_publish_now_status":"pending","footnotes":""},"categories":[2],"tags":[1029,864,995],"class_list":["post-286953","post","type-post","status-publish","format-standard","has-post-thumbnail","hentry","category-actualites","tag-canicule","tag-environnement","tag-meteo-2"],"yoast_head":"<!-- This site is optimized with the Yoast SEO plugin v27.4 - https:\/\/yoast.com\/product\/yoast-seo-wordpress\/ -->\n<title>\ud83c\udf1e Canicule : Comment se prot\u00e9ger efficacement des fortes chaleurs - Optannu<\/title>\n<meta name=\"robots\" content=\"index, follow, max-snippet:-1, max-image-preview:large, max-video-preview:-1\" \/>\n<link rel=\"canonical\" href=\"https:\/\/www.jng-web.com\/ref-auto\/\ud83c\udf1e-canicule-comment-se-proteger-efficacement-des-fortes-chaleurs\/\" \/>\n<meta property=\"og:locale\" content=\"fr_FR\" \/>\n<meta property=\"og:type\" content=\"article\" \/>\n<meta property=\"og:title\" content=\"\ud83c\udf1e Canicule : Comment se prot\u00e9ger efficacement des fortes chaleurs - Optannu\" \/>\n<meta property=\"og:description\" content=\"Chaque \u00e9t\u00e9, les vagues de chaleur se font plus fr\u00e9quentes et plus intenses. La canicule n\u2019est pas seulement\" \/>\n<meta property=\"og:url\" content=\"https:\/\/www.jng-web.com\/ref-auto\/\ud83c\udf1e-canicule-comment-se-proteger-efficacement-des-fortes-chaleurs\/\" \/>\n<meta property=\"og:site_name\" content=\"Optannu\" \/>\n<meta property=\"article:published_time\" content=\"2025-06-29T07:34:01+00:00\" \/>\n<meta property=\"article:modified_time\" content=\"2025-06-29T07:34:03+00:00\" \/>\n<meta property=\"og:image\" content=\"https:\/\/www.jng-web.com\/ref-auto\/wp-content\/uploads\/2025\/06\/two-women-enjoying-the-sun-on-their-summer-vacation-picjumbo-com-scaled.jpeg\" \/>\n\t<meta property=\"og:image:width\" content=\"2560\" \/>\n\t<meta property=\"og:image:height\" content=\"1707\" \/>\n\t<meta property=\"og:image:type\" content=\"image\/jpeg\" \/>\n<meta name=\"author\" content=\"Jerome\" \/>\n<meta name=\"twitter:card\" content=\"summary_large_image\" \/>\n<meta name=\"twitter:label1\" content=\"\u00c9crit par\" \/>\n\t<meta name=\"twitter:data1\" content=\"Jerome\" \/>\n\t<meta name=\"twitter:label2\" content=\"Dur\u00e9e de lecture estim\u00e9e\" \/>\n\t<meta name=\"twitter:data2\" content=\"3 minutes\" \/>\n<script type=\"application\/ld+json\" class=\"yoast-schema-graph\">{\"@context\":\"https:\\\/\\\/schema.org\",\"@graph\":[{\"@type\":\"Article\",\"@id\":\"https:\\\/\\\/www.jng-web.com\\\/ref-auto\\\/%f0%9f%8c%9e-canicule-comment-se-proteger-efficacement-des-fortes-chaleurs\\\/#article\",\"isPartOf\":{\"@id\":\"https:\\\/\\\/www.jng-web.com\\\/ref-auto\\\/%f0%9f%8c%9e-canicule-comment-se-proteger-efficacement-des-fortes-chaleurs\\\/\"},\"author\":{\"name\":\"Jerome\",\"@id\":\"https:\\\/\\\/www.jng-web.com\\\/ref-auto\\\/#\\\/schema\\\/person\\\/9b9c81cd6753b27cc78a7072ecb82d8e\"},\"headline\":\"\ud83c\udf1e Canicule : Comment se prot\u00e9ger efficacement des fortes chaleurs\",\"datePublished\":\"2025-06-29T07:34:01+00:00\",\"dateModified\":\"2025-06-29T07:34:03+00:00\",\"mainEntityOfPage\":{\"@id\":\"https:\\\/\\\/www.jng-web.com\\\/ref-auto\\\/%f0%9f%8c%9e-canicule-comment-se-proteger-efficacement-des-fortes-chaleurs\\\/\"},\"wordCount\":561,\"commentCount\":0,\"image\":{\"@id\":\"https:\\\/\\\/www.jng-web.com\\\/ref-auto\\\/%f0%9f%8c%9e-canicule-comment-se-proteger-efficacement-des-fortes-chaleurs\\\/#primaryimage\"},\"thumbnailUrl\":\"https:\\\/\\\/www.jng-web.com\\\/ref-auto\\\/wp-content\\\/uploads\\\/2025\\\/06\\\/two-women-enjoying-the-sun-on-their-summer-vacation-picjumbo-com-scaled.jpeg\",\"keywords\":[\"canicule\",\"environnement\",\"m\u00e9t\u00e9o\"],\"articleSection\":[\"Actualit\u00e9s\"],\"inLanguage\":\"fr-FR\",\"potentialAction\":[{\"@type\":\"CommentAction\",\"name\":\"Comment\",\"target\":[\"https:\\\/\\\/www.jng-web.com\\\/ref-auto\\\/%f0%9f%8c%9e-canicule-comment-se-proteger-efficacement-des-fortes-chaleurs\\\/#respond\"]}]},{\"@type\":\"WebPage\",\"@id\":\"https:\\\/\\\/www.jng-web.com\\\/ref-auto\\\/%f0%9f%8c%9e-canicule-comment-se-proteger-efficacement-des-fortes-chaleurs\\\/\",\"url\":\"https:\\\/\\\/www.jng-web.com\\\/ref-auto\\\/%f0%9f%8c%9e-canicule-comment-se-proteger-efficacement-des-fortes-chaleurs\\\/\",\"name\":\"\ud83c\udf1e Canicule : Comment se prot\u00e9ger efficacement des fortes chaleurs - Optannu\",\"isPartOf\":{\"@id\":\"https:\\\/\\\/www.jng-web.com\\\/ref-auto\\\/#website\"},\"primaryImageOfPage\":{\"@id\":\"https:\\\/\\\/www.jng-web.com\\\/ref-auto\\\/%f0%9f%8c%9e-canicule-comment-se-proteger-efficacement-des-fortes-chaleurs\\\/#primaryimage\"},\"image\":{\"@id\":\"https:\\\/\\\/www.jng-web.com\\\/ref-auto\\\/%f0%9f%8c%9e-canicule-comment-se-proteger-efficacement-des-fortes-chaleurs\\\/#primaryimage\"},\"thumbnailUrl\":\"https:\\\/\\\/www.jng-web.com\\\/ref-auto\\\/wp-content\\\/uploads\\\/2025\\\/06\\\/two-women-enjoying-the-sun-on-their-summer-vacation-picjumbo-com-scaled.jpeg\",\"datePublished\":\"2025-06-29T07:34:01+00:00\",\"dateModified\":\"2025-06-29T07:34:03+00:00\",\"author\":{\"@id\":\"https:\\\/\\\/www.jng-web.com\\\/ref-auto\\\/#\\\/schema\\\/person\\\/9b9c81cd6753b27cc78a7072ecb82d8e\"},\"breadcrumb\":{\"@id\":\"https:\\\/\\\/www.jng-web.com\\\/ref-auto\\\/%f0%9f%8c%9e-canicule-comment-se-proteger-efficacement-des-fortes-chaleurs\\\/#breadcrumb\"},\"inLanguage\":\"fr-FR\",\"potentialAction\":[{\"@type\":\"ReadAction\",\"target\":[\"https:\\\/\\\/www.jng-web.com\\\/ref-auto\\\/%f0%9f%8c%9e-canicule-comment-se-proteger-efficacement-des-fortes-chaleurs\\\/\"]}]},{\"@type\":\"ImageObject\",\"inLanguage\":\"fr-FR\",\"@id\":\"https:\\\/\\\/www.jng-web.com\\\/ref-auto\\\/%f0%9f%8c%9e-canicule-comment-se-proteger-efficacement-des-fortes-chaleurs\\\/#primaryimage\",\"url\":\"https:\\\/\\\/www.jng-web.com\\\/ref-auto\\\/wp-content\\\/uploads\\\/2025\\\/06\\\/two-women-enjoying-the-sun-on-their-summer-vacation-picjumbo-com-scaled.jpeg\",\"contentUrl\":\"https:\\\/\\\/www.jng-web.com\\\/ref-auto\\\/wp-content\\\/uploads\\\/2025\\\/06\\\/two-women-enjoying-the-sun-on-their-summer-vacation-picjumbo-com-scaled.jpeg\",\"width\":2560,\"height\":1707},{\"@type\":\"BreadcrumbList\",\"@id\":\"https:\\\/\\\/www.jng-web.com\\\/ref-auto\\\/%f0%9f%8c%9e-canicule-comment-se-proteger-efficacement-des-fortes-chaleurs\\\/#breadcrumb\",\"itemListElement\":[{\"@type\":\"ListItem\",\"position\":1,\"name\":\"Annuaire g\u00e9n\u00e9raliste gratuit\",\"item\":\"https:\\\/\\\/www.jng-web.com\\\/ref-auto\\\/\"},{\"@type\":\"ListItem\",\"position\":2,\"name\":\"Actualit\u00e9s\",\"item\":\"https:\\\/\\\/www.jng-web.com\\\/ref-auto\\\/category\\\/actualites\\\/\"},{\"@type\":\"ListItem\",\"position\":3,\"name\":\"\ud83c\udf1e Canicule : Comment se prot\u00e9ger efficacement des fortes chaleurs\"}]},{\"@type\":\"WebSite\",\"@id\":\"https:\\\/\\\/www.jng-web.com\\\/ref-auto\\\/#website\",\"url\":\"https:\\\/\\\/www.jng-web.com\\\/ref-auto\\\/\",\"name\":\"Optannu\",\"description\":\"Guest Blogging : Publier gratuitement vos articles et booster votre r\u00e9f\u00e9rencement !\",\"potentialAction\":[{\"@type\":\"SearchAction\",\"target\":{\"@type\":\"EntryPoint\",\"urlTemplate\":\"https:\\\/\\\/www.jng-web.com\\\/ref-auto\\\/?s={search_term_string}\"},\"query-input\":{\"@type\":\"PropertyValueSpecification\",\"valueRequired\":true,\"valueName\":\"search_term_string\"}}],\"inLanguage\":\"fr-FR\"},{\"@type\":\"Person\",\"@id\":\"https:\\\/\\\/www.jng-web.com\\\/ref-auto\\\/#\\\/schema\\\/person\\\/9b9c81cd6753b27cc78a7072ecb82d8e\",\"name\":\"Jerome\",\"image\":{\"@type\":\"ImageObject\",\"inLanguage\":\"fr-FR\",\"@id\":\"https:\\\/\\\/secure.gravatar.com\\\/avatar\\\/67845112d35b1cf1f1f3c11875432a8ccaa7ba6187cf0b3e820c9fbc6cb40fc6?s=96&d=mm&r=g\",\"url\":\"https:\\\/\\\/secure.gravatar.com\\\/avatar\\\/67845112d35b1cf1f1f3c11875432a8ccaa7ba6187cf0b3e820c9fbc6cb40fc6?s=96&d=mm&r=g\",\"contentUrl\":\"https:\\\/\\\/secure.gravatar.com\\\/avatar\\\/67845112d35b1cf1f1f3c11875432a8ccaa7ba6187cf0b3e820c9fbc6cb40fc6?s=96&d=mm&r=g\",\"caption\":\"Jerome\"},\"sameAs\":[\"https:\\\/\\\/www.jng-web.com\\\/ref-auto\"],\"url\":\"https:\\\/\\\/www.jng-web.com\\\/ref-auto\"}]}<\/script>\n<!-- \/ Yoast SEO plugin. -->","yoast_head_json":{"title":"\ud83c\udf1e Canicule : Comment se prot\u00e9ger efficacement des fortes chaleurs - Optannu","robots":{"index":"index","follow":"follow","max-snippet":"max-snippet:-1","max-image-preview":"max-image-preview:large","max-video-preview":"max-video-preview:-1"},"canonical":"https:\/\/www.jng-web.com\/ref-auto\/\ud83c\udf1e-canicule-comment-se-proteger-efficacement-des-fortes-chaleurs\/","og_locale":"fr_FR","og_type":"article","og_title":"\ud83c\udf1e Canicule : Comment se prot\u00e9ger efficacement des fortes chaleurs - Optannu","og_description":"Chaque \u00e9t\u00e9, les vagues de chaleur se font plus fr\u00e9quentes et plus intenses. La canicule n\u2019est pas seulement","og_url":"https:\/\/www.jng-web.com\/ref-auto\/\ud83c\udf1e-canicule-comment-se-proteger-efficacement-des-fortes-chaleurs\/","og_site_name":"Optannu","article_published_time":"2025-06-29T07:34:01+00:00","article_modified_time":"2025-06-29T07:34:03+00:00","og_image":[{"width":2560,"height":1707,"url":"https:\/\/www.jng-web.com\/ref-auto\/wp-content\/uploads\/2025\/06\/two-women-enjoying-the-sun-on-their-summer-vacation-picjumbo-com-scaled.jpeg","type":"image\/jpeg"}],"author":"Jerome","twitter_card":"summary_large_image","twitter_misc":{"\u00c9crit par":"Jerome","Dur\u00e9e de lecture estim\u00e9e":"3 minutes"},"schema":{"@context":"https:\/\/schema.org","@graph":[{"@type":"Article","@id":"https:\/\/www.jng-web.com\/ref-auto\/%f0%9f%8c%9e-canicule-comment-se-proteger-efficacement-des-fortes-chaleurs\/#article","isPartOf":{"@id":"https:\/\/www.jng-web.com\/ref-auto\/%f0%9f%8c%9e-canicule-comment-se-proteger-efficacement-des-fortes-chaleurs\/"},"author":{"name":"Jerome","@id":"https:\/\/www.jng-web.com\/ref-auto\/#\/schema\/person\/9b9c81cd6753b27cc78a7072ecb82d8e"},"headline":"\ud83c\udf1e Canicule : Comment se prot\u00e9ger efficacement des fortes chaleurs","datePublished":"2025-06-29T07:34:01+00:00","dateModified":"2025-06-29T07:34:03+00:00","mainEntityOfPage":{"@id":"https:\/\/www.jng-web.com\/ref-auto\/%f0%9f%8c%9e-canicule-comment-se-proteger-efficacement-des-fortes-chaleurs\/"},"wordCount":561,"commentCount":0,"image":{"@id":"https:\/\/www.jng-web.com\/ref-auto\/%f0%9f%8c%9e-canicule-comment-se-proteger-efficacement-des-fortes-chaleurs\/#primaryimage"},"thumbnailUrl":"https:\/\/www.jng-web.com\/ref-auto\/wp-content\/uploads\/2025\/06\/two-women-enjoying-the-sun-on-their-summer-vacation-picjumbo-com-scaled.jpeg","keywords":["canicule","environnement","m\u00e9t\u00e9o"],"articleSection":["Actualit\u00e9s"],"inLanguage":"fr-FR","potentialAction":[{"@type":"CommentAction","name":"Comment","target":["https:\/\/www.jng-web.com\/ref-auto\/%f0%9f%8c%9e-canicule-comment-se-proteger-efficacement-des-fortes-chaleurs\/#respond"]}]},{"@type":"WebPage","@id":"https:\/\/www.jng-web.com\/ref-auto\/%f0%9f%8c%9e-canicule-comment-se-proteger-efficacement-des-fortes-chaleurs\/","url":"https:\/\/www.jng-web.com\/ref-auto\/%f0%9f%8c%9e-canicule-comment-se-proteger-efficacement-des-fortes-chaleurs\/","name":"\ud83c\udf1e Canicule : Comment se prot\u00e9ger efficacement des fortes chaleurs - Optannu","isPartOf":{"@id":"https:\/\/www.jng-web.com\/ref-auto\/#website"},"primaryImageOfPage":{"@id":"https:\/\/www.jng-web.com\/ref-auto\/%f0%9f%8c%9e-canicule-comment-se-proteger-efficacement-des-fortes-chaleurs\/#primaryimage"},"image":{"@id":"https:\/\/www.jng-web.com\/ref-auto\/%f0%9f%8c%9e-canicule-comment-se-proteger-efficacement-des-fortes-chaleurs\/#primaryimage"},"thumbnailUrl":"https:\/\/www.jng-web.com\/ref-auto\/wp-content\/uploads\/2025\/06\/two-women-enjoying-the-sun-on-their-summer-vacation-picjumbo-com-scaled.jpeg","datePublished":"2025-06-29T07:34:01+00:00","dateModified":"2025-06-29T07:34:03+00:00","author":{"@id":"https:\/\/www.jng-web.com\/ref-auto\/#\/schema\/person\/9b9c81cd6753b27cc78a7072ecb82d8e"},"breadcrumb":{"@id":"https:\/\/www.jng-web.com\/ref-auto\/%f0%9f%8c%9e-canicule-comment-se-proteger-efficacement-des-fortes-chaleurs\/#breadcrumb"},"inLanguage":"fr-FR","potentialAction":[{"@type":"ReadAction","target":["https:\/\/www.jng-web.com\/ref-auto\/%f0%9f%8c%9e-canicule-comment-se-proteger-efficacement-des-fortes-chaleurs\/"]}]},{"@type":"ImageObject","inLanguage":"fr-FR","@id":"https:\/\/www.jng-web.com\/ref-auto\/%f0%9f%8c%9e-canicule-comment-se-proteger-efficacement-des-fortes-chaleurs\/#primaryimage","url":"https:\/\/www.jng-web.com\/ref-auto\/wp-content\/uploads\/2025\/06\/two-women-enjoying-the-sun-on-their-summer-vacation-picjumbo-com-scaled.jpeg","contentUrl":"https:\/\/www.jng-web.com\/ref-auto\/wp-content\/uploads\/2025\/06\/two-women-enjoying-the-sun-on-their-summer-vacation-picjumbo-com-scaled.jpeg","width":2560,"height":1707},{"@type":"BreadcrumbList","@id":"https:\/\/www.jng-web.com\/ref-auto\/%f0%9f%8c%9e-canicule-comment-se-proteger-efficacement-des-fortes-chaleurs\/#breadcrumb","itemListElement":[{"@type":"ListItem","position":1,"name":"Annuaire g\u00e9n\u00e9raliste gratuit","item":"https:\/\/www.jng-web.com\/ref-auto\/"},{"@type":"ListItem","position":2,"name":"Actualit\u00e9s","item":"https:\/\/www.jng-web.com\/ref-auto\/category\/actualites\/"},{"@type":"ListItem","position":3,"name":"\ud83c\udf1e Canicule : Comment se prot\u00e9ger efficacement des fortes chaleurs"}]},{"@type":"WebSite","@id":"https:\/\/www.jng-web.com\/ref-auto\/#website","url":"https:\/\/www.jng-web.com\/ref-auto\/","name":"Optannu","description":"Guest Blogging : Publier gratuitement vos articles et booster votre r\u00e9f\u00e9rencement !","potentialAction":[{"@type":"SearchAction","target":{"@type":"EntryPoint","urlTemplate":"https:\/\/www.jng-web.com\/ref-auto\/?s={search_term_string}"},"query-input":{"@type":"PropertyValueSpecification","valueRequired":true,"valueName":"search_term_string"}}],"inLanguage":"fr-FR"},{"@type":"Person","@id":"https:\/\/www.jng-web.com\/ref-auto\/#\/schema\/person\/9b9c81cd6753b27cc78a7072ecb82d8e","name":"Jerome","image":{"@type":"ImageObject","inLanguage":"fr-FR","@id":"https:\/\/secure.gravatar.com\/avatar\/67845112d35b1cf1f1f3c11875432a8ccaa7ba6187cf0b3e820c9fbc6cb40fc6?s=96&d=mm&r=g","url":"https:\/\/secure.gravatar.com\/avatar\/67845112d35b1cf1f1f3c11875432a8ccaa7ba6187cf0b3e820c9fbc6cb40fc6?s=96&d=mm&r=g","contentUrl":"https:\/\/secure.gravatar.com\/avatar\/67845112d35b1cf1f1f3c11875432a8ccaa7ba6187cf0b3e820c9fbc6cb40fc6?s=96&d=mm&r=g","caption":"Jerome"},"sameAs":["https:\/\/www.jng-web.com\/ref-auto"],"url":"https:\/\/www.jng-web.com\/ref-auto"}]}},"views":579,"_links":{"self":[{"href":"https:\/\/www.jng-web.com\/ref-auto\/wp-json\/wp\/v2\/posts\/286953","targetHints":{"allow":["GET"]}}],"collection":[{"href":"https:\/\/www.jng-web.com\/ref-auto\/wp-json\/wp\/v2\/posts"}],"about":[{"href":"https:\/\/www.jng-web.com\/ref-auto\/wp-json\/wp\/v2\/types\/post"}],"author":[{"embeddable":true,"href":"https:\/\/www.jng-web.com\/ref-auto\/wp-json\/wp\/v2\/users\/1"}],"replies":[{"embeddable":true,"href":"https:\/\/www.jng-web.com\/ref-auto\/wp-json\/wp\/v2\/comments?post=286953"}],"version-history":[{"count":1,"href":"https:\/\/www.jng-web.com\/ref-auto\/wp-json\/wp\/v2\/posts\/286953\/revisions"}],"predecessor-version":[{"id":286971,"href":"https:\/\/www.jng-web.com\/ref-auto\/wp-json\/wp\/v2\/posts\/286953\/revisions\/286971"}],"wp:featuredmedia":[{"embeddable":true,"href":"https:\/\/www.jng-web.com\/ref-auto\/wp-json\/wp\/v2\/media\/286963"}],"wp:attachment":[{"href":"https:\/\/www.jng-web.com\/ref-auto\/wp-json\/wp\/v2\/media?parent=286953"}],"wp:term":[{"taxonomy":"category","embeddable":true,"href":"https:\/\/www.jng-web.com\/ref-auto\/wp-json\/wp\/v2\/categories?post=286953"},{"taxonomy":"post_tag","embeddable":true,"href":"https:\/\/www.jng-web.com\/ref-auto\/wp-json\/wp\/v2\/tags?post=286953"}],"curies":[{"name":"wp","href":"https:\/\/api.w.org\/{rel}","templated":true}]}}