{"id":298667,"date":"2025-07-17T10:19:36","date_gmt":"2025-07-17T08:19:36","guid":{"rendered":"https:\/\/www.jng-web.com\/ref-auto\/?p=298667"},"modified":"2025-07-17T10:19:37","modified_gmt":"2025-07-17T08:19:37","slug":"le-compas-un-outil-une-symbole-une-culture","status":"publish","type":"post","link":"https:\/\/www.jng-web.com\/ref-auto\/le-compas-un-outil-une-symbole-une-culture\/","title":{"rendered":"Le Compas : Un Outil, Une Symbole, Une Culture"},"content":{"rendered":"<div id=\"6729917897\" class=\"advads-pub advads-entity-placement\"><script async src=\"https:\/\/pagead2.googlesyndication.com\/pagead\/js\/adsbygoogle.js?client=ca-pub-4944504088214075\"\r\n     crossorigin=\"anonymous\"><\/script><\/div>\n<p>Le mot <strong>compas<\/strong> d\u00e9signe \u00e0 la fois un outil de mesure, une notion math\u00e9matique, un rythme musical et un symbole riche de significations dans divers domaines. Sa polyvalence en fait un mot fascinant, porteur d\u2019histoire et de culture.<\/p>\n\n\n\n<h2 class=\"wp-block-heading\"><strong>1. Le compas, instrument de pr\u00e9cision<\/strong><\/h2>\n\n\n\n<p>Dans le domaine du dessin technique et des math\u00e9matiques, <strong>le compas<\/strong> est un instrument de g\u00e9om\u00e9trie permettant de tracer des cercles ou des arcs, ainsi que de reporter des distances. Compos\u00e9 de deux branches articul\u00e9es \u2014 l\u2019une munie d\u2019une pointe s\u00e8che, l\u2019autre d\u2019un crayon ou d\u2019une mine \u2014, il est utilis\u00e9 depuis l\u2019Antiquit\u00e9. Les \u00c9gyptiens et les Grecs anciens s\u2019en servaient d\u00e9j\u00e0 pour leurs travaux d\u2019architecture.<\/p>\n\n\n\n<p>Avec le temps, le compas est devenu un symbole de rigueur, de pr\u00e9cision, et m\u00eame de <strong>savoir scientifique<\/strong>. Les francs-ma\u00e7ons, par exemple, l\u2019ont adopt\u00e9 comme embl\u00e8me de sagesse et de mesure, associ\u00e9 \u00e0 l\u2019\u00e9querre.<\/p>\n\n\n\n<h2 class=\"wp-block-heading\"><strong>2. Le compas musical : rythme et tradition<\/strong><\/h2>\n\n\n\n<p>Dans le monde de la musique, <strong>le compas<\/strong> (ou &#8220;konpa&#8221;) est un genre musical originaire d\u2019<strong>Ha\u00efti<\/strong>, n\u00e9 dans les ann\u00e9es 1950 gr\u00e2ce au musicien <strong>Nemours Jean-Baptiste<\/strong>. Le compas est caract\u00e9ris\u00e9 par un rythme binaire soutenu, souvent jou\u00e9 \u00e0 la batterie et enrichi par des percussions, guitares, cuivres et claviers. Ce style s\u2019est impos\u00e9 comme un pilier de la musique ha\u00eftienne, influen\u00e7ant d&#8217;autres genres comme le zouk ou le cadence-lypso.<\/p>\n\n\n\n<p>Le compas n\u2019est pas seulement un style musical, mais aussi une <strong>danse sociale<\/strong>, \u00e9l\u00e9gante et fluide, pratiqu\u00e9e \u00e0 travers les Cara\u00efbes et dans la diaspora ha\u00eftienne \u00e0 travers le monde.<\/p>\n\n\n\n<h2 class=\"wp-block-heading\"><strong>3. Le compas en flamenco : battements du c\u0153ur rythmique<\/strong><\/h2>\n\n\n\n<p>Dans la tradition espagnole du <strong>flamenco<\/strong>, le terme &#8220;comp\u00e1s&#8221; (avec un accent et un &#8220;s&#8221;) d\u00e9signe le <strong>rythme de base<\/strong> ou la <strong>mesure musicale<\/strong> d\u2019un morceau. Il est essentiel \u00e0 la structure du flamenco, dictant les temps forts, les silences et les accents caract\u00e9ristiques de chaque palo (forme du flamenco, comme la sole\u00e1, la buler\u00eda ou la seguiriya).<\/p>\n\n\n\n<p>Le comp\u00e1s est donc le <strong>rythme vital<\/strong>, souvent maintenu par des palmas (frappes de mains), des tapements de pieds, ou le jeu de la guitare. Il ne s\u2019agit pas seulement d\u2019un tempo, mais d\u2019un langage corporel et \u00e9motionnel.<\/p>\n\n\n\n<h2 class=\"wp-block-heading\"><strong>4. Le compas comme m\u00e9taphore<\/strong><\/h2>\n\n\n\n<p>Au-del\u00e0 de ses usages techniques ou artistiques, <strong>le compas est un symbole puissant<\/strong>. Il \u00e9voque la qu\u00eate d\u2019\u00e9quilibre, la recherche de justesse, la ma\u00eetrise des distances \u2014 qu\u2019elles soient physiques, intellectuelles ou morales.<\/p>\n\n\n\n<p>Dans la litt\u00e9rature et la philosophie, on parle parfois de <strong>&#8220;garder son compas moral&#8221;<\/strong> ou d\u2019<strong>&#8220;avoir le compas dans l\u2019\u0153il&#8221;<\/strong>, expressions qui traduisent la capacit\u00e9 \u00e0 juger avec pr\u00e9cision ou \u00e0 agir avec discernement.<\/p>\n\n\n\n<h2 class=\"wp-block-heading\"><strong>Conclusion<\/strong><\/h2>\n\n\n\n<p>Qu\u2019il trace des cercles parfaits sur le papier, qu\u2019il rythme une danse ha\u00eftienne ou qu\u2019il bat la mesure dans une chanson flamenco, <strong>le compas est bien plus qu\u2019un simple instrument<\/strong>. Il est un lien entre la science et l\u2019art, entre la rigueur et l\u2019\u00e9motion, entre les cultures et les \u00e9poques. Il incarne cette qu\u00eate universelle de pr\u00e9cision, d\u2019harmonie et de beaut\u00e9.<\/p>\n","protected":false},"excerpt":{"rendered":"<p>Le mot compas d\u00e9signe \u00e0 la fois un outil de mesure, une notion math\u00e9matique, un rythme musical et<\/p>\n","protected":false},"author":1,"featured_media":261248,"comment_status":"open","ping_status":"open","sticky":false,"template":"","format":"standard","meta":{"rop_custom_images_group":[],"rop_custom_messages_group":[],"rop_publish_now":"initial","rop_publish_now_accounts":{"facebook_2944925605560295_361066357320011":"","twitter_792688215148855296_792688215148855296":""},"rop_publish_now_history":[],"rop_publish_now_status":"pending","footnotes":""},"categories":[2],"tags":[1064,1065],"class_list":["post-298667","post","type-post","status-publish","format-standard","has-post-thumbnail","hentry","category-actualites","tag-compas","tag-culture-generale"],"yoast_head":"<!-- This site is optimized with the Yoast SEO plugin v27.4 - https:\/\/yoast.com\/product\/yoast-seo-wordpress\/ -->\n<title>Le Compas : Un Outil, Une Symbole, Une Culture - Optannu<\/title>\n<meta name=\"robots\" content=\"index, follow, max-snippet:-1, max-image-preview:large, max-video-preview:-1\" \/>\n<link rel=\"canonical\" href=\"https:\/\/www.jng-web.com\/ref-auto\/le-compas-un-outil-une-symbole-une-culture\/\" \/>\n<meta property=\"og:locale\" content=\"fr_FR\" \/>\n<meta property=\"og:type\" content=\"article\" \/>\n<meta property=\"og:title\" content=\"Le Compas : Un Outil, Une Symbole, Une Culture - Optannu\" \/>\n<meta property=\"og:description\" content=\"Le mot compas d\u00e9signe \u00e0 la fois un outil de mesure, une notion math\u00e9matique, un rythme musical et\" \/>\n<meta property=\"og:url\" content=\"https:\/\/www.jng-web.com\/ref-auto\/le-compas-un-outil-une-symbole-une-culture\/\" \/>\n<meta property=\"og:site_name\" content=\"Optannu\" \/>\n<meta property=\"article:published_time\" content=\"2025-07-17T08:19:36+00:00\" \/>\n<meta property=\"article:modified_time\" content=\"2025-07-17T08:19:37+00:00\" \/>\n<meta property=\"og:image\" content=\"https:\/\/www.jng-web.com\/ref-auto\/wp-content\/uploads\/2025\/05\/center-of-london-uk-from-the-airplane-window-picjumbo-com-scaled.jpg\" \/>\n\t<meta property=\"og:image:width\" content=\"2560\" \/>\n\t<meta property=\"og:image:height\" content=\"1707\" \/>\n\t<meta property=\"og:image:type\" content=\"image\/jpeg\" \/>\n<meta name=\"author\" content=\"Jerome\" \/>\n<meta name=\"twitter:card\" content=\"summary_large_image\" \/>\n<meta name=\"twitter:label1\" content=\"\u00c9crit par\" \/>\n\t<meta name=\"twitter:data1\" content=\"Jerome\" \/>\n\t<meta name=\"twitter:label2\" content=\"Dur\u00e9e de lecture estim\u00e9e\" \/>\n\t<meta name=\"twitter:data2\" content=\"3 minutes\" \/>\n<script type=\"application\/ld+json\" class=\"yoast-schema-graph\">{\"@context\":\"https:\\\/\\\/schema.org\",\"@graph\":[{\"@type\":\"Article\",\"@id\":\"https:\\\/\\\/www.jng-web.com\\\/ref-auto\\\/le-compas-un-outil-une-symbole-une-culture\\\/#article\",\"isPartOf\":{\"@id\":\"https:\\\/\\\/www.jng-web.com\\\/ref-auto\\\/le-compas-un-outil-une-symbole-une-culture\\\/\"},\"author\":{\"name\":\"Jerome\",\"@id\":\"https:\\\/\\\/www.jng-web.com\\\/ref-auto\\\/#\\\/schema\\\/person\\\/9b9c81cd6753b27cc78a7072ecb82d8e\"},\"headline\":\"Le Compas : Un Outil, Une Symbole, Une Culture\",\"datePublished\":\"2025-07-17T08:19:36+00:00\",\"dateModified\":\"2025-07-17T08:19:37+00:00\",\"mainEntityOfPage\":{\"@id\":\"https:\\\/\\\/www.jng-web.com\\\/ref-auto\\\/le-compas-un-outil-une-symbole-une-culture\\\/\"},\"wordCount\":547,\"commentCount\":0,\"image\":{\"@id\":\"https:\\\/\\\/www.jng-web.com\\\/ref-auto\\\/le-compas-un-outil-une-symbole-une-culture\\\/#primaryimage\"},\"thumbnailUrl\":\"https:\\\/\\\/www.jng-web.com\\\/ref-auto\\\/wp-content\\\/uploads\\\/2025\\\/05\\\/center-of-london-uk-from-the-airplane-window-picjumbo-com-scaled.jpg\",\"keywords\":[\"compas\",\"culture g\u00e9n\u00e9rale\"],\"articleSection\":[\"Actualit\u00e9s\"],\"inLanguage\":\"fr-FR\",\"potentialAction\":[{\"@type\":\"CommentAction\",\"name\":\"Comment\",\"target\":[\"https:\\\/\\\/www.jng-web.com\\\/ref-auto\\\/le-compas-un-outil-une-symbole-une-culture\\\/#respond\"]}]},{\"@type\":\"WebPage\",\"@id\":\"https:\\\/\\\/www.jng-web.com\\\/ref-auto\\\/le-compas-un-outil-une-symbole-une-culture\\\/\",\"url\":\"https:\\\/\\\/www.jng-web.com\\\/ref-auto\\\/le-compas-un-outil-une-symbole-une-culture\\\/\",\"name\":\"Le Compas : Un Outil, Une Symbole, Une Culture - Optannu\",\"isPartOf\":{\"@id\":\"https:\\\/\\\/www.jng-web.com\\\/ref-auto\\\/#website\"},\"primaryImageOfPage\":{\"@id\":\"https:\\\/\\\/www.jng-web.com\\\/ref-auto\\\/le-compas-un-outil-une-symbole-une-culture\\\/#primaryimage\"},\"image\":{\"@id\":\"https:\\\/\\\/www.jng-web.com\\\/ref-auto\\\/le-compas-un-outil-une-symbole-une-culture\\\/#primaryimage\"},\"thumbnailUrl\":\"https:\\\/\\\/www.jng-web.com\\\/ref-auto\\\/wp-content\\\/uploads\\\/2025\\\/05\\\/center-of-london-uk-from-the-airplane-window-picjumbo-com-scaled.jpg\",\"datePublished\":\"2025-07-17T08:19:36+00:00\",\"dateModified\":\"2025-07-17T08:19:37+00:00\",\"author\":{\"@id\":\"https:\\\/\\\/www.jng-web.com\\\/ref-auto\\\/#\\\/schema\\\/person\\\/9b9c81cd6753b27cc78a7072ecb82d8e\"},\"breadcrumb\":{\"@id\":\"https:\\\/\\\/www.jng-web.com\\\/ref-auto\\\/le-compas-un-outil-une-symbole-une-culture\\\/#breadcrumb\"},\"inLanguage\":\"fr-FR\",\"potentialAction\":[{\"@type\":\"ReadAction\",\"target\":[\"https:\\\/\\\/www.jng-web.com\\\/ref-auto\\\/le-compas-un-outil-une-symbole-une-culture\\\/\"]}]},{\"@type\":\"ImageObject\",\"inLanguage\":\"fr-FR\",\"@id\":\"https:\\\/\\\/www.jng-web.com\\\/ref-auto\\\/le-compas-un-outil-une-symbole-une-culture\\\/#primaryimage\",\"url\":\"https:\\\/\\\/www.jng-web.com\\\/ref-auto\\\/wp-content\\\/uploads\\\/2025\\\/05\\\/center-of-london-uk-from-the-airplane-window-picjumbo-com-scaled.jpg\",\"contentUrl\":\"https:\\\/\\\/www.jng-web.com\\\/ref-auto\\\/wp-content\\\/uploads\\\/2025\\\/05\\\/center-of-london-uk-from-the-airplane-window-picjumbo-com-scaled.jpg\",\"width\":2560,\"height\":1707},{\"@type\":\"BreadcrumbList\",\"@id\":\"https:\\\/\\\/www.jng-web.com\\\/ref-auto\\\/le-compas-un-outil-une-symbole-une-culture\\\/#breadcrumb\",\"itemListElement\":[{\"@type\":\"ListItem\",\"position\":1,\"name\":\"Annuaire g\u00e9n\u00e9raliste gratuit\",\"item\":\"https:\\\/\\\/www.jng-web.com\\\/ref-auto\\\/\"},{\"@type\":\"ListItem\",\"position\":2,\"name\":\"Actualit\u00e9s\",\"item\":\"https:\\\/\\\/www.jng-web.com\\\/ref-auto\\\/category\\\/actualites\\\/\"},{\"@type\":\"ListItem\",\"position\":3,\"name\":\"Le Compas : Un Outil, Une Symbole, Une Culture\"}]},{\"@type\":\"WebSite\",\"@id\":\"https:\\\/\\\/www.jng-web.com\\\/ref-auto\\\/#website\",\"url\":\"https:\\\/\\\/www.jng-web.com\\\/ref-auto\\\/\",\"name\":\"Optannu\",\"description\":\"Guest Blogging : Publier gratuitement vos articles et booster votre r\u00e9f\u00e9rencement !\",\"potentialAction\":[{\"@type\":\"SearchAction\",\"target\":{\"@type\":\"EntryPoint\",\"urlTemplate\":\"https:\\\/\\\/www.jng-web.com\\\/ref-auto\\\/?s={search_term_string}\"},\"query-input\":{\"@type\":\"PropertyValueSpecification\",\"valueRequired\":true,\"valueName\":\"search_term_string\"}}],\"inLanguage\":\"fr-FR\"},{\"@type\":\"Person\",\"@id\":\"https:\\\/\\\/www.jng-web.com\\\/ref-auto\\\/#\\\/schema\\\/person\\\/9b9c81cd6753b27cc78a7072ecb82d8e\",\"name\":\"Jerome\",\"image\":{\"@type\":\"ImageObject\",\"inLanguage\":\"fr-FR\",\"@id\":\"https:\\\/\\\/secure.gravatar.com\\\/avatar\\\/67845112d35b1cf1f1f3c11875432a8ccaa7ba6187cf0b3e820c9fbc6cb40fc6?s=96&d=mm&r=g\",\"url\":\"https:\\\/\\\/secure.gravatar.com\\\/avatar\\\/67845112d35b1cf1f1f3c11875432a8ccaa7ba6187cf0b3e820c9fbc6cb40fc6?s=96&d=mm&r=g\",\"contentUrl\":\"https:\\\/\\\/secure.gravatar.com\\\/avatar\\\/67845112d35b1cf1f1f3c11875432a8ccaa7ba6187cf0b3e820c9fbc6cb40fc6?s=96&d=mm&r=g\",\"caption\":\"Jerome\"},\"sameAs\":[\"https:\\\/\\\/www.jng-web.com\\\/ref-auto\"],\"url\":\"https:\\\/\\\/www.jng-web.com\\\/ref-auto\"}]}<\/script>\n<!-- \/ Yoast SEO plugin. -->","yoast_head_json":{"title":"Le Compas : Un Outil, Une Symbole, Une Culture - Optannu","robots":{"index":"index","follow":"follow","max-snippet":"max-snippet:-1","max-image-preview":"max-image-preview:large","max-video-preview":"max-video-preview:-1"},"canonical":"https:\/\/www.jng-web.com\/ref-auto\/le-compas-un-outil-une-symbole-une-culture\/","og_locale":"fr_FR","og_type":"article","og_title":"Le Compas : Un Outil, Une Symbole, Une Culture - Optannu","og_description":"Le mot compas d\u00e9signe \u00e0 la fois un outil de mesure, une notion math\u00e9matique, un rythme musical et","og_url":"https:\/\/www.jng-web.com\/ref-auto\/le-compas-un-outil-une-symbole-une-culture\/","og_site_name":"Optannu","article_published_time":"2025-07-17T08:19:36+00:00","article_modified_time":"2025-07-17T08:19:37+00:00","og_image":[{"width":2560,"height":1707,"url":"https:\/\/www.jng-web.com\/ref-auto\/wp-content\/uploads\/2025\/05\/center-of-london-uk-from-the-airplane-window-picjumbo-com-scaled.jpg","type":"image\/jpeg"}],"author":"Jerome","twitter_card":"summary_large_image","twitter_misc":{"\u00c9crit par":"Jerome","Dur\u00e9e de lecture estim\u00e9e":"3 minutes"},"schema":{"@context":"https:\/\/schema.org","@graph":[{"@type":"Article","@id":"https:\/\/www.jng-web.com\/ref-auto\/le-compas-un-outil-une-symbole-une-culture\/#article","isPartOf":{"@id":"https:\/\/www.jng-web.com\/ref-auto\/le-compas-un-outil-une-symbole-une-culture\/"},"author":{"name":"Jerome","@id":"https:\/\/www.jng-web.com\/ref-auto\/#\/schema\/person\/9b9c81cd6753b27cc78a7072ecb82d8e"},"headline":"Le Compas : Un Outil, Une Symbole, Une Culture","datePublished":"2025-07-17T08:19:36+00:00","dateModified":"2025-07-17T08:19:37+00:00","mainEntityOfPage":{"@id":"https:\/\/www.jng-web.com\/ref-auto\/le-compas-un-outil-une-symbole-une-culture\/"},"wordCount":547,"commentCount":0,"image":{"@id":"https:\/\/www.jng-web.com\/ref-auto\/le-compas-un-outil-une-symbole-une-culture\/#primaryimage"},"thumbnailUrl":"https:\/\/www.jng-web.com\/ref-auto\/wp-content\/uploads\/2025\/05\/center-of-london-uk-from-the-airplane-window-picjumbo-com-scaled.jpg","keywords":["compas","culture g\u00e9n\u00e9rale"],"articleSection":["Actualit\u00e9s"],"inLanguage":"fr-FR","potentialAction":[{"@type":"CommentAction","name":"Comment","target":["https:\/\/www.jng-web.com\/ref-auto\/le-compas-un-outil-une-symbole-une-culture\/#respond"]}]},{"@type":"WebPage","@id":"https:\/\/www.jng-web.com\/ref-auto\/le-compas-un-outil-une-symbole-une-culture\/","url":"https:\/\/www.jng-web.com\/ref-auto\/le-compas-un-outil-une-symbole-une-culture\/","name":"Le Compas : Un Outil, Une Symbole, Une Culture - Optannu","isPartOf":{"@id":"https:\/\/www.jng-web.com\/ref-auto\/#website"},"primaryImageOfPage":{"@id":"https:\/\/www.jng-web.com\/ref-auto\/le-compas-un-outil-une-symbole-une-culture\/#primaryimage"},"image":{"@id":"https:\/\/www.jng-web.com\/ref-auto\/le-compas-un-outil-une-symbole-une-culture\/#primaryimage"},"thumbnailUrl":"https:\/\/www.jng-web.com\/ref-auto\/wp-content\/uploads\/2025\/05\/center-of-london-uk-from-the-airplane-window-picjumbo-com-scaled.jpg","datePublished":"2025-07-17T08:19:36+00:00","dateModified":"2025-07-17T08:19:37+00:00","author":{"@id":"https:\/\/www.jng-web.com\/ref-auto\/#\/schema\/person\/9b9c81cd6753b27cc78a7072ecb82d8e"},"breadcrumb":{"@id":"https:\/\/www.jng-web.com\/ref-auto\/le-compas-un-outil-une-symbole-une-culture\/#breadcrumb"},"inLanguage":"fr-FR","potentialAction":[{"@type":"ReadAction","target":["https:\/\/www.jng-web.com\/ref-auto\/le-compas-un-outil-une-symbole-une-culture\/"]}]},{"@type":"ImageObject","inLanguage":"fr-FR","@id":"https:\/\/www.jng-web.com\/ref-auto\/le-compas-un-outil-une-symbole-une-culture\/#primaryimage","url":"https:\/\/www.jng-web.com\/ref-auto\/wp-content\/uploads\/2025\/05\/center-of-london-uk-from-the-airplane-window-picjumbo-com-scaled.jpg","contentUrl":"https:\/\/www.jng-web.com\/ref-auto\/wp-content\/uploads\/2025\/05\/center-of-london-uk-from-the-airplane-window-picjumbo-com-scaled.jpg","width":2560,"height":1707},{"@type":"BreadcrumbList","@id":"https:\/\/www.jng-web.com\/ref-auto\/le-compas-un-outil-une-symbole-une-culture\/#breadcrumb","itemListElement":[{"@type":"ListItem","position":1,"name":"Annuaire g\u00e9n\u00e9raliste gratuit","item":"https:\/\/www.jng-web.com\/ref-auto\/"},{"@type":"ListItem","position":2,"name":"Actualit\u00e9s","item":"https:\/\/www.jng-web.com\/ref-auto\/category\/actualites\/"},{"@type":"ListItem","position":3,"name":"Le Compas : Un Outil, Une Symbole, Une Culture"}]},{"@type":"WebSite","@id":"https:\/\/www.jng-web.com\/ref-auto\/#website","url":"https:\/\/www.jng-web.com\/ref-auto\/","name":"Optannu","description":"Guest Blogging : Publier gratuitement vos articles et booster votre r\u00e9f\u00e9rencement !","potentialAction":[{"@type":"SearchAction","target":{"@type":"EntryPoint","urlTemplate":"https:\/\/www.jng-web.com\/ref-auto\/?s={search_term_string}"},"query-input":{"@type":"PropertyValueSpecification","valueRequired":true,"valueName":"search_term_string"}}],"inLanguage":"fr-FR"},{"@type":"Person","@id":"https:\/\/www.jng-web.com\/ref-auto\/#\/schema\/person\/9b9c81cd6753b27cc78a7072ecb82d8e","name":"Jerome","image":{"@type":"ImageObject","inLanguage":"fr-FR","@id":"https:\/\/secure.gravatar.com\/avatar\/67845112d35b1cf1f1f3c11875432a8ccaa7ba6187cf0b3e820c9fbc6cb40fc6?s=96&d=mm&r=g","url":"https:\/\/secure.gravatar.com\/avatar\/67845112d35b1cf1f1f3c11875432a8ccaa7ba6187cf0b3e820c9fbc6cb40fc6?s=96&d=mm&r=g","contentUrl":"https:\/\/secure.gravatar.com\/avatar\/67845112d35b1cf1f1f3c11875432a8ccaa7ba6187cf0b3e820c9fbc6cb40fc6?s=96&d=mm&r=g","caption":"Jerome"},"sameAs":["https:\/\/www.jng-web.com\/ref-auto"],"url":"https:\/\/www.jng-web.com\/ref-auto"}]}},"views":337,"_links":{"self":[{"href":"https:\/\/www.jng-web.com\/ref-auto\/wp-json\/wp\/v2\/posts\/298667","targetHints":{"allow":["GET"]}}],"collection":[{"href":"https:\/\/www.jng-web.com\/ref-auto\/wp-json\/wp\/v2\/posts"}],"about":[{"href":"https:\/\/www.jng-web.com\/ref-auto\/wp-json\/wp\/v2\/types\/post"}],"author":[{"embeddable":true,"href":"https:\/\/www.jng-web.com\/ref-auto\/wp-json\/wp\/v2\/users\/1"}],"replies":[{"embeddable":true,"href":"https:\/\/www.jng-web.com\/ref-auto\/wp-json\/wp\/v2\/comments?post=298667"}],"version-history":[{"count":1,"href":"https:\/\/www.jng-web.com\/ref-auto\/wp-json\/wp\/v2\/posts\/298667\/revisions"}],"predecessor-version":[{"id":298680,"href":"https:\/\/www.jng-web.com\/ref-auto\/wp-json\/wp\/v2\/posts\/298667\/revisions\/298680"}],"wp:featuredmedia":[{"embeddable":true,"href":"https:\/\/www.jng-web.com\/ref-auto\/wp-json\/wp\/v2\/media\/261248"}],"wp:attachment":[{"href":"https:\/\/www.jng-web.com\/ref-auto\/wp-json\/wp\/v2\/media?parent=298667"}],"wp:term":[{"taxonomy":"category","embeddable":true,"href":"https:\/\/www.jng-web.com\/ref-auto\/wp-json\/wp\/v2\/categories?post=298667"},{"taxonomy":"post_tag","embeddable":true,"href":"https:\/\/www.jng-web.com\/ref-auto\/wp-json\/wp\/v2\/tags?post=298667"}],"curies":[{"name":"wp","href":"https:\/\/api.w.org\/{rel}","templated":true}]}}