{"id":298682,"date":"2025-07-18T10:20:02","date_gmt":"2025-07-18T08:20:02","guid":{"rendered":"https:\/\/www.jng-web.com\/ref-auto\/?p=298682"},"modified":"2025-07-17T10:22:13","modified_gmt":"2025-07-17T08:22:13","slug":"le-compas-lame-rythmique-dhaiti","status":"publish","type":"post","link":"https:\/\/www.jng-web.com\/ref-auto\/le-compas-lame-rythmique-dhaiti\/","title":{"rendered":"Le Compas : L\u2019\u00c2me Rythmique d\u2019Ha\u00efti"},"content":{"rendered":"<div id=\"6729917897\" class=\"advads-pub advads-entity-placement\"><script async src=\"https:\/\/pagead2.googlesyndication.com\/pagead\/js\/adsbygoogle.js?client=ca-pub-4944504088214075\"\r\n     crossorigin=\"anonymous\"><\/script><\/div>\n<p>Le <strong>Compas<\/strong>, aussi appel\u00e9 <strong>Konpa<\/strong> (orthographe cr\u00e9ole), est un <strong>genre musical ha\u00eftien<\/strong> qui a profond\u00e9ment marqu\u00e9 la sc\u00e8ne musicale des Cara\u00efbes. N\u00e9 dans les ann\u00e9es 1950, il est devenu au fil des d\u00e9cennies un embl\u00e8me culturel, un vecteur d\u2019identit\u00e9 nationale, et un rythme dansant incontournable dans les soir\u00e9es ha\u00eftiennes et antillaises.<\/p>\n\n\n\n<h2 class=\"wp-block-heading\"><strong>Origines du Compas<\/strong><\/h2>\n\n\n\n<p>Le Compas voit le jour en <strong>1955<\/strong>, gr\u00e2ce \u00e0 <strong>Nemours Jean-Baptiste<\/strong>, saxophoniste et chef d\u2019orchestre ha\u00eftien. Inspir\u00e9 par les musiques traditionnelles ha\u00eftiennes, les rythmes africains, le jazz, et les influences latines, Nemours cr\u00e9e un nouveau son plus moderne, structur\u00e9, et dansant : le <em>Compas Direct<\/em>.<\/p>\n\n\n\n<p>Ce style se d\u00e9marque par sa rythmique binaire r\u00e9guli\u00e8re, ses lignes de basse marqu\u00e9es, et l\u2019utilisation d\u2019instruments modernes (guitares \u00e9lectriques, claviers, cuivres). Il propose une alternative plus urbaine et sophistiqu\u00e9e aux rythmes folkloriques ruraux tels que le <strong>meringue ha\u00eftien<\/strong> ou les danses vaudou.<\/p>\n\n\n\n<h2 class=\"wp-block-heading\"><strong>Caract\u00e9ristiques musicales<\/strong><\/h2>\n\n\n\n<p>Le Compas est imm\u00e9diatement reconnaissable par :<\/p>\n\n\n\n<ul class=\"wp-block-list\">\n<li><strong>Un rythme lent \u00e0 mod\u00e9r\u00e9<\/strong>, soutenu par la batterie et la percussion.<\/li>\n\n\n\n<li><strong>Une ligne de basse syncop\u00e9e<\/strong>, omnipr\u00e9sente, qui &#8220;porte&#8221; la chanson.<\/li>\n\n\n\n<li><strong>Des guitares \u00e9lectriques<\/strong> aux riffs entra\u00eenants et r\u00e9p\u00e9titifs.<\/li>\n\n\n\n<li><strong>Des cuivres<\/strong> (saxophone, trompette) qui ajoutent une touche festive.<\/li>\n\n\n\n<li><strong>Des claviers<\/strong>, souvent utilis\u00e9s pour enrichir l\u2019harmonie.<\/li>\n\n\n\n<li><strong>Des paroles<\/strong> chant\u00e9es en cr\u00e9ole ha\u00eftien ou en fran\u00e7ais, abordant l\u2019amour, la soci\u00e9t\u00e9, la f\u00eate.<\/li>\n<\/ul>\n\n\n\n<p>Le Compas est con\u00e7u pour \u00eatre <strong>dans\u00e9<\/strong>. C\u2019est une musique de bal, \u00e9l\u00e9gante, sensuelle, avec des pas gliss\u00e9s caract\u00e9ristiques.<\/p>\n\n\n\n<h2 class=\"wp-block-heading\"><strong>\u00c9volution et rayonnement<\/strong><\/h2>\n\n\n\n<p>Dans les ann\u00e9es 1970-80, plusieurs groupes vont faire \u00e9voluer le genre :<\/p>\n\n\n\n<ul class=\"wp-block-list\">\n<li><strong>Tabou Combo<\/strong>, fond\u00e9 en 1968, donnera une port\u00e9e internationale au Compas avec des tourn\u00e9es mondiales.<\/li>\n\n\n\n<li><strong>Mizik Mizik<\/strong>, <strong>Skah Shah<\/strong>, <strong>DP Express<\/strong>, <strong>System Band<\/strong>, modernisent l\u2019esth\u00e9tique sonore.<\/li>\n\n\n\n<li>Dans les ann\u00e9es 1990-2000, des groupes comme <strong>Carimi<\/strong>, <strong>T-Vice<\/strong>, <strong>Zenglen<\/strong> ou <strong>Nu Look<\/strong> introduisent des sonorit\u00e9s R&amp;B, \u00e9lectroniques ou pop, s\u00e9duisant les jeunes g\u00e9n\u00e9rations.<\/li>\n<\/ul>\n\n\n\n<p>Le Compas se r\u00e9pand alors dans toute la <strong>Cara\u00efbe francophone<\/strong>, notamment en <strong>Martinique<\/strong>, <strong>Guadeloupe<\/strong>, <strong>Saint-Martin<\/strong>, <strong>Guyane<\/strong> ainsi qu\u2019au sein de la <strong>diaspora ha\u00eftienne<\/strong> aux \u00c9tats-Unis, au Canada et en France.<\/p>\n\n\n\n<h2 class=\"wp-block-heading\"><strong>Compas et Zouk : cousins carib\u00e9ens<\/strong><\/h2>\n\n\n\n<p>Le Compas a fortement influenc\u00e9 le <strong>zouk<\/strong> des Antilles fran\u00e7aises, n\u00e9 au d\u00e9but des ann\u00e9es 1980 avec le groupe Kassav&#8217;. Si le zouk adopte des arrangements plus synth\u00e9tiques et un tempo plus rapide, il partage la m\u00eame essence rythmique et dansante que le Compas.<\/p>\n\n\n\n<p>Les deux genres ont parfois fusionn\u00e9, et de nombreux artistes antillais collaborent avec des musiciens ha\u00eftiens.<\/p>\n\n\n\n<h2 class=\"wp-block-heading\"><strong>Le Compas aujourd\u2019hui<\/strong><\/h2>\n\n\n\n<p>Aujourd\u2019hui, le Compas continue de vivre \u00e0 travers de nombreux festivals, bals, carnavals et soir\u00e9es tropicales. Il existe plusieurs sous-genres, dont :<\/p>\n\n\n\n<ul class=\"wp-block-list\">\n<li><strong>Compas love<\/strong> : plus lent et romantique.<\/li>\n\n\n\n<li><strong>Compas fusion<\/strong> : influenc\u00e9 par d\u2019autres genres (hip-hop, afrobeat, jazz).<\/li>\n\n\n\n<li><strong>Rasin Compas<\/strong> : m\u00ealant Compas et musiques traditionnelles ha\u00eftiennes.<\/li>\n<\/ul>\n\n\n\n<p>Le genre reste un <strong>vecteur d\u2019unit\u00e9 et de fiert\u00e9 culturelle<\/strong> pour le peuple ha\u00eftien, malgr\u00e9 les d\u00e9fis politiques et \u00e9conomiques du pays.<\/p>\n\n\n\n<h2 class=\"wp-block-heading\"><strong>Conclusion<\/strong><\/h2>\n\n\n\n<p>Le <strong>Compas<\/strong> est bien plus qu\u2019un genre musical : c\u2019est une <strong>identit\u00e9<\/strong>, un <strong>langage corporel<\/strong>, une <strong>expression culturelle<\/strong> profond\u00e9ment enracin\u00e9e dans l\u2019histoire d\u2019Ha\u00efti. Des bals populaires de Port-au-Prince aux sc\u00e8nes internationales, il continue de faire vibrer les c\u0153urs et de faire danser les corps. Sa long\u00e9vit\u00e9 et sa richesse en font l\u2019un des tr\u00e9sors les plus vivants de la musique carib\u00e9enne.<\/p>\n","protected":false},"excerpt":{"rendered":"<p>Le Compas, aussi appel\u00e9 Konpa (orthographe cr\u00e9ole), est un genre musical ha\u00eftien qui a profond\u00e9ment marqu\u00e9 la sc\u00e8ne<\/p>\n","protected":false},"author":1,"featured_media":298687,"comment_status":"open","ping_status":"open","sticky":false,"template":"","format":"standard","meta":{"rop_custom_images_group":[],"rop_custom_messages_group":[],"rop_publish_now":"initial","rop_publish_now_accounts":{"facebook_2944925605560295_361066357320011":"","twitter_792688215148855296_792688215148855296":""},"rop_publish_now_history":[],"rop_publish_now_status":"pending","footnotes":""},"categories":[3],"tags":[1064,1065],"class_list":["post-298682","post","type-post","status-publish","format-standard","has-post-thumbnail","hentry","category-arts-culture","tag-compas","tag-culture-generale"],"yoast_head":"<!-- This site is optimized with the Yoast SEO plugin v27.4 - https:\/\/yoast.com\/product\/yoast-seo-wordpress\/ -->\n<title>Le Compas : L\u2019\u00c2me Rythmique d\u2019Ha\u00efti - Optannu<\/title>\n<meta name=\"robots\" content=\"index, follow, max-snippet:-1, max-image-preview:large, max-video-preview:-1\" \/>\n<link rel=\"canonical\" href=\"https:\/\/www.jng-web.com\/ref-auto\/le-compas-lame-rythmique-dhaiti\/\" \/>\n<meta property=\"og:locale\" content=\"fr_FR\" \/>\n<meta property=\"og:type\" content=\"article\" \/>\n<meta property=\"og:title\" content=\"Le Compas : L\u2019\u00c2me Rythmique d\u2019Ha\u00efti - Optannu\" \/>\n<meta property=\"og:description\" content=\"Le Compas, aussi appel\u00e9 Konpa (orthographe cr\u00e9ole), est un genre musical ha\u00eftien qui a profond\u00e9ment marqu\u00e9 la sc\u00e8ne\" \/>\n<meta property=\"og:url\" content=\"https:\/\/www.jng-web.com\/ref-auto\/le-compas-lame-rythmique-dhaiti\/\" \/>\n<meta property=\"og:site_name\" content=\"Optannu\" \/>\n<meta property=\"article:published_time\" content=\"2025-07-18T08:20:02+00:00\" \/>\n<meta property=\"og:image\" content=\"https:\/\/www.jng-web.com\/ref-auto\/wp-content\/uploads\/2025\/07\/people-dancing-at-electronic-music-festival-picjumbo-com-scaled.jpg\" \/>\n\t<meta property=\"og:image:width\" content=\"2560\" \/>\n\t<meta property=\"og:image:height\" content=\"1707\" \/>\n\t<meta property=\"og:image:type\" content=\"image\/jpeg\" \/>\n<meta name=\"author\" content=\"Jerome\" \/>\n<meta name=\"twitter:card\" content=\"summary_large_image\" \/>\n<meta name=\"twitter:label1\" content=\"\u00c9crit par\" \/>\n\t<meta name=\"twitter:data1\" content=\"Jerome\" \/>\n\t<meta name=\"twitter:label2\" content=\"Dur\u00e9e de lecture estim\u00e9e\" \/>\n\t<meta name=\"twitter:data2\" content=\"3 minutes\" \/>\n<script type=\"application\/ld+json\" class=\"yoast-schema-graph\">{\"@context\":\"https:\\\/\\\/schema.org\",\"@graph\":[{\"@type\":\"Article\",\"@id\":\"https:\\\/\\\/www.jng-web.com\\\/ref-auto\\\/le-compas-lame-rythmique-dhaiti\\\/#article\",\"isPartOf\":{\"@id\":\"https:\\\/\\\/www.jng-web.com\\\/ref-auto\\\/le-compas-lame-rythmique-dhaiti\\\/\"},\"author\":{\"name\":\"Jerome\",\"@id\":\"https:\\\/\\\/www.jng-web.com\\\/ref-auto\\\/#\\\/schema\\\/person\\\/9b9c81cd6753b27cc78a7072ecb82d8e\"},\"headline\":\"Le Compas : L\u2019\u00c2me Rythmique d\u2019Ha\u00efti\",\"datePublished\":\"2025-07-18T08:20:02+00:00\",\"mainEntityOfPage\":{\"@id\":\"https:\\\/\\\/www.jng-web.com\\\/ref-auto\\\/le-compas-lame-rythmique-dhaiti\\\/\"},\"wordCount\":610,\"commentCount\":0,\"image\":{\"@id\":\"https:\\\/\\\/www.jng-web.com\\\/ref-auto\\\/le-compas-lame-rythmique-dhaiti\\\/#primaryimage\"},\"thumbnailUrl\":\"https:\\\/\\\/www.jng-web.com\\\/ref-auto\\\/wp-content\\\/uploads\\\/2025\\\/07\\\/people-dancing-at-electronic-music-festival-picjumbo-com-scaled.jpg\",\"keywords\":[\"compas\",\"culture g\u00e9n\u00e9rale\"],\"articleSection\":[\"Arts &amp; Culture\"],\"inLanguage\":\"fr-FR\",\"potentialAction\":[{\"@type\":\"CommentAction\",\"name\":\"Comment\",\"target\":[\"https:\\\/\\\/www.jng-web.com\\\/ref-auto\\\/le-compas-lame-rythmique-dhaiti\\\/#respond\"]}]},{\"@type\":\"WebPage\",\"@id\":\"https:\\\/\\\/www.jng-web.com\\\/ref-auto\\\/le-compas-lame-rythmique-dhaiti\\\/\",\"url\":\"https:\\\/\\\/www.jng-web.com\\\/ref-auto\\\/le-compas-lame-rythmique-dhaiti\\\/\",\"name\":\"Le Compas : L\u2019\u00c2me Rythmique d\u2019Ha\u00efti - Optannu\",\"isPartOf\":{\"@id\":\"https:\\\/\\\/www.jng-web.com\\\/ref-auto\\\/#website\"},\"primaryImageOfPage\":{\"@id\":\"https:\\\/\\\/www.jng-web.com\\\/ref-auto\\\/le-compas-lame-rythmique-dhaiti\\\/#primaryimage\"},\"image\":{\"@id\":\"https:\\\/\\\/www.jng-web.com\\\/ref-auto\\\/le-compas-lame-rythmique-dhaiti\\\/#primaryimage\"},\"thumbnailUrl\":\"https:\\\/\\\/www.jng-web.com\\\/ref-auto\\\/wp-content\\\/uploads\\\/2025\\\/07\\\/people-dancing-at-electronic-music-festival-picjumbo-com-scaled.jpg\",\"datePublished\":\"2025-07-18T08:20:02+00:00\",\"author\":{\"@id\":\"https:\\\/\\\/www.jng-web.com\\\/ref-auto\\\/#\\\/schema\\\/person\\\/9b9c81cd6753b27cc78a7072ecb82d8e\"},\"breadcrumb\":{\"@id\":\"https:\\\/\\\/www.jng-web.com\\\/ref-auto\\\/le-compas-lame-rythmique-dhaiti\\\/#breadcrumb\"},\"inLanguage\":\"fr-FR\",\"potentialAction\":[{\"@type\":\"ReadAction\",\"target\":[\"https:\\\/\\\/www.jng-web.com\\\/ref-auto\\\/le-compas-lame-rythmique-dhaiti\\\/\"]}]},{\"@type\":\"ImageObject\",\"inLanguage\":\"fr-FR\",\"@id\":\"https:\\\/\\\/www.jng-web.com\\\/ref-auto\\\/le-compas-lame-rythmique-dhaiti\\\/#primaryimage\",\"url\":\"https:\\\/\\\/www.jng-web.com\\\/ref-auto\\\/wp-content\\\/uploads\\\/2025\\\/07\\\/people-dancing-at-electronic-music-festival-picjumbo-com-scaled.jpg\",\"contentUrl\":\"https:\\\/\\\/www.jng-web.com\\\/ref-auto\\\/wp-content\\\/uploads\\\/2025\\\/07\\\/people-dancing-at-electronic-music-festival-picjumbo-com-scaled.jpg\",\"width\":2560,\"height\":1707},{\"@type\":\"BreadcrumbList\",\"@id\":\"https:\\\/\\\/www.jng-web.com\\\/ref-auto\\\/le-compas-lame-rythmique-dhaiti\\\/#breadcrumb\",\"itemListElement\":[{\"@type\":\"ListItem\",\"position\":1,\"name\":\"Annuaire g\u00e9n\u00e9raliste gratuit\",\"item\":\"https:\\\/\\\/www.jng-web.com\\\/ref-auto\\\/\"},{\"@type\":\"ListItem\",\"position\":2,\"name\":\"Arts &amp; Culture\",\"item\":\"https:\\\/\\\/www.jng-web.com\\\/ref-auto\\\/category\\\/arts-culture\\\/\"},{\"@type\":\"ListItem\",\"position\":3,\"name\":\"Le Compas : L\u2019\u00c2me Rythmique d\u2019Ha\u00efti\"}]},{\"@type\":\"WebSite\",\"@id\":\"https:\\\/\\\/www.jng-web.com\\\/ref-auto\\\/#website\",\"url\":\"https:\\\/\\\/www.jng-web.com\\\/ref-auto\\\/\",\"name\":\"Optannu\",\"description\":\"Guest Blogging : Publier gratuitement vos articles et booster votre r\u00e9f\u00e9rencement !\",\"potentialAction\":[{\"@type\":\"SearchAction\",\"target\":{\"@type\":\"EntryPoint\",\"urlTemplate\":\"https:\\\/\\\/www.jng-web.com\\\/ref-auto\\\/?s={search_term_string}\"},\"query-input\":{\"@type\":\"PropertyValueSpecification\",\"valueRequired\":true,\"valueName\":\"search_term_string\"}}],\"inLanguage\":\"fr-FR\"},{\"@type\":\"Person\",\"@id\":\"https:\\\/\\\/www.jng-web.com\\\/ref-auto\\\/#\\\/schema\\\/person\\\/9b9c81cd6753b27cc78a7072ecb82d8e\",\"name\":\"Jerome\",\"image\":{\"@type\":\"ImageObject\",\"inLanguage\":\"fr-FR\",\"@id\":\"https:\\\/\\\/secure.gravatar.com\\\/avatar\\\/67845112d35b1cf1f1f3c11875432a8ccaa7ba6187cf0b3e820c9fbc6cb40fc6?s=96&d=mm&r=g\",\"url\":\"https:\\\/\\\/secure.gravatar.com\\\/avatar\\\/67845112d35b1cf1f1f3c11875432a8ccaa7ba6187cf0b3e820c9fbc6cb40fc6?s=96&d=mm&r=g\",\"contentUrl\":\"https:\\\/\\\/secure.gravatar.com\\\/avatar\\\/67845112d35b1cf1f1f3c11875432a8ccaa7ba6187cf0b3e820c9fbc6cb40fc6?s=96&d=mm&r=g\",\"caption\":\"Jerome\"},\"sameAs\":[\"https:\\\/\\\/www.jng-web.com\\\/ref-auto\"],\"url\":\"https:\\\/\\\/www.jng-web.com\\\/ref-auto\"}]}<\/script>\n<!-- \/ Yoast SEO plugin. -->","yoast_head_json":{"title":"Le Compas : L\u2019\u00c2me Rythmique d\u2019Ha\u00efti - Optannu","robots":{"index":"index","follow":"follow","max-snippet":"max-snippet:-1","max-image-preview":"max-image-preview:large","max-video-preview":"max-video-preview:-1"},"canonical":"https:\/\/www.jng-web.com\/ref-auto\/le-compas-lame-rythmique-dhaiti\/","og_locale":"fr_FR","og_type":"article","og_title":"Le Compas : L\u2019\u00c2me Rythmique d\u2019Ha\u00efti - Optannu","og_description":"Le Compas, aussi appel\u00e9 Konpa (orthographe cr\u00e9ole), est un genre musical ha\u00eftien qui a profond\u00e9ment marqu\u00e9 la sc\u00e8ne","og_url":"https:\/\/www.jng-web.com\/ref-auto\/le-compas-lame-rythmique-dhaiti\/","og_site_name":"Optannu","article_published_time":"2025-07-18T08:20:02+00:00","og_image":[{"width":2560,"height":1707,"url":"https:\/\/www.jng-web.com\/ref-auto\/wp-content\/uploads\/2025\/07\/people-dancing-at-electronic-music-festival-picjumbo-com-scaled.jpg","type":"image\/jpeg"}],"author":"Jerome","twitter_card":"summary_large_image","twitter_misc":{"\u00c9crit par":"Jerome","Dur\u00e9e de lecture estim\u00e9e":"3 minutes"},"schema":{"@context":"https:\/\/schema.org","@graph":[{"@type":"Article","@id":"https:\/\/www.jng-web.com\/ref-auto\/le-compas-lame-rythmique-dhaiti\/#article","isPartOf":{"@id":"https:\/\/www.jng-web.com\/ref-auto\/le-compas-lame-rythmique-dhaiti\/"},"author":{"name":"Jerome","@id":"https:\/\/www.jng-web.com\/ref-auto\/#\/schema\/person\/9b9c81cd6753b27cc78a7072ecb82d8e"},"headline":"Le Compas : L\u2019\u00c2me Rythmique d\u2019Ha\u00efti","datePublished":"2025-07-18T08:20:02+00:00","mainEntityOfPage":{"@id":"https:\/\/www.jng-web.com\/ref-auto\/le-compas-lame-rythmique-dhaiti\/"},"wordCount":610,"commentCount":0,"image":{"@id":"https:\/\/www.jng-web.com\/ref-auto\/le-compas-lame-rythmique-dhaiti\/#primaryimage"},"thumbnailUrl":"https:\/\/www.jng-web.com\/ref-auto\/wp-content\/uploads\/2025\/07\/people-dancing-at-electronic-music-festival-picjumbo-com-scaled.jpg","keywords":["compas","culture g\u00e9n\u00e9rale"],"articleSection":["Arts &amp; Culture"],"inLanguage":"fr-FR","potentialAction":[{"@type":"CommentAction","name":"Comment","target":["https:\/\/www.jng-web.com\/ref-auto\/le-compas-lame-rythmique-dhaiti\/#respond"]}]},{"@type":"WebPage","@id":"https:\/\/www.jng-web.com\/ref-auto\/le-compas-lame-rythmique-dhaiti\/","url":"https:\/\/www.jng-web.com\/ref-auto\/le-compas-lame-rythmique-dhaiti\/","name":"Le Compas : L\u2019\u00c2me Rythmique d\u2019Ha\u00efti - Optannu","isPartOf":{"@id":"https:\/\/www.jng-web.com\/ref-auto\/#website"},"primaryImageOfPage":{"@id":"https:\/\/www.jng-web.com\/ref-auto\/le-compas-lame-rythmique-dhaiti\/#primaryimage"},"image":{"@id":"https:\/\/www.jng-web.com\/ref-auto\/le-compas-lame-rythmique-dhaiti\/#primaryimage"},"thumbnailUrl":"https:\/\/www.jng-web.com\/ref-auto\/wp-content\/uploads\/2025\/07\/people-dancing-at-electronic-music-festival-picjumbo-com-scaled.jpg","datePublished":"2025-07-18T08:20:02+00:00","author":{"@id":"https:\/\/www.jng-web.com\/ref-auto\/#\/schema\/person\/9b9c81cd6753b27cc78a7072ecb82d8e"},"breadcrumb":{"@id":"https:\/\/www.jng-web.com\/ref-auto\/le-compas-lame-rythmique-dhaiti\/#breadcrumb"},"inLanguage":"fr-FR","potentialAction":[{"@type":"ReadAction","target":["https:\/\/www.jng-web.com\/ref-auto\/le-compas-lame-rythmique-dhaiti\/"]}]},{"@type":"ImageObject","inLanguage":"fr-FR","@id":"https:\/\/www.jng-web.com\/ref-auto\/le-compas-lame-rythmique-dhaiti\/#primaryimage","url":"https:\/\/www.jng-web.com\/ref-auto\/wp-content\/uploads\/2025\/07\/people-dancing-at-electronic-music-festival-picjumbo-com-scaled.jpg","contentUrl":"https:\/\/www.jng-web.com\/ref-auto\/wp-content\/uploads\/2025\/07\/people-dancing-at-electronic-music-festival-picjumbo-com-scaled.jpg","width":2560,"height":1707},{"@type":"BreadcrumbList","@id":"https:\/\/www.jng-web.com\/ref-auto\/le-compas-lame-rythmique-dhaiti\/#breadcrumb","itemListElement":[{"@type":"ListItem","position":1,"name":"Annuaire g\u00e9n\u00e9raliste gratuit","item":"https:\/\/www.jng-web.com\/ref-auto\/"},{"@type":"ListItem","position":2,"name":"Arts &amp; Culture","item":"https:\/\/www.jng-web.com\/ref-auto\/category\/arts-culture\/"},{"@type":"ListItem","position":3,"name":"Le Compas : L\u2019\u00c2me Rythmique d\u2019Ha\u00efti"}]},{"@type":"WebSite","@id":"https:\/\/www.jng-web.com\/ref-auto\/#website","url":"https:\/\/www.jng-web.com\/ref-auto\/","name":"Optannu","description":"Guest Blogging : Publier gratuitement vos articles et booster votre r\u00e9f\u00e9rencement !","potentialAction":[{"@type":"SearchAction","target":{"@type":"EntryPoint","urlTemplate":"https:\/\/www.jng-web.com\/ref-auto\/?s={search_term_string}"},"query-input":{"@type":"PropertyValueSpecification","valueRequired":true,"valueName":"search_term_string"}}],"inLanguage":"fr-FR"},{"@type":"Person","@id":"https:\/\/www.jng-web.com\/ref-auto\/#\/schema\/person\/9b9c81cd6753b27cc78a7072ecb82d8e","name":"Jerome","image":{"@type":"ImageObject","inLanguage":"fr-FR","@id":"https:\/\/secure.gravatar.com\/avatar\/67845112d35b1cf1f1f3c11875432a8ccaa7ba6187cf0b3e820c9fbc6cb40fc6?s=96&d=mm&r=g","url":"https:\/\/secure.gravatar.com\/avatar\/67845112d35b1cf1f1f3c11875432a8ccaa7ba6187cf0b3e820c9fbc6cb40fc6?s=96&d=mm&r=g","contentUrl":"https:\/\/secure.gravatar.com\/avatar\/67845112d35b1cf1f1f3c11875432a8ccaa7ba6187cf0b3e820c9fbc6cb40fc6?s=96&d=mm&r=g","caption":"Jerome"},"sameAs":["https:\/\/www.jng-web.com\/ref-auto"],"url":"https:\/\/www.jng-web.com\/ref-auto"}]}},"views":476,"_links":{"self":[{"href":"https:\/\/www.jng-web.com\/ref-auto\/wp-json\/wp\/v2\/posts\/298682","targetHints":{"allow":["GET"]}}],"collection":[{"href":"https:\/\/www.jng-web.com\/ref-auto\/wp-json\/wp\/v2\/posts"}],"about":[{"href":"https:\/\/www.jng-web.com\/ref-auto\/wp-json\/wp\/v2\/types\/post"}],"author":[{"embeddable":true,"href":"https:\/\/www.jng-web.com\/ref-auto\/wp-json\/wp\/v2\/users\/1"}],"replies":[{"embeddable":true,"href":"https:\/\/www.jng-web.com\/ref-auto\/wp-json\/wp\/v2\/comments?post=298682"}],"version-history":[{"count":1,"href":"https:\/\/www.jng-web.com\/ref-auto\/wp-json\/wp\/v2\/posts\/298682\/revisions"}],"predecessor-version":[{"id":298857,"href":"https:\/\/www.jng-web.com\/ref-auto\/wp-json\/wp\/v2\/posts\/298682\/revisions\/298857"}],"wp:featuredmedia":[{"embeddable":true,"href":"https:\/\/www.jng-web.com\/ref-auto\/wp-json\/wp\/v2\/media\/298687"}],"wp:attachment":[{"href":"https:\/\/www.jng-web.com\/ref-auto\/wp-json\/wp\/v2\/media?parent=298682"}],"wp:term":[{"taxonomy":"category","embeddable":true,"href":"https:\/\/www.jng-web.com\/ref-auto\/wp-json\/wp\/v2\/categories?post=298682"},{"taxonomy":"post_tag","embeddable":true,"href":"https:\/\/www.jng-web.com\/ref-auto\/wp-json\/wp\/v2\/tags?post=298682"}],"curies":[{"name":"wp","href":"https:\/\/api.w.org\/{rel}","templated":true}]}}