{"id":310170,"date":"2025-10-21T12:33:50","date_gmt":"2025-10-21T10:33:50","guid":{"rendered":"https:\/\/www.jng-web.com\/ref-auto\/?p=310170"},"modified":"2025-08-02T12:36:04","modified_gmt":"2025-08-02T10:36:04","slug":"les-couleurs-des-vetements-en-automne-une-harmonie-entre-nature-et-style","status":"publish","type":"post","link":"https:\/\/www.jng-web.com\/ref-auto\/les-couleurs-des-vetements-en-automne-une-harmonie-entre-nature-et-style\/","title":{"rendered":"Les Couleurs des V\u00eatements en Automne : Une Harmonie entre Nature et Style"},"content":{"rendered":"<div id=\"6729917897\" class=\"advads-pub advads-entity-placement\"><script async src=\"https:\/\/pagead2.googlesyndication.com\/pagead\/js\/adsbygoogle.js?client=ca-pub-4944504088214075\"\r\n     crossorigin=\"anonymous\"><\/script><\/div>\n<p>Quand les feuilles tombent et que la lumi\u00e8re dor\u00e9e de l\u2019automne s\u2019installe, la nature elle-m\u00eame semble dicter un nouveau code vestimentaire. L&#8217;automne n\u2019est pas seulement une saison de transition, c\u2019est aussi une p\u00e9riode d\u2019inspiration pour la mode. Les couleurs des v\u00eatements changent pour s\u2019aligner sur les teintes chaleureuses de l\u2019environnement, offrant une palette riche, apaisante et \u00e9l\u00e9gante. Voici un aper\u00e7u des principales couleurs qui marquent les tenues automnales, et comment les adopter avec style.<\/p>\n\n\n\n<hr class=\"wp-block-separator has-alpha-channel-opacity\"\/>\n\n\n\n<h3 class=\"wp-block-heading\">\ud83c\udf42 Les Couleurs Incontournables de l\u2019Automne<\/h3>\n\n\n\n<p><strong>1. Le Camel et les Tons Beiges<\/strong><br>Classiques et polyvalents, les beiges, camel, et autres nuances sableuses apportent de la douceur aux tenues. Ils rappellent la couleur des feuilles s\u00e8ches et se marient facilement avec des pi\u00e8ces plus fonc\u00e9es. Le manteau camel, par exemple, est un incontournable chic et intemporel.<\/p>\n\n\n\n<p><strong>2. Le Bordeau et le Prune<\/strong><br>Riches et profonds, le bordeaux, le lie-de-vin ou le prune sont parfaits pour donner du caract\u00e8re \u00e0 une tenue. Ces couleurs \u00e9voquent les vendanges et les fruits d\u2019automne comme les m\u00fbres ou les figues. Un pull bordeaux ou une jupe prune ajoute une touche sophistiqu\u00e9e sans en faire trop.<\/p>\n\n\n\n<p><strong>3. Le Vert Sapin et le Kaki<\/strong><br>Inspir\u00e9es de la for\u00eat et de la nature, ces teintes \u00e9voquent les conif\u00e8res et la mousse. Elles offrent une alternative \u00e9l\u00e9gante au noir, notamment pour des pantalons ou des vestes. Le kaki, plus doux, s\u2019int\u00e8gre tr\u00e8s bien dans des looks urbains et casual.<\/p>\n\n\n\n<p><strong>4. Le Moutarde et l\u2019Ocre<\/strong><br>Ces jaunes profonds, presque dor\u00e9s, apportent de la chaleur et une touche r\u00e9tro aux tenues. Id\u00e9als pour \u00e9gayer des jours gris, ils se marient tr\u00e8s bien avec du denim ou des teintes brunes. Un pull moutarde, par exemple, peut devenir la pi\u00e8ce phare d\u2019un look automnal.<\/p>\n\n\n\n<p><strong>5. Le Chocolat et les Bruns<\/strong><br>Moins aust\u00e8res que le noir, les bruns chocolat, noisette ou tabac r\u00e9chauffent la silhouette. Ces couleurs naturelles sont id\u00e9ales pour des manteaux en laine, des bottines en cuir ou des accessoires.<\/p>\n\n\n\n<hr class=\"wp-block-separator has-alpha-channel-opacity\"\/>\n\n\n\n<h3 class=\"wp-block-heading\">\ud83c\udfa8 Comment Associer les Couleurs Automnales ?<\/h3>\n\n\n\n<ul class=\"wp-block-list\">\n<li><strong>En cama\u00efeu<\/strong> : jouer sur diff\u00e9rentes intensit\u00e9s d\u2019une m\u00eame teinte (par exemple plusieurs tons de brun ou de vert).<\/li>\n\n\n\n<li><strong>Avec des neutres<\/strong> : le blanc cass\u00e9, le gris ou le noir permettent de calmer une pi\u00e8ce tr\u00e8s color\u00e9e.<\/li>\n\n\n\n<li><strong>Par touches<\/strong> : si vous portez principalement des couleurs neutres, ajoutez une \u00e9charpe ocre ou un sac bordeaux pour r\u00e9veiller l\u2019ensemble.<\/li>\n<\/ul>\n\n\n\n<hr class=\"wp-block-separator has-alpha-channel-opacity\"\/>\n\n\n\n<h3 class=\"wp-block-heading\">\ud83e\udde5 Les Mati\u00e8res au Service de la Couleur<\/h3>\n\n\n\n<p>L\u2019automne ne se limite pas \u00e0 une question de teintes : la mati\u00e8re joue aussi un r\u00f4le cl\u00e9. La laine, le velours c\u00f4tel\u00e9, le cuir ou le daim subliment les couleurs automnales en leur donnant de la profondeur et de la texture.<\/p>\n\n\n\n<hr class=\"wp-block-separator has-alpha-channel-opacity\"\/>\n\n\n\n<h3 class=\"wp-block-heading\">Conclusion<\/h3>\n\n\n\n<p>S\u2019habiller en automne, c\u2019est suivre le rythme de la nature : on laisse derri\u00e8re soi les tons clairs et l\u00e9gers de l\u2019\u00e9t\u00e9 pour adopter une garde-robe plus profonde, plus enveloppante, o\u00f9 les couleurs racontent des histoires de for\u00eats, de couchers de soleil et de confort. C\u2019est la saison parfaite pour jouer avec les nuances, sans renoncer \u00e0 l\u2019\u00e9l\u00e9gance ni au confort.<\/p>\n","protected":false},"excerpt":{"rendered":"<p>Quand les feuilles tombent et que la lumi\u00e8re dor\u00e9e de l\u2019automne s\u2019installe, la nature elle-m\u00eame semble dicter un<\/p>\n","protected":false},"author":1,"featured_media":310176,"comment_status":"open","ping_status":"open","sticky":false,"template":"","format":"standard","meta":{"rop_custom_images_group":[],"rop_custom_messages_group":[],"rop_publish_now":"no","rop_publish_now_accounts":{"facebook_2944925605560295_361066357320011":"","twitter_792688215148855296_792688215148855296":""},"rop_publish_now_history":[{"account":"twitter_aToxMjQ3ODM3ODI2NTQ2MjcwMjA4Ow==_1247837826546270200","service":"twitter","timestamp":1761043161,"status":"success"}],"rop_publish_now_status":"done","footnotes":""},"categories":[18],"tags":[1085,965,896,1084],"class_list":["post-310170","post","type-post","status-publish","format-standard","has-post-thumbnail","hentry","category-mode","tag-couleur","tag-mode","tag-tendances","tag-vetements"],"yoast_head":"<!-- This site is optimized with the Yoast SEO plugin v27.4 - https:\/\/yoast.com\/product\/yoast-seo-wordpress\/ -->\n<title>Les Couleurs des V\u00eatements en Automne : Une Harmonie entre Nature et Style - Optannu<\/title>\n<meta name=\"robots\" content=\"index, follow, max-snippet:-1, max-image-preview:large, max-video-preview:-1\" \/>\n<link rel=\"canonical\" href=\"https:\/\/www.jng-web.com\/ref-auto\/les-couleurs-des-vetements-en-automne-une-harmonie-entre-nature-et-style\/\" \/>\n<meta property=\"og:locale\" content=\"fr_FR\" \/>\n<meta property=\"og:type\" content=\"article\" \/>\n<meta property=\"og:title\" content=\"Les Couleurs des V\u00eatements en Automne : Une Harmonie entre Nature et Style - Optannu\" \/>\n<meta property=\"og:description\" content=\"Quand les feuilles tombent et que la lumi\u00e8re dor\u00e9e de l\u2019automne s\u2019installe, la nature elle-m\u00eame semble dicter un\" \/>\n<meta property=\"og:url\" content=\"https:\/\/www.jng-web.com\/ref-auto\/les-couleurs-des-vetements-en-automne-une-harmonie-entre-nature-et-style\/\" \/>\n<meta property=\"og:site_name\" content=\"Optannu\" \/>\n<meta property=\"article:published_time\" content=\"2025-10-21T10:33:50+00:00\" \/>\n<meta property=\"og:image\" content=\"https:\/\/www.jng-web.com\/ref-auto\/wp-content\/uploads\/2025\/08\/woman-wearing-an-elegant-brown-coat-picjumbo-com-scaled.jpg\" \/>\n\t<meta property=\"og:image:width\" content=\"2560\" \/>\n\t<meta property=\"og:image:height\" content=\"1706\" \/>\n\t<meta property=\"og:image:type\" content=\"image\/jpeg\" \/>\n<meta name=\"author\" content=\"Jerome\" \/>\n<meta name=\"twitter:card\" content=\"summary_large_image\" \/>\n<meta name=\"twitter:label1\" content=\"\u00c9crit par\" \/>\n\t<meta name=\"twitter:data1\" content=\"Jerome\" \/>\n\t<meta name=\"twitter:label2\" content=\"Dur\u00e9e de lecture estim\u00e9e\" \/>\n\t<meta name=\"twitter:data2\" content=\"3 minutes\" \/>\n<script type=\"application\/ld+json\" class=\"yoast-schema-graph\">{\"@context\":\"https:\\\/\\\/schema.org\",\"@graph\":[{\"@type\":\"Article\",\"@id\":\"https:\\\/\\\/www.jng-web.com\\\/ref-auto\\\/les-couleurs-des-vetements-en-automne-une-harmonie-entre-nature-et-style\\\/#article\",\"isPartOf\":{\"@id\":\"https:\\\/\\\/www.jng-web.com\\\/ref-auto\\\/les-couleurs-des-vetements-en-automne-une-harmonie-entre-nature-et-style\\\/\"},\"author\":{\"name\":\"Jerome\",\"@id\":\"https:\\\/\\\/www.jng-web.com\\\/ref-auto\\\/#\\\/schema\\\/person\\\/9b9c81cd6753b27cc78a7072ecb82d8e\"},\"headline\":\"Les Couleurs des V\u00eatements en Automne : Une Harmonie entre Nature et Style\",\"datePublished\":\"2025-10-21T10:33:50+00:00\",\"mainEntityOfPage\":{\"@id\":\"https:\\\/\\\/www.jng-web.com\\\/ref-auto\\\/les-couleurs-des-vetements-en-automne-une-harmonie-entre-nature-et-style\\\/\"},\"wordCount\":560,\"commentCount\":0,\"image\":{\"@id\":\"https:\\\/\\\/www.jng-web.com\\\/ref-auto\\\/les-couleurs-des-vetements-en-automne-une-harmonie-entre-nature-et-style\\\/#primaryimage\"},\"thumbnailUrl\":\"https:\\\/\\\/www.jng-web.com\\\/ref-auto\\\/wp-content\\\/uploads\\\/2025\\\/08\\\/woman-wearing-an-elegant-brown-coat-picjumbo-com-scaled.jpg\",\"keywords\":[\"couleur\",\"mode\",\"tendances\",\"v\u00eatements\"],\"articleSection\":[\"Mode\"],\"inLanguage\":\"fr-FR\",\"potentialAction\":[{\"@type\":\"CommentAction\",\"name\":\"Comment\",\"target\":[\"https:\\\/\\\/www.jng-web.com\\\/ref-auto\\\/les-couleurs-des-vetements-en-automne-une-harmonie-entre-nature-et-style\\\/#respond\"]}]},{\"@type\":\"WebPage\",\"@id\":\"https:\\\/\\\/www.jng-web.com\\\/ref-auto\\\/les-couleurs-des-vetements-en-automne-une-harmonie-entre-nature-et-style\\\/\",\"url\":\"https:\\\/\\\/www.jng-web.com\\\/ref-auto\\\/les-couleurs-des-vetements-en-automne-une-harmonie-entre-nature-et-style\\\/\",\"name\":\"Les Couleurs des V\u00eatements en Automne : Une Harmonie entre Nature et Style - Optannu\",\"isPartOf\":{\"@id\":\"https:\\\/\\\/www.jng-web.com\\\/ref-auto\\\/#website\"},\"primaryImageOfPage\":{\"@id\":\"https:\\\/\\\/www.jng-web.com\\\/ref-auto\\\/les-couleurs-des-vetements-en-automne-une-harmonie-entre-nature-et-style\\\/#primaryimage\"},\"image\":{\"@id\":\"https:\\\/\\\/www.jng-web.com\\\/ref-auto\\\/les-couleurs-des-vetements-en-automne-une-harmonie-entre-nature-et-style\\\/#primaryimage\"},\"thumbnailUrl\":\"https:\\\/\\\/www.jng-web.com\\\/ref-auto\\\/wp-content\\\/uploads\\\/2025\\\/08\\\/woman-wearing-an-elegant-brown-coat-picjumbo-com-scaled.jpg\",\"datePublished\":\"2025-10-21T10:33:50+00:00\",\"author\":{\"@id\":\"https:\\\/\\\/www.jng-web.com\\\/ref-auto\\\/#\\\/schema\\\/person\\\/9b9c81cd6753b27cc78a7072ecb82d8e\"},\"breadcrumb\":{\"@id\":\"https:\\\/\\\/www.jng-web.com\\\/ref-auto\\\/les-couleurs-des-vetements-en-automne-une-harmonie-entre-nature-et-style\\\/#breadcrumb\"},\"inLanguage\":\"fr-FR\",\"potentialAction\":[{\"@type\":\"ReadAction\",\"target\":[\"https:\\\/\\\/www.jng-web.com\\\/ref-auto\\\/les-couleurs-des-vetements-en-automne-une-harmonie-entre-nature-et-style\\\/\"]}]},{\"@type\":\"ImageObject\",\"inLanguage\":\"fr-FR\",\"@id\":\"https:\\\/\\\/www.jng-web.com\\\/ref-auto\\\/les-couleurs-des-vetements-en-automne-une-harmonie-entre-nature-et-style\\\/#primaryimage\",\"url\":\"https:\\\/\\\/www.jng-web.com\\\/ref-auto\\\/wp-content\\\/uploads\\\/2025\\\/08\\\/woman-wearing-an-elegant-brown-coat-picjumbo-com-scaled.jpg\",\"contentUrl\":\"https:\\\/\\\/www.jng-web.com\\\/ref-auto\\\/wp-content\\\/uploads\\\/2025\\\/08\\\/woman-wearing-an-elegant-brown-coat-picjumbo-com-scaled.jpg\",\"width\":2560,\"height\":1706},{\"@type\":\"BreadcrumbList\",\"@id\":\"https:\\\/\\\/www.jng-web.com\\\/ref-auto\\\/les-couleurs-des-vetements-en-automne-une-harmonie-entre-nature-et-style\\\/#breadcrumb\",\"itemListElement\":[{\"@type\":\"ListItem\",\"position\":1,\"name\":\"Annuaire g\u00e9n\u00e9raliste gratuit\",\"item\":\"https:\\\/\\\/www.jng-web.com\\\/ref-auto\\\/\"},{\"@type\":\"ListItem\",\"position\":2,\"name\":\"Mode\",\"item\":\"https:\\\/\\\/www.jng-web.com\\\/ref-auto\\\/category\\\/mode\\\/\"},{\"@type\":\"ListItem\",\"position\":3,\"name\":\"Les Couleurs des V\u00eatements en Automne : Une Harmonie entre Nature et Style\"}]},{\"@type\":\"WebSite\",\"@id\":\"https:\\\/\\\/www.jng-web.com\\\/ref-auto\\\/#website\",\"url\":\"https:\\\/\\\/www.jng-web.com\\\/ref-auto\\\/\",\"name\":\"Optannu\",\"description\":\"Guest Blogging : Publier gratuitement vos articles et booster votre r\u00e9f\u00e9rencement !\",\"potentialAction\":[{\"@type\":\"SearchAction\",\"target\":{\"@type\":\"EntryPoint\",\"urlTemplate\":\"https:\\\/\\\/www.jng-web.com\\\/ref-auto\\\/?s={search_term_string}\"},\"query-input\":{\"@type\":\"PropertyValueSpecification\",\"valueRequired\":true,\"valueName\":\"search_term_string\"}}],\"inLanguage\":\"fr-FR\"},{\"@type\":\"Person\",\"@id\":\"https:\\\/\\\/www.jng-web.com\\\/ref-auto\\\/#\\\/schema\\\/person\\\/9b9c81cd6753b27cc78a7072ecb82d8e\",\"name\":\"Jerome\",\"image\":{\"@type\":\"ImageObject\",\"inLanguage\":\"fr-FR\",\"@id\":\"https:\\\/\\\/secure.gravatar.com\\\/avatar\\\/67845112d35b1cf1f1f3c11875432a8ccaa7ba6187cf0b3e820c9fbc6cb40fc6?s=96&d=mm&r=g\",\"url\":\"https:\\\/\\\/secure.gravatar.com\\\/avatar\\\/67845112d35b1cf1f1f3c11875432a8ccaa7ba6187cf0b3e820c9fbc6cb40fc6?s=96&d=mm&r=g\",\"contentUrl\":\"https:\\\/\\\/secure.gravatar.com\\\/avatar\\\/67845112d35b1cf1f1f3c11875432a8ccaa7ba6187cf0b3e820c9fbc6cb40fc6?s=96&d=mm&r=g\",\"caption\":\"Jerome\"},\"sameAs\":[\"https:\\\/\\\/www.jng-web.com\\\/ref-auto\"],\"url\":\"https:\\\/\\\/www.jng-web.com\\\/ref-auto\"}]}<\/script>\n<!-- \/ Yoast SEO plugin. -->","yoast_head_json":{"title":"Les Couleurs des V\u00eatements en Automne : Une Harmonie entre Nature et Style - Optannu","robots":{"index":"index","follow":"follow","max-snippet":"max-snippet:-1","max-image-preview":"max-image-preview:large","max-video-preview":"max-video-preview:-1"},"canonical":"https:\/\/www.jng-web.com\/ref-auto\/les-couleurs-des-vetements-en-automne-une-harmonie-entre-nature-et-style\/","og_locale":"fr_FR","og_type":"article","og_title":"Les Couleurs des V\u00eatements en Automne : Une Harmonie entre Nature et Style - Optannu","og_description":"Quand les feuilles tombent et que la lumi\u00e8re dor\u00e9e de l\u2019automne s\u2019installe, la nature elle-m\u00eame semble dicter un","og_url":"https:\/\/www.jng-web.com\/ref-auto\/les-couleurs-des-vetements-en-automne-une-harmonie-entre-nature-et-style\/","og_site_name":"Optannu","article_published_time":"2025-10-21T10:33:50+00:00","og_image":[{"width":2560,"height":1706,"url":"https:\/\/www.jng-web.com\/ref-auto\/wp-content\/uploads\/2025\/08\/woman-wearing-an-elegant-brown-coat-picjumbo-com-scaled.jpg","type":"image\/jpeg"}],"author":"Jerome","twitter_card":"summary_large_image","twitter_misc":{"\u00c9crit par":"Jerome","Dur\u00e9e de lecture estim\u00e9e":"3 minutes"},"schema":{"@context":"https:\/\/schema.org","@graph":[{"@type":"Article","@id":"https:\/\/www.jng-web.com\/ref-auto\/les-couleurs-des-vetements-en-automne-une-harmonie-entre-nature-et-style\/#article","isPartOf":{"@id":"https:\/\/www.jng-web.com\/ref-auto\/les-couleurs-des-vetements-en-automne-une-harmonie-entre-nature-et-style\/"},"author":{"name":"Jerome","@id":"https:\/\/www.jng-web.com\/ref-auto\/#\/schema\/person\/9b9c81cd6753b27cc78a7072ecb82d8e"},"headline":"Les Couleurs des V\u00eatements en Automne : Une Harmonie entre Nature et Style","datePublished":"2025-10-21T10:33:50+00:00","mainEntityOfPage":{"@id":"https:\/\/www.jng-web.com\/ref-auto\/les-couleurs-des-vetements-en-automne-une-harmonie-entre-nature-et-style\/"},"wordCount":560,"commentCount":0,"image":{"@id":"https:\/\/www.jng-web.com\/ref-auto\/les-couleurs-des-vetements-en-automne-une-harmonie-entre-nature-et-style\/#primaryimage"},"thumbnailUrl":"https:\/\/www.jng-web.com\/ref-auto\/wp-content\/uploads\/2025\/08\/woman-wearing-an-elegant-brown-coat-picjumbo-com-scaled.jpg","keywords":["couleur","mode","tendances","v\u00eatements"],"articleSection":["Mode"],"inLanguage":"fr-FR","potentialAction":[{"@type":"CommentAction","name":"Comment","target":["https:\/\/www.jng-web.com\/ref-auto\/les-couleurs-des-vetements-en-automne-une-harmonie-entre-nature-et-style\/#respond"]}]},{"@type":"WebPage","@id":"https:\/\/www.jng-web.com\/ref-auto\/les-couleurs-des-vetements-en-automne-une-harmonie-entre-nature-et-style\/","url":"https:\/\/www.jng-web.com\/ref-auto\/les-couleurs-des-vetements-en-automne-une-harmonie-entre-nature-et-style\/","name":"Les Couleurs des V\u00eatements en Automne : Une Harmonie entre Nature et Style - Optannu","isPartOf":{"@id":"https:\/\/www.jng-web.com\/ref-auto\/#website"},"primaryImageOfPage":{"@id":"https:\/\/www.jng-web.com\/ref-auto\/les-couleurs-des-vetements-en-automne-une-harmonie-entre-nature-et-style\/#primaryimage"},"image":{"@id":"https:\/\/www.jng-web.com\/ref-auto\/les-couleurs-des-vetements-en-automne-une-harmonie-entre-nature-et-style\/#primaryimage"},"thumbnailUrl":"https:\/\/www.jng-web.com\/ref-auto\/wp-content\/uploads\/2025\/08\/woman-wearing-an-elegant-brown-coat-picjumbo-com-scaled.jpg","datePublished":"2025-10-21T10:33:50+00:00","author":{"@id":"https:\/\/www.jng-web.com\/ref-auto\/#\/schema\/person\/9b9c81cd6753b27cc78a7072ecb82d8e"},"breadcrumb":{"@id":"https:\/\/www.jng-web.com\/ref-auto\/les-couleurs-des-vetements-en-automne-une-harmonie-entre-nature-et-style\/#breadcrumb"},"inLanguage":"fr-FR","potentialAction":[{"@type":"ReadAction","target":["https:\/\/www.jng-web.com\/ref-auto\/les-couleurs-des-vetements-en-automne-une-harmonie-entre-nature-et-style\/"]}]},{"@type":"ImageObject","inLanguage":"fr-FR","@id":"https:\/\/www.jng-web.com\/ref-auto\/les-couleurs-des-vetements-en-automne-une-harmonie-entre-nature-et-style\/#primaryimage","url":"https:\/\/www.jng-web.com\/ref-auto\/wp-content\/uploads\/2025\/08\/woman-wearing-an-elegant-brown-coat-picjumbo-com-scaled.jpg","contentUrl":"https:\/\/www.jng-web.com\/ref-auto\/wp-content\/uploads\/2025\/08\/woman-wearing-an-elegant-brown-coat-picjumbo-com-scaled.jpg","width":2560,"height":1706},{"@type":"BreadcrumbList","@id":"https:\/\/www.jng-web.com\/ref-auto\/les-couleurs-des-vetements-en-automne-une-harmonie-entre-nature-et-style\/#breadcrumb","itemListElement":[{"@type":"ListItem","position":1,"name":"Annuaire g\u00e9n\u00e9raliste gratuit","item":"https:\/\/www.jng-web.com\/ref-auto\/"},{"@type":"ListItem","position":2,"name":"Mode","item":"https:\/\/www.jng-web.com\/ref-auto\/category\/mode\/"},{"@type":"ListItem","position":3,"name":"Les Couleurs des V\u00eatements en Automne : Une Harmonie entre Nature et Style"}]},{"@type":"WebSite","@id":"https:\/\/www.jng-web.com\/ref-auto\/#website","url":"https:\/\/www.jng-web.com\/ref-auto\/","name":"Optannu","description":"Guest Blogging : Publier gratuitement vos articles et booster votre r\u00e9f\u00e9rencement !","potentialAction":[{"@type":"SearchAction","target":{"@type":"EntryPoint","urlTemplate":"https:\/\/www.jng-web.com\/ref-auto\/?s={search_term_string}"},"query-input":{"@type":"PropertyValueSpecification","valueRequired":true,"valueName":"search_term_string"}}],"inLanguage":"fr-FR"},{"@type":"Person","@id":"https:\/\/www.jng-web.com\/ref-auto\/#\/schema\/person\/9b9c81cd6753b27cc78a7072ecb82d8e","name":"Jerome","image":{"@type":"ImageObject","inLanguage":"fr-FR","@id":"https:\/\/secure.gravatar.com\/avatar\/67845112d35b1cf1f1f3c11875432a8ccaa7ba6187cf0b3e820c9fbc6cb40fc6?s=96&d=mm&r=g","url":"https:\/\/secure.gravatar.com\/avatar\/67845112d35b1cf1f1f3c11875432a8ccaa7ba6187cf0b3e820c9fbc6cb40fc6?s=96&d=mm&r=g","contentUrl":"https:\/\/secure.gravatar.com\/avatar\/67845112d35b1cf1f1f3c11875432a8ccaa7ba6187cf0b3e820c9fbc6cb40fc6?s=96&d=mm&r=g","caption":"Jerome"},"sameAs":["https:\/\/www.jng-web.com\/ref-auto"],"url":"https:\/\/www.jng-web.com\/ref-auto"}]}},"views":308,"_links":{"self":[{"href":"https:\/\/www.jng-web.com\/ref-auto\/wp-json\/wp\/v2\/posts\/310170","targetHints":{"allow":["GET"]}}],"collection":[{"href":"https:\/\/www.jng-web.com\/ref-auto\/wp-json\/wp\/v2\/posts"}],"about":[{"href":"https:\/\/www.jng-web.com\/ref-auto\/wp-json\/wp\/v2\/types\/post"}],"author":[{"embeddable":true,"href":"https:\/\/www.jng-web.com\/ref-auto\/wp-json\/wp\/v2\/users\/1"}],"replies":[{"embeddable":true,"href":"https:\/\/www.jng-web.com\/ref-auto\/wp-json\/wp\/v2\/comments?post=310170"}],"version-history":[{"count":1,"href":"https:\/\/www.jng-web.com\/ref-auto\/wp-json\/wp\/v2\/posts\/310170\/revisions"}],"predecessor-version":[{"id":310186,"href":"https:\/\/www.jng-web.com\/ref-auto\/wp-json\/wp\/v2\/posts\/310170\/revisions\/310186"}],"wp:featuredmedia":[{"embeddable":true,"href":"https:\/\/www.jng-web.com\/ref-auto\/wp-json\/wp\/v2\/media\/310176"}],"wp:attachment":[{"href":"https:\/\/www.jng-web.com\/ref-auto\/wp-json\/wp\/v2\/media?parent=310170"}],"wp:term":[{"taxonomy":"category","embeddable":true,"href":"https:\/\/www.jng-web.com\/ref-auto\/wp-json\/wp\/v2\/categories?post=310170"},{"taxonomy":"post_tag","embeddable":true,"href":"https:\/\/www.jng-web.com\/ref-auto\/wp-json\/wp\/v2\/tags?post=310170"}],"curies":[{"name":"wp","href":"https:\/\/api.w.org\/{rel}","templated":true}]}}