{"id":314247,"date":"2025-08-10T09:30:22","date_gmt":"2025-08-10T07:30:22","guid":{"rendered":"https:\/\/www.jng-web.com\/ref-auto\/?p=314247"},"modified":"2025-08-10T09:30:23","modified_gmt":"2025-08-10T07:30:23","slug":"la-riviera-suisse-perle-du-leman-entre-montagnes-et-vignobles","status":"publish","type":"post","link":"https:\/\/www.jng-web.com\/ref-auto\/la-riviera-suisse-perle-du-leman-entre-montagnes-et-vignobles\/","title":{"rendered":"La Riviera suisse : perle du L\u00e9man entre montagnes et vignobles"},"content":{"rendered":"<div id=\"6729917897\" class=\"advads-pub advads-entity-placement\"><script async src=\"https:\/\/pagead2.googlesyndication.com\/pagead\/js\/adsbygoogle.js?client=ca-pub-4944504088214075\"\r\n     crossorigin=\"anonymous\"><\/script><\/div>\n<p>Nich\u00e9e sur la rive nord-est du lac L\u00e9man, entre Lausanne et Montreux, la Riviera suisse offre un spectacle qui semble tout droit sorti d\u2019une carte postale. Ici, les vignobles en terrasses plongent vers les eaux scintillantes, les palmiers c\u00f4toient les cimes enneig\u00e9es, et la douceur du climat invite \u00e0 fl\u00e2ner toute l\u2019ann\u00e9e.<\/p>\n\n\n\n<h2 class=\"wp-block-heading\">Un microclimat aux airs m\u00e9diterran\u00e9ens<\/h2>\n\n\n\n<p>Prot\u00e9g\u00e9e par les Alpes et berc\u00e9e par la chaleur du lac, la r\u00e9gion b\u00e9n\u00e9ficie d\u2019un climat \u00e9tonnamment doux pour la Suisse. Les hivers y sont cl\u00e9ments, les \u00e9t\u00e9s ensoleill\u00e9s, et il n\u2019est pas rare d\u2019apercevoir des figuiers, lauriers-roses et magnolias en pleine floraison. C\u2019est ce microclimat qui lui a valu le surnom de \u00ab petite C\u00f4te d\u2019Azur helv\u00e9tique \u00bb.<\/p>\n\n\n\n<h2 class=\"wp-block-heading\">Les incontournables \u00e0 d\u00e9couvrir<\/h2>\n\n\n\n<ul class=\"wp-block-list\">\n<li><strong>Montreux<\/strong>, capitale musicale de la r\u00e9gion, est c\u00e9l\u00e8bre pour son festival de jazz et sa promenade fleurie le long du lac.<\/li>\n\n\n\n<li><strong>Vevey<\/strong>, ville de Charlie Chaplin, allie charme historique et dynamisme culturel, avec le Mus\u00e9e de l\u2019Alimentarium et les quais anim\u00e9s.<\/li>\n\n\n\n<li><strong>Lavaux<\/strong>, class\u00e9 au patrimoine mondial de l\u2019UNESCO, d\u00e9ploie ses vignobles en terrasses vieillis par des si\u00e8cles de tradition viticole.<\/li>\n\n\n\n<li><strong>Le Ch\u00e2teau de Chillon<\/strong>, forteresse m\u00e9di\u00e9vale plant\u00e9e sur un rocher dans les eaux du L\u00e9man, fascine par sa beaut\u00e9 et son histoire.<\/li>\n<\/ul>\n\n\n\n<h2 class=\"wp-block-heading\">Exp\u00e9riences \u00e0 ne pas manquer<\/h2>\n\n\n\n<ul class=\"wp-block-list\">\n<li><strong>D\u00e9guster un verre de D\u00e9zaley<\/strong> face au lac, au coucher du soleil.<\/li>\n\n\n\n<li><strong>Prendre le train \u00e0 cr\u00e9maill\u00e8re<\/strong> jusqu\u2019\u00e0 Rochers-de-Naye pour admirer un panorama \u00e0 360\u00b0 sur les Alpes, le Jura et le lac.<\/li>\n\n\n\n<li><strong>Fl\u00e2ner sur la promenade<\/strong> qui relie Montreux \u00e0 Villeneuve, entre fleurs, sculptures et caf\u00e9s de bord de lac.<\/li>\n<\/ul>\n\n\n\n<h2 class=\"wp-block-heading\">Une douceur de vivre rare<\/h2>\n\n\n\n<p>La Riviera suisse s\u00e9duit autant les voyageurs que ceux qui choisissent de s\u2019y installer. Entre vie culturelle intense, nature omnipr\u00e9sente et gastronomie raffin\u00e9e, la r\u00e9gion incarne un \u00e9quilibre rare entre d\u00e9tente et inspiration.<\/p>\n","protected":false},"excerpt":{"rendered":"<p>Nich\u00e9e sur la rive nord-est du lac L\u00e9man, entre Lausanne et Montreux, la Riviera suisse offre un spectacle<\/p>\n","protected":false},"author":1,"featured_media":314252,"comment_status":"open","ping_status":"open","sticky":false,"template":"","format":"standard","meta":{"rop_custom_images_group":[],"rop_custom_messages_group":[],"rop_publish_now":"no","rop_publish_now_accounts":{"facebook_2944925605560295_361066357320011":"","twitter_792688215148855296_792688215148855296":""},"rop_publish_now_history":[{"account":"twitter_aToxMjQ3ODM3ODI2NTQ2MjcwMjA4Ow==_1247837826546270200","service":"twitter","timestamp":1754811061,"status":"success"}],"rop_publish_now_status":"done","footnotes":""},"categories":[21],"tags":[821,1095,1096],"class_list":["post-314247","post","type-post","status-publish","format-standard","has-post-thumbnail","hentry","category-tourisme","tag-destinations-de-voyage","tag-riviera","tag-riviera-suisse"],"yoast_head":"<!-- This site is optimized with the Yoast SEO plugin v27.4 - https:\/\/yoast.com\/product\/yoast-seo-wordpress\/ -->\n<title>La Riviera suisse : perle du L\u00e9man entre montagnes et vignobles - Optannu<\/title>\n<meta name=\"robots\" content=\"index, follow, max-snippet:-1, max-image-preview:large, max-video-preview:-1\" \/>\n<link rel=\"canonical\" href=\"https:\/\/www.jng-web.com\/ref-auto\/la-riviera-suisse-perle-du-leman-entre-montagnes-et-vignobles\/\" \/>\n<meta property=\"og:locale\" content=\"fr_FR\" \/>\n<meta property=\"og:type\" content=\"article\" \/>\n<meta property=\"og:title\" content=\"La Riviera suisse : perle du L\u00e9man entre montagnes et vignobles - Optannu\" \/>\n<meta property=\"og:description\" content=\"Nich\u00e9e sur la rive nord-est du lac L\u00e9man, entre Lausanne et Montreux, la Riviera suisse offre un spectacle\" \/>\n<meta property=\"og:url\" content=\"https:\/\/www.jng-web.com\/ref-auto\/la-riviera-suisse-perle-du-leman-entre-montagnes-et-vignobles\/\" \/>\n<meta property=\"og:site_name\" content=\"Optannu\" \/>\n<meta property=\"article:published_time\" content=\"2025-08-10T07:30:22+00:00\" \/>\n<meta property=\"article:modified_time\" content=\"2025-08-10T07:30:23+00:00\" \/>\n<meta property=\"og:image\" content=\"https:\/\/www.jng-web.com\/ref-auto\/wp-content\/uploads\/2025\/08\/530211246_24646626881630188_7878509559559147229_n.jpg\" \/>\n\t<meta property=\"og:image:width\" content=\"2048\" \/>\n\t<meta property=\"og:image:height\" content=\"1536\" \/>\n\t<meta property=\"og:image:type\" content=\"image\/jpeg\" \/>\n<meta name=\"author\" content=\"Jerome\" \/>\n<meta name=\"twitter:card\" content=\"summary_large_image\" \/>\n<meta name=\"twitter:label1\" content=\"\u00c9crit par\" \/>\n\t<meta name=\"twitter:data1\" content=\"Jerome\" \/>\n\t<meta name=\"twitter:label2\" content=\"Dur\u00e9e de lecture estim\u00e9e\" \/>\n\t<meta name=\"twitter:data2\" content=\"2 minutes\" \/>\n<script type=\"application\/ld+json\" class=\"yoast-schema-graph\">{\"@context\":\"https:\\\/\\\/schema.org\",\"@graph\":[{\"@type\":\"Article\",\"@id\":\"https:\\\/\\\/www.jng-web.com\\\/ref-auto\\\/la-riviera-suisse-perle-du-leman-entre-montagnes-et-vignobles\\\/#article\",\"isPartOf\":{\"@id\":\"https:\\\/\\\/www.jng-web.com\\\/ref-auto\\\/la-riviera-suisse-perle-du-leman-entre-montagnes-et-vignobles\\\/\"},\"author\":{\"name\":\"Jerome\",\"@id\":\"https:\\\/\\\/www.jng-web.com\\\/ref-auto\\\/#\\\/schema\\\/person\\\/9b9c81cd6753b27cc78a7072ecb82d8e\"},\"headline\":\"La Riviera suisse : perle du L\u00e9man entre montagnes et vignobles\",\"datePublished\":\"2025-08-10T07:30:22+00:00\",\"dateModified\":\"2025-08-10T07:30:23+00:00\",\"mainEntityOfPage\":{\"@id\":\"https:\\\/\\\/www.jng-web.com\\\/ref-auto\\\/la-riviera-suisse-perle-du-leman-entre-montagnes-et-vignobles\\\/\"},\"wordCount\":352,\"commentCount\":0,\"image\":{\"@id\":\"https:\\\/\\\/www.jng-web.com\\\/ref-auto\\\/la-riviera-suisse-perle-du-leman-entre-montagnes-et-vignobles\\\/#primaryimage\"},\"thumbnailUrl\":\"https:\\\/\\\/www.jng-web.com\\\/ref-auto\\\/wp-content\\\/uploads\\\/2025\\\/08\\\/530211246_24646626881630188_7878509559559147229_n.jpg\",\"keywords\":[\"destinations de voyage\",\"riviera\",\"riviera suisse\"],\"articleSection\":[\"Tourisme\"],\"inLanguage\":\"fr-FR\",\"potentialAction\":[{\"@type\":\"CommentAction\",\"name\":\"Comment\",\"target\":[\"https:\\\/\\\/www.jng-web.com\\\/ref-auto\\\/la-riviera-suisse-perle-du-leman-entre-montagnes-et-vignobles\\\/#respond\"]}]},{\"@type\":\"WebPage\",\"@id\":\"https:\\\/\\\/www.jng-web.com\\\/ref-auto\\\/la-riviera-suisse-perle-du-leman-entre-montagnes-et-vignobles\\\/\",\"url\":\"https:\\\/\\\/www.jng-web.com\\\/ref-auto\\\/la-riviera-suisse-perle-du-leman-entre-montagnes-et-vignobles\\\/\",\"name\":\"La Riviera suisse : perle du L\u00e9man entre montagnes et vignobles - Optannu\",\"isPartOf\":{\"@id\":\"https:\\\/\\\/www.jng-web.com\\\/ref-auto\\\/#website\"},\"primaryImageOfPage\":{\"@id\":\"https:\\\/\\\/www.jng-web.com\\\/ref-auto\\\/la-riviera-suisse-perle-du-leman-entre-montagnes-et-vignobles\\\/#primaryimage\"},\"image\":{\"@id\":\"https:\\\/\\\/www.jng-web.com\\\/ref-auto\\\/la-riviera-suisse-perle-du-leman-entre-montagnes-et-vignobles\\\/#primaryimage\"},\"thumbnailUrl\":\"https:\\\/\\\/www.jng-web.com\\\/ref-auto\\\/wp-content\\\/uploads\\\/2025\\\/08\\\/530211246_24646626881630188_7878509559559147229_n.jpg\",\"datePublished\":\"2025-08-10T07:30:22+00:00\",\"dateModified\":\"2025-08-10T07:30:23+00:00\",\"author\":{\"@id\":\"https:\\\/\\\/www.jng-web.com\\\/ref-auto\\\/#\\\/schema\\\/person\\\/9b9c81cd6753b27cc78a7072ecb82d8e\"},\"breadcrumb\":{\"@id\":\"https:\\\/\\\/www.jng-web.com\\\/ref-auto\\\/la-riviera-suisse-perle-du-leman-entre-montagnes-et-vignobles\\\/#breadcrumb\"},\"inLanguage\":\"fr-FR\",\"potentialAction\":[{\"@type\":\"ReadAction\",\"target\":[\"https:\\\/\\\/www.jng-web.com\\\/ref-auto\\\/la-riviera-suisse-perle-du-leman-entre-montagnes-et-vignobles\\\/\"]}]},{\"@type\":\"ImageObject\",\"inLanguage\":\"fr-FR\",\"@id\":\"https:\\\/\\\/www.jng-web.com\\\/ref-auto\\\/la-riviera-suisse-perle-du-leman-entre-montagnes-et-vignobles\\\/#primaryimage\",\"url\":\"https:\\\/\\\/www.jng-web.com\\\/ref-auto\\\/wp-content\\\/uploads\\\/2025\\\/08\\\/530211246_24646626881630188_7878509559559147229_n.jpg\",\"contentUrl\":\"https:\\\/\\\/www.jng-web.com\\\/ref-auto\\\/wp-content\\\/uploads\\\/2025\\\/08\\\/530211246_24646626881630188_7878509559559147229_n.jpg\",\"width\":2048,\"height\":1536},{\"@type\":\"BreadcrumbList\",\"@id\":\"https:\\\/\\\/www.jng-web.com\\\/ref-auto\\\/la-riviera-suisse-perle-du-leman-entre-montagnes-et-vignobles\\\/#breadcrumb\",\"itemListElement\":[{\"@type\":\"ListItem\",\"position\":1,\"name\":\"Annuaire g\u00e9n\u00e9raliste gratuit\",\"item\":\"https:\\\/\\\/www.jng-web.com\\\/ref-auto\\\/\"},{\"@type\":\"ListItem\",\"position\":2,\"name\":\"Tourisme\",\"item\":\"https:\\\/\\\/www.jng-web.com\\\/ref-auto\\\/category\\\/tourisme\\\/\"},{\"@type\":\"ListItem\",\"position\":3,\"name\":\"La Riviera suisse : perle du L\u00e9man entre montagnes et vignobles\"}]},{\"@type\":\"WebSite\",\"@id\":\"https:\\\/\\\/www.jng-web.com\\\/ref-auto\\\/#website\",\"url\":\"https:\\\/\\\/www.jng-web.com\\\/ref-auto\\\/\",\"name\":\"Optannu\",\"description\":\"Guest Blogging : Publier gratuitement vos articles et booster votre r\u00e9f\u00e9rencement !\",\"potentialAction\":[{\"@type\":\"SearchAction\",\"target\":{\"@type\":\"EntryPoint\",\"urlTemplate\":\"https:\\\/\\\/www.jng-web.com\\\/ref-auto\\\/?s={search_term_string}\"},\"query-input\":{\"@type\":\"PropertyValueSpecification\",\"valueRequired\":true,\"valueName\":\"search_term_string\"}}],\"inLanguage\":\"fr-FR\"},{\"@type\":\"Person\",\"@id\":\"https:\\\/\\\/www.jng-web.com\\\/ref-auto\\\/#\\\/schema\\\/person\\\/9b9c81cd6753b27cc78a7072ecb82d8e\",\"name\":\"Jerome\",\"image\":{\"@type\":\"ImageObject\",\"inLanguage\":\"fr-FR\",\"@id\":\"https:\\\/\\\/secure.gravatar.com\\\/avatar\\\/67845112d35b1cf1f1f3c11875432a8ccaa7ba6187cf0b3e820c9fbc6cb40fc6?s=96&d=mm&r=g\",\"url\":\"https:\\\/\\\/secure.gravatar.com\\\/avatar\\\/67845112d35b1cf1f1f3c11875432a8ccaa7ba6187cf0b3e820c9fbc6cb40fc6?s=96&d=mm&r=g\",\"contentUrl\":\"https:\\\/\\\/secure.gravatar.com\\\/avatar\\\/67845112d35b1cf1f1f3c11875432a8ccaa7ba6187cf0b3e820c9fbc6cb40fc6?s=96&d=mm&r=g\",\"caption\":\"Jerome\"},\"sameAs\":[\"https:\\\/\\\/www.jng-web.com\\\/ref-auto\"],\"url\":\"https:\\\/\\\/www.jng-web.com\\\/ref-auto\"}]}<\/script>\n<!-- \/ Yoast SEO plugin. -->","yoast_head_json":{"title":"La Riviera suisse : perle du L\u00e9man entre montagnes et vignobles - Optannu","robots":{"index":"index","follow":"follow","max-snippet":"max-snippet:-1","max-image-preview":"max-image-preview:large","max-video-preview":"max-video-preview:-1"},"canonical":"https:\/\/www.jng-web.com\/ref-auto\/la-riviera-suisse-perle-du-leman-entre-montagnes-et-vignobles\/","og_locale":"fr_FR","og_type":"article","og_title":"La Riviera suisse : perle du L\u00e9man entre montagnes et vignobles - Optannu","og_description":"Nich\u00e9e sur la rive nord-est du lac L\u00e9man, entre Lausanne et Montreux, la Riviera suisse offre un spectacle","og_url":"https:\/\/www.jng-web.com\/ref-auto\/la-riviera-suisse-perle-du-leman-entre-montagnes-et-vignobles\/","og_site_name":"Optannu","article_published_time":"2025-08-10T07:30:22+00:00","article_modified_time":"2025-08-10T07:30:23+00:00","og_image":[{"width":2048,"height":1536,"url":"https:\/\/www.jng-web.com\/ref-auto\/wp-content\/uploads\/2025\/08\/530211246_24646626881630188_7878509559559147229_n.jpg","type":"image\/jpeg"}],"author":"Jerome","twitter_card":"summary_large_image","twitter_misc":{"\u00c9crit par":"Jerome","Dur\u00e9e de lecture estim\u00e9e":"2 minutes"},"schema":{"@context":"https:\/\/schema.org","@graph":[{"@type":"Article","@id":"https:\/\/www.jng-web.com\/ref-auto\/la-riviera-suisse-perle-du-leman-entre-montagnes-et-vignobles\/#article","isPartOf":{"@id":"https:\/\/www.jng-web.com\/ref-auto\/la-riviera-suisse-perle-du-leman-entre-montagnes-et-vignobles\/"},"author":{"name":"Jerome","@id":"https:\/\/www.jng-web.com\/ref-auto\/#\/schema\/person\/9b9c81cd6753b27cc78a7072ecb82d8e"},"headline":"La Riviera suisse : perle du L\u00e9man entre montagnes et vignobles","datePublished":"2025-08-10T07:30:22+00:00","dateModified":"2025-08-10T07:30:23+00:00","mainEntityOfPage":{"@id":"https:\/\/www.jng-web.com\/ref-auto\/la-riviera-suisse-perle-du-leman-entre-montagnes-et-vignobles\/"},"wordCount":352,"commentCount":0,"image":{"@id":"https:\/\/www.jng-web.com\/ref-auto\/la-riviera-suisse-perle-du-leman-entre-montagnes-et-vignobles\/#primaryimage"},"thumbnailUrl":"https:\/\/www.jng-web.com\/ref-auto\/wp-content\/uploads\/2025\/08\/530211246_24646626881630188_7878509559559147229_n.jpg","keywords":["destinations de voyage","riviera","riviera suisse"],"articleSection":["Tourisme"],"inLanguage":"fr-FR","potentialAction":[{"@type":"CommentAction","name":"Comment","target":["https:\/\/www.jng-web.com\/ref-auto\/la-riviera-suisse-perle-du-leman-entre-montagnes-et-vignobles\/#respond"]}]},{"@type":"WebPage","@id":"https:\/\/www.jng-web.com\/ref-auto\/la-riviera-suisse-perle-du-leman-entre-montagnes-et-vignobles\/","url":"https:\/\/www.jng-web.com\/ref-auto\/la-riviera-suisse-perle-du-leman-entre-montagnes-et-vignobles\/","name":"La Riviera suisse : perle du L\u00e9man entre montagnes et vignobles - Optannu","isPartOf":{"@id":"https:\/\/www.jng-web.com\/ref-auto\/#website"},"primaryImageOfPage":{"@id":"https:\/\/www.jng-web.com\/ref-auto\/la-riviera-suisse-perle-du-leman-entre-montagnes-et-vignobles\/#primaryimage"},"image":{"@id":"https:\/\/www.jng-web.com\/ref-auto\/la-riviera-suisse-perle-du-leman-entre-montagnes-et-vignobles\/#primaryimage"},"thumbnailUrl":"https:\/\/www.jng-web.com\/ref-auto\/wp-content\/uploads\/2025\/08\/530211246_24646626881630188_7878509559559147229_n.jpg","datePublished":"2025-08-10T07:30:22+00:00","dateModified":"2025-08-10T07:30:23+00:00","author":{"@id":"https:\/\/www.jng-web.com\/ref-auto\/#\/schema\/person\/9b9c81cd6753b27cc78a7072ecb82d8e"},"breadcrumb":{"@id":"https:\/\/www.jng-web.com\/ref-auto\/la-riviera-suisse-perle-du-leman-entre-montagnes-et-vignobles\/#breadcrumb"},"inLanguage":"fr-FR","potentialAction":[{"@type":"ReadAction","target":["https:\/\/www.jng-web.com\/ref-auto\/la-riviera-suisse-perle-du-leman-entre-montagnes-et-vignobles\/"]}]},{"@type":"ImageObject","inLanguage":"fr-FR","@id":"https:\/\/www.jng-web.com\/ref-auto\/la-riviera-suisse-perle-du-leman-entre-montagnes-et-vignobles\/#primaryimage","url":"https:\/\/www.jng-web.com\/ref-auto\/wp-content\/uploads\/2025\/08\/530211246_24646626881630188_7878509559559147229_n.jpg","contentUrl":"https:\/\/www.jng-web.com\/ref-auto\/wp-content\/uploads\/2025\/08\/530211246_24646626881630188_7878509559559147229_n.jpg","width":2048,"height":1536},{"@type":"BreadcrumbList","@id":"https:\/\/www.jng-web.com\/ref-auto\/la-riviera-suisse-perle-du-leman-entre-montagnes-et-vignobles\/#breadcrumb","itemListElement":[{"@type":"ListItem","position":1,"name":"Annuaire g\u00e9n\u00e9raliste gratuit","item":"https:\/\/www.jng-web.com\/ref-auto\/"},{"@type":"ListItem","position":2,"name":"Tourisme","item":"https:\/\/www.jng-web.com\/ref-auto\/category\/tourisme\/"},{"@type":"ListItem","position":3,"name":"La Riviera suisse : perle du L\u00e9man entre montagnes et vignobles"}]},{"@type":"WebSite","@id":"https:\/\/www.jng-web.com\/ref-auto\/#website","url":"https:\/\/www.jng-web.com\/ref-auto\/","name":"Optannu","description":"Guest Blogging : Publier gratuitement vos articles et booster votre r\u00e9f\u00e9rencement !","potentialAction":[{"@type":"SearchAction","target":{"@type":"EntryPoint","urlTemplate":"https:\/\/www.jng-web.com\/ref-auto\/?s={search_term_string}"},"query-input":{"@type":"PropertyValueSpecification","valueRequired":true,"valueName":"search_term_string"}}],"inLanguage":"fr-FR"},{"@type":"Person","@id":"https:\/\/www.jng-web.com\/ref-auto\/#\/schema\/person\/9b9c81cd6753b27cc78a7072ecb82d8e","name":"Jerome","image":{"@type":"ImageObject","inLanguage":"fr-FR","@id":"https:\/\/secure.gravatar.com\/avatar\/67845112d35b1cf1f1f3c11875432a8ccaa7ba6187cf0b3e820c9fbc6cb40fc6?s=96&d=mm&r=g","url":"https:\/\/secure.gravatar.com\/avatar\/67845112d35b1cf1f1f3c11875432a8ccaa7ba6187cf0b3e820c9fbc6cb40fc6?s=96&d=mm&r=g","contentUrl":"https:\/\/secure.gravatar.com\/avatar\/67845112d35b1cf1f1f3c11875432a8ccaa7ba6187cf0b3e820c9fbc6cb40fc6?s=96&d=mm&r=g","caption":"Jerome"},"sameAs":["https:\/\/www.jng-web.com\/ref-auto"],"url":"https:\/\/www.jng-web.com\/ref-auto"}]}},"views":484,"_links":{"self":[{"href":"https:\/\/www.jng-web.com\/ref-auto\/wp-json\/wp\/v2\/posts\/314247","targetHints":{"allow":["GET"]}}],"collection":[{"href":"https:\/\/www.jng-web.com\/ref-auto\/wp-json\/wp\/v2\/posts"}],"about":[{"href":"https:\/\/www.jng-web.com\/ref-auto\/wp-json\/wp\/v2\/types\/post"}],"author":[{"embeddable":true,"href":"https:\/\/www.jng-web.com\/ref-auto\/wp-json\/wp\/v2\/users\/1"}],"replies":[{"embeddable":true,"href":"https:\/\/www.jng-web.com\/ref-auto\/wp-json\/wp\/v2\/comments?post=314247"}],"version-history":[{"count":1,"href":"https:\/\/www.jng-web.com\/ref-auto\/wp-json\/wp\/v2\/posts\/314247\/revisions"}],"predecessor-version":[{"id":314263,"href":"https:\/\/www.jng-web.com\/ref-auto\/wp-json\/wp\/v2\/posts\/314247\/revisions\/314263"}],"wp:featuredmedia":[{"embeddable":true,"href":"https:\/\/www.jng-web.com\/ref-auto\/wp-json\/wp\/v2\/media\/314252"}],"wp:attachment":[{"href":"https:\/\/www.jng-web.com\/ref-auto\/wp-json\/wp\/v2\/media?parent=314247"}],"wp:term":[{"taxonomy":"category","embeddable":true,"href":"https:\/\/www.jng-web.com\/ref-auto\/wp-json\/wp\/v2\/categories?post=314247"},{"taxonomy":"post_tag","embeddable":true,"href":"https:\/\/www.jng-web.com\/ref-auto\/wp-json\/wp\/v2\/tags?post=314247"}],"curies":[{"name":"wp","href":"https:\/\/api.w.org\/{rel}","templated":true}]}}