{"id":314265,"date":"2025-08-11T09:31:01","date_gmt":"2025-08-11T07:31:01","guid":{"rendered":"https:\/\/www.jng-web.com\/ref-auto\/?p=314265"},"modified":"2025-08-10T09:31:47","modified_gmt":"2025-08-10T07:31:47","slug":"montreux-la-perle-musicale-du-leman","status":"publish","type":"post","link":"https:\/\/www.jng-web.com\/ref-auto\/montreux-la-perle-musicale-du-leman\/","title":{"rendered":"Montreux : la perle musicale du L\u00e9man"},"content":{"rendered":"<div id=\"6729917897\" class=\"advads-pub advads-entity-placement\"><script async src=\"https:\/\/pagead2.googlesyndication.com\/pagead\/js\/adsbygoogle.js?client=ca-pub-4944504088214075\"\r\n     crossorigin=\"anonymous\"><\/script><\/div>\n<p>Montreux, nich\u00e9e sur la Riviera suisse, est l\u2019une de ces villes qui marquent la m\u00e9moire par leur beaut\u00e9 et leur atmosph\u00e8re unique. Bord\u00e9e par les eaux scintillantes du lac L\u00e9man et domin\u00e9e par les Alpes, elle m\u00eale douceur m\u00e9diterran\u00e9enne et panorama alpin spectaculaire.<\/p>\n\n\n\n<h2 class=\"wp-block-heading\">Un climat qui inspire<\/h2>\n\n\n\n<p>Prot\u00e9g\u00e9e par les montagnes, Montreux b\u00e9n\u00e9ficie d\u2019un microclimat doux toute l\u2019ann\u00e9e. C\u2019est ce climat privil\u00e9gi\u00e9 qui permet aux palmiers et aux fleurs exotiques de s\u2019\u00e9panouir le long de sa promenade, cr\u00e9ant un d\u00e9cor qui surprend toujours les visiteurs venus chercher l\u2019air des montagnes.<\/p>\n\n\n\n<h2 class=\"wp-block-heading\">La ville aux mille notes<\/h2>\n\n\n\n<p>Montreux est mondialement connue pour son <strong>Montreux Jazz Festival<\/strong>, cr\u00e9\u00e9 en 1967 par Claude Nobs. Chaque \u00e9t\u00e9, la ville se transforme en sc\u00e8ne musicale g\u00e9ante o\u00f9 se croisent l\u00e9gendes du jazz, de la soul, du rock et des musiques du monde. Des artistes comme Miles Davis, Nina Simone, Prince ou David Bowie y ont laiss\u00e9 leur empreinte.<br>La musique est d\u2019ailleurs partout : dans les rues, sur les quais, jusque dans la statue embl\u00e9matique de <strong>Freddie Mercury<\/strong>, tourn\u00e9e vers le lac.<\/p>\n\n\n\n<h2 class=\"wp-block-heading\">Entre patrimoine et nature<\/h2>\n\n\n\n<ul class=\"wp-block-list\">\n<li><strong>Le Ch\u00e2teau de Chillon<\/strong>, \u00e0 quelques minutes \u00e0 pied ou en bateau, offre un voyage dans l\u2019histoire m\u00e9di\u00e9vale au fil de ses salles, ses tours et ses souterrains.<\/li>\n\n\n\n<li><strong>La promenade fleuries<\/strong> reliant Montreux \u00e0 Villeneuve est un incontournable : sculptures, jardins, terrasses et vue sur le lac accompagnent la marche.<\/li>\n\n\n\n<li><strong>Les hauteurs<\/strong> de Montreux, accessibles en funiculaire ou en train \u00e0 cr\u00e9maill\u00e8re, m\u00e8nent \u00e0 Caux et aux Rochers-de-Naye, avec une vue imprenable sur le L\u00e9man et les Alpes.<\/li>\n<\/ul>\n\n\n\n<h2 class=\"wp-block-heading\">Saveurs et art de vivre<\/h2>\n\n\n\n<p>Montreux n\u2019est pas seulement une ville \u00e0 contempler, c\u2019est aussi une ville \u00e0 go\u00fbter. Entre ses terrasses au bord de l\u2019eau, ses restaurants gastronomiques et ses caves \u00e0 vin issues du terroir viticole de Lavaux, chaque repas devient un moment de plaisir.<\/p>\n\n\n\n<h2 class=\"wp-block-heading\">Pourquoi Montreux s\u00e9duit<\/h2>\n\n\n\n<p>Il y a \u00e0 Montreux une combinaison rare : la tranquillit\u00e9 d\u2019une petite ville, la richesse culturelle d\u2019une m\u00e9tropole et la beaut\u00e9 naturelle d\u2019une carte postale. Que l\u2019on vienne pour un week-end romantique, un festival ou une balade improvis\u00e9e, on repart toujours avec l\u2019impression d\u2019avoir touch\u00e9 quelque chose de pr\u00e9cieux.<\/p>\n","protected":false},"excerpt":{"rendered":"<p>Montreux, nich\u00e9e sur la Riviera suisse, est l\u2019une de ces villes qui marquent la m\u00e9moire par leur beaut\u00e9<\/p>\n","protected":false},"author":1,"featured_media":314252,"comment_status":"open","ping_status":"open","sticky":false,"template":"","format":"standard","meta":{"rop_custom_images_group":[],"rop_custom_messages_group":[],"rop_publish_now":"no","rop_publish_now_accounts":{"facebook_2944925605560295_361066357320011":"","twitter_792688215148855296_792688215148855296":""},"rop_publish_now_history":[{"account":"twitter_aToxMjQ3ODM3ODI2NTQ2MjcwMjA4Ow==_1247837826546270200","service":"twitter","timestamp":1754900022,"status":"success"}],"rop_publish_now_status":"done","footnotes":""},"categories":[21],"tags":[821,1095,1096],"class_list":["post-314265","post","type-post","status-publish","format-standard","has-post-thumbnail","hentry","category-tourisme","tag-destinations-de-voyage","tag-riviera","tag-riviera-suisse"],"yoast_head":"<!-- This site is optimized with the Yoast SEO plugin v27.4 - https:\/\/yoast.com\/product\/yoast-seo-wordpress\/ -->\n<title>Montreux : la perle musicale du L\u00e9man - Optannu<\/title>\n<meta name=\"robots\" content=\"index, follow, max-snippet:-1, max-image-preview:large, max-video-preview:-1\" \/>\n<link rel=\"canonical\" href=\"https:\/\/www.jng-web.com\/ref-auto\/montreux-la-perle-musicale-du-leman\/\" \/>\n<meta property=\"og:locale\" content=\"fr_FR\" \/>\n<meta property=\"og:type\" content=\"article\" \/>\n<meta property=\"og:title\" content=\"Montreux : la perle musicale du L\u00e9man - Optannu\" \/>\n<meta property=\"og:description\" content=\"Montreux, nich\u00e9e sur la Riviera suisse, est l\u2019une de ces villes qui marquent la m\u00e9moire par leur beaut\u00e9\" \/>\n<meta property=\"og:url\" content=\"https:\/\/www.jng-web.com\/ref-auto\/montreux-la-perle-musicale-du-leman\/\" \/>\n<meta property=\"og:site_name\" content=\"Optannu\" \/>\n<meta property=\"article:published_time\" content=\"2025-08-11T07:31:01+00:00\" \/>\n<meta property=\"og:image\" content=\"https:\/\/www.jng-web.com\/ref-auto\/wp-content\/uploads\/2025\/08\/530211246_24646626881630188_7878509559559147229_n.jpg\" \/>\n\t<meta property=\"og:image:width\" content=\"2048\" \/>\n\t<meta property=\"og:image:height\" content=\"1536\" \/>\n\t<meta property=\"og:image:type\" content=\"image\/jpeg\" \/>\n<meta name=\"author\" content=\"Jerome\" \/>\n<meta name=\"twitter:card\" content=\"summary_large_image\" \/>\n<meta name=\"twitter:label1\" content=\"\u00c9crit par\" \/>\n\t<meta name=\"twitter:data1\" content=\"Jerome\" \/>\n\t<meta name=\"twitter:label2\" content=\"Dur\u00e9e de lecture estim\u00e9e\" \/>\n\t<meta name=\"twitter:data2\" content=\"3 minutes\" \/>\n<script type=\"application\/ld+json\" class=\"yoast-schema-graph\">{\"@context\":\"https:\\\/\\\/schema.org\",\"@graph\":[{\"@type\":\"Article\",\"@id\":\"https:\\\/\\\/www.jng-web.com\\\/ref-auto\\\/montreux-la-perle-musicale-du-leman\\\/#article\",\"isPartOf\":{\"@id\":\"https:\\\/\\\/www.jng-web.com\\\/ref-auto\\\/montreux-la-perle-musicale-du-leman\\\/\"},\"author\":{\"name\":\"Jerome\",\"@id\":\"https:\\\/\\\/www.jng-web.com\\\/ref-auto\\\/#\\\/schema\\\/person\\\/9b9c81cd6753b27cc78a7072ecb82d8e\"},\"headline\":\"Montreux : la perle musicale du L\u00e9man\",\"datePublished\":\"2025-08-11T07:31:01+00:00\",\"mainEntityOfPage\":{\"@id\":\"https:\\\/\\\/www.jng-web.com\\\/ref-auto\\\/montreux-la-perle-musicale-du-leman\\\/\"},\"wordCount\":403,\"commentCount\":0,\"image\":{\"@id\":\"https:\\\/\\\/www.jng-web.com\\\/ref-auto\\\/montreux-la-perle-musicale-du-leman\\\/#primaryimage\"},\"thumbnailUrl\":\"https:\\\/\\\/www.jng-web.com\\\/ref-auto\\\/wp-content\\\/uploads\\\/2025\\\/08\\\/530211246_24646626881630188_7878509559559147229_n.jpg\",\"keywords\":[\"destinations de voyage\",\"riviera\",\"riviera suisse\"],\"articleSection\":[\"Tourisme\"],\"inLanguage\":\"fr-FR\",\"potentialAction\":[{\"@type\":\"CommentAction\",\"name\":\"Comment\",\"target\":[\"https:\\\/\\\/www.jng-web.com\\\/ref-auto\\\/montreux-la-perle-musicale-du-leman\\\/#respond\"]}]},{\"@type\":\"WebPage\",\"@id\":\"https:\\\/\\\/www.jng-web.com\\\/ref-auto\\\/montreux-la-perle-musicale-du-leman\\\/\",\"url\":\"https:\\\/\\\/www.jng-web.com\\\/ref-auto\\\/montreux-la-perle-musicale-du-leman\\\/\",\"name\":\"Montreux : la perle musicale du L\u00e9man - Optannu\",\"isPartOf\":{\"@id\":\"https:\\\/\\\/www.jng-web.com\\\/ref-auto\\\/#website\"},\"primaryImageOfPage\":{\"@id\":\"https:\\\/\\\/www.jng-web.com\\\/ref-auto\\\/montreux-la-perle-musicale-du-leman\\\/#primaryimage\"},\"image\":{\"@id\":\"https:\\\/\\\/www.jng-web.com\\\/ref-auto\\\/montreux-la-perle-musicale-du-leman\\\/#primaryimage\"},\"thumbnailUrl\":\"https:\\\/\\\/www.jng-web.com\\\/ref-auto\\\/wp-content\\\/uploads\\\/2025\\\/08\\\/530211246_24646626881630188_7878509559559147229_n.jpg\",\"datePublished\":\"2025-08-11T07:31:01+00:00\",\"author\":{\"@id\":\"https:\\\/\\\/www.jng-web.com\\\/ref-auto\\\/#\\\/schema\\\/person\\\/9b9c81cd6753b27cc78a7072ecb82d8e\"},\"breadcrumb\":{\"@id\":\"https:\\\/\\\/www.jng-web.com\\\/ref-auto\\\/montreux-la-perle-musicale-du-leman\\\/#breadcrumb\"},\"inLanguage\":\"fr-FR\",\"potentialAction\":[{\"@type\":\"ReadAction\",\"target\":[\"https:\\\/\\\/www.jng-web.com\\\/ref-auto\\\/montreux-la-perle-musicale-du-leman\\\/\"]}]},{\"@type\":\"ImageObject\",\"inLanguage\":\"fr-FR\",\"@id\":\"https:\\\/\\\/www.jng-web.com\\\/ref-auto\\\/montreux-la-perle-musicale-du-leman\\\/#primaryimage\",\"url\":\"https:\\\/\\\/www.jng-web.com\\\/ref-auto\\\/wp-content\\\/uploads\\\/2025\\\/08\\\/530211246_24646626881630188_7878509559559147229_n.jpg\",\"contentUrl\":\"https:\\\/\\\/www.jng-web.com\\\/ref-auto\\\/wp-content\\\/uploads\\\/2025\\\/08\\\/530211246_24646626881630188_7878509559559147229_n.jpg\",\"width\":2048,\"height\":1536},{\"@type\":\"BreadcrumbList\",\"@id\":\"https:\\\/\\\/www.jng-web.com\\\/ref-auto\\\/montreux-la-perle-musicale-du-leman\\\/#breadcrumb\",\"itemListElement\":[{\"@type\":\"ListItem\",\"position\":1,\"name\":\"Annuaire g\u00e9n\u00e9raliste gratuit\",\"item\":\"https:\\\/\\\/www.jng-web.com\\\/ref-auto\\\/\"},{\"@type\":\"ListItem\",\"position\":2,\"name\":\"Tourisme\",\"item\":\"https:\\\/\\\/www.jng-web.com\\\/ref-auto\\\/category\\\/tourisme\\\/\"},{\"@type\":\"ListItem\",\"position\":3,\"name\":\"Montreux : la perle musicale du L\u00e9man\"}]},{\"@type\":\"WebSite\",\"@id\":\"https:\\\/\\\/www.jng-web.com\\\/ref-auto\\\/#website\",\"url\":\"https:\\\/\\\/www.jng-web.com\\\/ref-auto\\\/\",\"name\":\"Optannu\",\"description\":\"Guest Blogging : Publier gratuitement vos articles et booster votre r\u00e9f\u00e9rencement !\",\"potentialAction\":[{\"@type\":\"SearchAction\",\"target\":{\"@type\":\"EntryPoint\",\"urlTemplate\":\"https:\\\/\\\/www.jng-web.com\\\/ref-auto\\\/?s={search_term_string}\"},\"query-input\":{\"@type\":\"PropertyValueSpecification\",\"valueRequired\":true,\"valueName\":\"search_term_string\"}}],\"inLanguage\":\"fr-FR\"},{\"@type\":\"Person\",\"@id\":\"https:\\\/\\\/www.jng-web.com\\\/ref-auto\\\/#\\\/schema\\\/person\\\/9b9c81cd6753b27cc78a7072ecb82d8e\",\"name\":\"Jerome\",\"image\":{\"@type\":\"ImageObject\",\"inLanguage\":\"fr-FR\",\"@id\":\"https:\\\/\\\/secure.gravatar.com\\\/avatar\\\/67845112d35b1cf1f1f3c11875432a8ccaa7ba6187cf0b3e820c9fbc6cb40fc6?s=96&d=mm&r=g\",\"url\":\"https:\\\/\\\/secure.gravatar.com\\\/avatar\\\/67845112d35b1cf1f1f3c11875432a8ccaa7ba6187cf0b3e820c9fbc6cb40fc6?s=96&d=mm&r=g\",\"contentUrl\":\"https:\\\/\\\/secure.gravatar.com\\\/avatar\\\/67845112d35b1cf1f1f3c11875432a8ccaa7ba6187cf0b3e820c9fbc6cb40fc6?s=96&d=mm&r=g\",\"caption\":\"Jerome\"},\"sameAs\":[\"https:\\\/\\\/www.jng-web.com\\\/ref-auto\"],\"url\":\"https:\\\/\\\/www.jng-web.com\\\/ref-auto\"}]}<\/script>\n<!-- \/ Yoast SEO plugin. -->","yoast_head_json":{"title":"Montreux : la perle musicale du L\u00e9man - Optannu","robots":{"index":"index","follow":"follow","max-snippet":"max-snippet:-1","max-image-preview":"max-image-preview:large","max-video-preview":"max-video-preview:-1"},"canonical":"https:\/\/www.jng-web.com\/ref-auto\/montreux-la-perle-musicale-du-leman\/","og_locale":"fr_FR","og_type":"article","og_title":"Montreux : la perle musicale du L\u00e9man - Optannu","og_description":"Montreux, nich\u00e9e sur la Riviera suisse, est l\u2019une de ces villes qui marquent la m\u00e9moire par leur beaut\u00e9","og_url":"https:\/\/www.jng-web.com\/ref-auto\/montreux-la-perle-musicale-du-leman\/","og_site_name":"Optannu","article_published_time":"2025-08-11T07:31:01+00:00","og_image":[{"width":2048,"height":1536,"url":"https:\/\/www.jng-web.com\/ref-auto\/wp-content\/uploads\/2025\/08\/530211246_24646626881630188_7878509559559147229_n.jpg","type":"image\/jpeg"}],"author":"Jerome","twitter_card":"summary_large_image","twitter_misc":{"\u00c9crit par":"Jerome","Dur\u00e9e de lecture estim\u00e9e":"3 minutes"},"schema":{"@context":"https:\/\/schema.org","@graph":[{"@type":"Article","@id":"https:\/\/www.jng-web.com\/ref-auto\/montreux-la-perle-musicale-du-leman\/#article","isPartOf":{"@id":"https:\/\/www.jng-web.com\/ref-auto\/montreux-la-perle-musicale-du-leman\/"},"author":{"name":"Jerome","@id":"https:\/\/www.jng-web.com\/ref-auto\/#\/schema\/person\/9b9c81cd6753b27cc78a7072ecb82d8e"},"headline":"Montreux : la perle musicale du L\u00e9man","datePublished":"2025-08-11T07:31:01+00:00","mainEntityOfPage":{"@id":"https:\/\/www.jng-web.com\/ref-auto\/montreux-la-perle-musicale-du-leman\/"},"wordCount":403,"commentCount":0,"image":{"@id":"https:\/\/www.jng-web.com\/ref-auto\/montreux-la-perle-musicale-du-leman\/#primaryimage"},"thumbnailUrl":"https:\/\/www.jng-web.com\/ref-auto\/wp-content\/uploads\/2025\/08\/530211246_24646626881630188_7878509559559147229_n.jpg","keywords":["destinations de voyage","riviera","riviera suisse"],"articleSection":["Tourisme"],"inLanguage":"fr-FR","potentialAction":[{"@type":"CommentAction","name":"Comment","target":["https:\/\/www.jng-web.com\/ref-auto\/montreux-la-perle-musicale-du-leman\/#respond"]}]},{"@type":"WebPage","@id":"https:\/\/www.jng-web.com\/ref-auto\/montreux-la-perle-musicale-du-leman\/","url":"https:\/\/www.jng-web.com\/ref-auto\/montreux-la-perle-musicale-du-leman\/","name":"Montreux : la perle musicale du L\u00e9man - Optannu","isPartOf":{"@id":"https:\/\/www.jng-web.com\/ref-auto\/#website"},"primaryImageOfPage":{"@id":"https:\/\/www.jng-web.com\/ref-auto\/montreux-la-perle-musicale-du-leman\/#primaryimage"},"image":{"@id":"https:\/\/www.jng-web.com\/ref-auto\/montreux-la-perle-musicale-du-leman\/#primaryimage"},"thumbnailUrl":"https:\/\/www.jng-web.com\/ref-auto\/wp-content\/uploads\/2025\/08\/530211246_24646626881630188_7878509559559147229_n.jpg","datePublished":"2025-08-11T07:31:01+00:00","author":{"@id":"https:\/\/www.jng-web.com\/ref-auto\/#\/schema\/person\/9b9c81cd6753b27cc78a7072ecb82d8e"},"breadcrumb":{"@id":"https:\/\/www.jng-web.com\/ref-auto\/montreux-la-perle-musicale-du-leman\/#breadcrumb"},"inLanguage":"fr-FR","potentialAction":[{"@type":"ReadAction","target":["https:\/\/www.jng-web.com\/ref-auto\/montreux-la-perle-musicale-du-leman\/"]}]},{"@type":"ImageObject","inLanguage":"fr-FR","@id":"https:\/\/www.jng-web.com\/ref-auto\/montreux-la-perle-musicale-du-leman\/#primaryimage","url":"https:\/\/www.jng-web.com\/ref-auto\/wp-content\/uploads\/2025\/08\/530211246_24646626881630188_7878509559559147229_n.jpg","contentUrl":"https:\/\/www.jng-web.com\/ref-auto\/wp-content\/uploads\/2025\/08\/530211246_24646626881630188_7878509559559147229_n.jpg","width":2048,"height":1536},{"@type":"BreadcrumbList","@id":"https:\/\/www.jng-web.com\/ref-auto\/montreux-la-perle-musicale-du-leman\/#breadcrumb","itemListElement":[{"@type":"ListItem","position":1,"name":"Annuaire g\u00e9n\u00e9raliste gratuit","item":"https:\/\/www.jng-web.com\/ref-auto\/"},{"@type":"ListItem","position":2,"name":"Tourisme","item":"https:\/\/www.jng-web.com\/ref-auto\/category\/tourisme\/"},{"@type":"ListItem","position":3,"name":"Montreux : la perle musicale du L\u00e9man"}]},{"@type":"WebSite","@id":"https:\/\/www.jng-web.com\/ref-auto\/#website","url":"https:\/\/www.jng-web.com\/ref-auto\/","name":"Optannu","description":"Guest Blogging : Publier gratuitement vos articles et booster votre r\u00e9f\u00e9rencement !","potentialAction":[{"@type":"SearchAction","target":{"@type":"EntryPoint","urlTemplate":"https:\/\/www.jng-web.com\/ref-auto\/?s={search_term_string}"},"query-input":{"@type":"PropertyValueSpecification","valueRequired":true,"valueName":"search_term_string"}}],"inLanguage":"fr-FR"},{"@type":"Person","@id":"https:\/\/www.jng-web.com\/ref-auto\/#\/schema\/person\/9b9c81cd6753b27cc78a7072ecb82d8e","name":"Jerome","image":{"@type":"ImageObject","inLanguage":"fr-FR","@id":"https:\/\/secure.gravatar.com\/avatar\/67845112d35b1cf1f1f3c11875432a8ccaa7ba6187cf0b3e820c9fbc6cb40fc6?s=96&d=mm&r=g","url":"https:\/\/secure.gravatar.com\/avatar\/67845112d35b1cf1f1f3c11875432a8ccaa7ba6187cf0b3e820c9fbc6cb40fc6?s=96&d=mm&r=g","contentUrl":"https:\/\/secure.gravatar.com\/avatar\/67845112d35b1cf1f1f3c11875432a8ccaa7ba6187cf0b3e820c9fbc6cb40fc6?s=96&d=mm&r=g","caption":"Jerome"},"sameAs":["https:\/\/www.jng-web.com\/ref-auto"],"url":"https:\/\/www.jng-web.com\/ref-auto"}]}},"views":329,"_links":{"self":[{"href":"https:\/\/www.jng-web.com\/ref-auto\/wp-json\/wp\/v2\/posts\/314265","targetHints":{"allow":["GET"]}}],"collection":[{"href":"https:\/\/www.jng-web.com\/ref-auto\/wp-json\/wp\/v2\/posts"}],"about":[{"href":"https:\/\/www.jng-web.com\/ref-auto\/wp-json\/wp\/v2\/types\/post"}],"author":[{"embeddable":true,"href":"https:\/\/www.jng-web.com\/ref-auto\/wp-json\/wp\/v2\/users\/1"}],"replies":[{"embeddable":true,"href":"https:\/\/www.jng-web.com\/ref-auto\/wp-json\/wp\/v2\/comments?post=314265"}],"version-history":[{"count":1,"href":"https:\/\/www.jng-web.com\/ref-auto\/wp-json\/wp\/v2\/posts\/314265\/revisions"}],"predecessor-version":[{"id":314275,"href":"https:\/\/www.jng-web.com\/ref-auto\/wp-json\/wp\/v2\/posts\/314265\/revisions\/314275"}],"wp:featuredmedia":[{"embeddable":true,"href":"https:\/\/www.jng-web.com\/ref-auto\/wp-json\/wp\/v2\/media\/314252"}],"wp:attachment":[{"href":"https:\/\/www.jng-web.com\/ref-auto\/wp-json\/wp\/v2\/media?parent=314265"}],"wp:term":[{"taxonomy":"category","embeddable":true,"href":"https:\/\/www.jng-web.com\/ref-auto\/wp-json\/wp\/v2\/categories?post=314265"},{"taxonomy":"post_tag","embeddable":true,"href":"https:\/\/www.jng-web.com\/ref-auto\/wp-json\/wp\/v2\/tags?post=314265"}],"curies":[{"name":"wp","href":"https:\/\/api.w.org\/{rel}","templated":true}]}}