{"id":332567,"date":"2025-09-10T09:09:46","date_gmt":"2025-09-10T07:09:46","guid":{"rendered":"https:\/\/www.jng-web.com\/ref-auto\/?p=332567"},"modified":"2025-09-10T09:10:03","modified_gmt":"2025-09-10T07:10:03","slug":"la-naissance-des-mouvements-sociaux-quand-la-voix-collective-seleve","status":"publish","type":"post","link":"https:\/\/www.jng-web.com\/ref-auto\/la-naissance-des-mouvements-sociaux-quand-la-voix-collective-seleve\/","title":{"rendered":"La Naissance des Mouvements Sociaux : Quand la Voix Collective S\u2019\u00e9l\u00e8ve"},"content":{"rendered":"<div id=\"6729917897\" class=\"advads-pub advads-entity-placement\"><script async src=\"https:\/\/pagead2.googlesyndication.com\/pagead\/js\/adsbygoogle.js?client=ca-pub-4944504088214075\"\r\n     crossorigin=\"anonymous\"><\/script><\/div>\n<p>Dans l\u2019histoire des soci\u00e9t\u00e9s humaines, les mouvements sociaux ont toujours jou\u00e9 un r\u00f4le cl\u00e9 dans les transformations politiques, \u00e9conomiques et culturelles. Des r\u00e9volutions du XVIII\u1d49 si\u00e8cle aux mobilisations contemporaines pour le climat, ces ph\u00e9nom\u00e8nes collectifs marquent des moments o\u00f9 la contestation se cristallise et o\u00f9 les citoyens, refusant l\u2019immobilisme, choisissent d\u2019agir. Mais comment naissent r\u00e9ellement les mouvements sociaux ? Qu\u2019est-ce qui pousse un groupe d\u2019individus \u00e0 s\u2019organiser pour faire entendre sa voix ?<\/p>\n\n\n\n<hr class=\"wp-block-separator has-alpha-channel-opacity\"\/>\n\n\n\n<h2 class=\"wp-block-heading\">1. L&#8217;\u00c9tincelle : Quand l\u2019Injustice Devient Intol\u00e9rable<\/h2>\n\n\n\n<p>La naissance d\u2019un mouvement social commence souvent par un <strong>sentiment d\u2019injustice<\/strong>.<br>Ce n\u2019est pas seulement la pr\u00e9sence d\u2019une in\u00e9galit\u00e9 ou d\u2019un probl\u00e8me social qui provoque la mobilisation, mais la <strong>prise de conscience<\/strong> de cette in\u00e9galit\u00e9. Tant que les individus acceptent passivement leur situation, il n\u2019y a pas de mouvement. Mais lorsque la frustration se transforme en col\u00e8re partag\u00e9e, le statu quo se fissure.<\/p>\n\n\n\n<p><em>Exemples historiques :<\/em><\/p>\n\n\n\n<ul class=\"wp-block-list\">\n<li>La R\u00e9volution fran\u00e7aise (1789) a \u00e9merg\u00e9 d\u2019une combinaison explosive de mis\u00e8re, d\u2019in\u00e9galit\u00e9s et de nouvelles id\u00e9es sur les droits humains.<\/li>\n\n\n\n<li>Le mouvement des droits civiques aux \u00c9tats-Unis dans les ann\u00e9es 1950-60 est n\u00e9 de d\u00e9cennies de s\u00e9gr\u00e9gation et de discriminations raciales, catalys\u00e9 par des \u00e9v\u00e9nements comme l\u2019affaire Rosa Parks.<\/li>\n<\/ul>\n\n\n\n<hr class=\"wp-block-separator has-alpha-channel-opacity\"\/>\n\n\n\n<h2 class=\"wp-block-heading\">2. La Prise de Conscience Collective<\/h2>\n\n\n\n<p>Les mouvements sociaux se construisent aussi gr\u00e2ce \u00e0 un <strong>cadre narratif commun<\/strong>. Les individus commencent \u00e0 comprendre que leur probl\u00e8me n\u2019est pas isol\u00e9 : il est <strong>collectif<\/strong>.<br>C\u2019est souvent l\u00e0 que les m\u00e9dias, les r\u00e9seaux sociaux ou les associations jouent un r\u00f4le central.<\/p>\n\n\n\n<p>Aujourd\u2019hui, une vid\u00e9o virale peut suffire \u00e0 d\u00e9clencher une vague d\u2019indignation mondiale. Les r\u00e9seaux sociaux permettent de connecter des personnes \u00e9loign\u00e9es g\u00e9ographiquement mais unies par une cause commune. C\u2019est ce qui explique la mont\u00e9e rapide de mouvements comme <strong>#MeToo<\/strong> ou <strong>Fridays for Future<\/strong>.<\/p>\n\n\n\n<hr class=\"wp-block-separator has-alpha-channel-opacity\"\/>\n\n\n\n<h2 class=\"wp-block-heading\">3. L\u2019Organisation : De la Col\u00e8re \u00e0 l\u2019Action<\/h2>\n\n\n\n<p>Un mouvement social ne se limite pas \u00e0 une \u00e9motion collective ; il prend forme lorsqu\u2019il <strong>s\u2019organise<\/strong>.<br>Cela passe par :<\/p>\n\n\n\n<ul class=\"wp-block-list\">\n<li>La <strong>structuration des revendications<\/strong> : formuler des objectifs clairs.<\/li>\n\n\n\n<li>La <strong>mobilisation des ressources<\/strong> : trouver des financements, des relais m\u00e9diatiques et des leaders.<\/li>\n\n\n\n<li>La <strong>strat\u00e9gie d\u2019action<\/strong> : manifestations, campagnes de sensibilisation, lobbying, actions symboliques.<\/li>\n<\/ul>\n\n\n\n<p>Sans organisation, la col\u00e8re risque de s\u2019essouffler. Avec une structure solide, elle peut au contraire se transformer en <strong>force de changement durable<\/strong>.<\/p>\n\n\n\n<hr class=\"wp-block-separator has-alpha-channel-opacity\"\/>\n\n\n\n<h2 class=\"wp-block-heading\">4. Le Pouvoir du Conflit et du Dialogue<\/h2>\n\n\n\n<p>Les mouvements sociaux \u00e9mergent souvent <strong>en opposition<\/strong> \u00e0 un pouvoir \u00e9tabli : \u00c9tat, entreprises, institutions. Le conflit peut \u00eatre frontal (r\u00e9voltes, manifestations massives) ou plus subtil (boycotts, campagnes d\u2019opinion).<\/p>\n\n\n\n<p>Mais paradoxalement, la finalit\u00e9 des mouvements n\u2019est pas toujours le conflit permanent. Tr\u00e8s souvent, leur objectif est <strong>d\u2019ouvrir le dialogue<\/strong> et de n\u00e9gocier des avanc\u00e9es.<br>Exemple : le mouvement ouvrier du XIX\u1d49 si\u00e8cle, d\u2019abord r\u00e9prim\u00e9, a permis de conqu\u00e9rir des droits sociaux essentiels comme la limitation du temps de travail ou la s\u00e9curit\u00e9 sociale.<\/p>\n\n\n\n<hr class=\"wp-block-separator has-alpha-channel-opacity\"\/>\n\n\n\n<h2 class=\"wp-block-heading\">5. Un Processus en Boucle<\/h2>\n\n\n\n<p>Un mouvement social ne na\u00eet pas, ne vit pas et ne meurt pas forc\u00e9ment de mani\u00e8re lin\u00e9aire. Certains connaissent des vagues successives, renaissent sous de nouvelles formes ou inspirent d\u2019autres luttes.<br>Les id\u00e9es port\u00e9es par les suffragettes au XIX\u1d49 si\u00e8cle, par exemple, ont nourri les combats f\u00e9ministes du XX\u1d49 et du XXI\u1d49 si\u00e8cle.<\/p>\n\n\n\n<p>Les mouvements sociaux s\u2019inscrivent donc dans un <strong>continuum historique<\/strong> : chaque mobilisation contribue \u00e0 transformer la soci\u00e9t\u00e9 et pr\u00e9pare le terrain pour les suivantes.<\/p>\n\n\n\n<hr class=\"wp-block-separator has-alpha-channel-opacity\"\/>\n\n\n\n<h2 class=\"wp-block-heading\">Conclusion : Quand la Soci\u00e9t\u00e9 S\u2019\u00c9veille<\/h2>\n\n\n\n<p>La naissance d\u2019un mouvement social est toujours un <strong>moment charni\u00e8re<\/strong> : il r\u00e9v\u00e8le une tension entre les aspirations des citoyens et les structures existantes. Ces mobilisations sont des forces vivantes qui rappellent que la soci\u00e9t\u00e9 n\u2019est jamais fig\u00e9e.<\/p>\n\n\n\n<p>\u00c0 l\u2019\u00e8re num\u00e9rique, les mouvements \u00e9mergent plus vite que jamais, mais ils doivent aussi relever de nouveaux d\u00e9fis : la d\u00e9sinformation, la r\u00e9cup\u00e9ration politique, ou encore l\u2019\u00e9puisement militant. Une chose reste certaine : tant qu\u2019il y aura des in\u00e9galit\u00e9s et des aspirations collectives, les mouvements sociaux continueront de na\u00eetre, de s\u2019adapter et de transformer le monde.<\/p>\n\n\n\n<hr class=\"wp-block-separator has-alpha-channel-opacity\"\/>\n\n\n\n<h3 class=\"wp-block-heading\">\ud83d\udcdd Pour aller plus loin<\/h3>\n\n\n\n<ul class=\"wp-block-list\">\n<li><strong>Livre<\/strong> : <em>La dynamique des mouvements sociaux<\/em> de Charles Tilly<\/li>\n\n\n\n<li><strong>Film<\/strong> : <em>Selma<\/em> (2014) sur Martin Luther King<\/li>\n\n\n\n<li><strong>Podcast<\/strong> : <em>Les luttes qui nous transforment<\/em><\/li>\n<\/ul>\n","protected":false},"excerpt":{"rendered":"<p>Dans l\u2019histoire des soci\u00e9t\u00e9s humaines, les mouvements sociaux ont toujours jou\u00e9 un r\u00f4le cl\u00e9 dans les transformations politiques,<\/p>\n","protected":false},"author":1,"featured_media":332574,"comment_status":"open","ping_status":"open","sticky":false,"template":"","format":"standard","meta":{"rop_custom_images_group":[],"rop_custom_messages_group":[],"rop_publish_now":"initial","rop_publish_now_accounts":{"facebook_2944925605560295_361066357320011":"","twitter_792688215148855296_792688215148855296":""},"rop_publish_now_history":[],"rop_publish_now_status":"pending","footnotes":""},"categories":[2],"tags":[1109,1110],"class_list":["post-332567","post","type-post","status-publish","format-standard","has-post-thumbnail","hentry","category-actualites","tag-greves","tag-mouvements-sociaux"],"yoast_head":"<!-- This site is optimized with the Yoast SEO plugin v27.4 - https:\/\/yoast.com\/product\/yoast-seo-wordpress\/ -->\n<title>La Naissance des Mouvements Sociaux : Quand la Voix Collective S\u2019\u00e9l\u00e8ve - Optannu<\/title>\n<meta name=\"robots\" content=\"index, follow, max-snippet:-1, max-image-preview:large, max-video-preview:-1\" \/>\n<link rel=\"canonical\" href=\"https:\/\/www.jng-web.com\/ref-auto\/la-naissance-des-mouvements-sociaux-quand-la-voix-collective-seleve\/\" \/>\n<meta property=\"og:locale\" content=\"fr_FR\" \/>\n<meta property=\"og:type\" content=\"article\" \/>\n<meta property=\"og:title\" content=\"La Naissance des Mouvements Sociaux : Quand la Voix Collective S\u2019\u00e9l\u00e8ve - Optannu\" \/>\n<meta property=\"og:description\" content=\"Dans l\u2019histoire des soci\u00e9t\u00e9s humaines, les mouvements sociaux ont toujours jou\u00e9 un r\u00f4le cl\u00e9 dans les transformations politiques,\" \/>\n<meta property=\"og:url\" content=\"https:\/\/www.jng-web.com\/ref-auto\/la-naissance-des-mouvements-sociaux-quand-la-voix-collective-seleve\/\" \/>\n<meta property=\"og:site_name\" content=\"Optannu\" \/>\n<meta property=\"article:published_time\" content=\"2025-09-10T07:09:46+00:00\" \/>\n<meta property=\"article:modified_time\" content=\"2025-09-10T07:10:03+00:00\" \/>\n<meta property=\"og:image\" content=\"https:\/\/www.jng-web.com\/ref-auto\/wp-content\/uploads\/2025\/09\/man-holding-blank-sign-above-head-picjumbo-com-scaled.jpeg\" \/>\n\t<meta property=\"og:image:width\" content=\"1707\" \/>\n\t<meta property=\"og:image:height\" content=\"2560\" \/>\n\t<meta property=\"og:image:type\" content=\"image\/jpeg\" \/>\n<meta name=\"author\" content=\"Jerome\" \/>\n<meta name=\"twitter:card\" content=\"summary_large_image\" \/>\n<meta name=\"twitter:label1\" content=\"\u00c9crit par\" \/>\n\t<meta name=\"twitter:data1\" content=\"Jerome\" \/>\n\t<meta name=\"twitter:label2\" content=\"Dur\u00e9e de lecture estim\u00e9e\" \/>\n\t<meta name=\"twitter:data2\" content=\"4 minutes\" \/>\n<script type=\"application\/ld+json\" class=\"yoast-schema-graph\">{\"@context\":\"https:\\\/\\\/schema.org\",\"@graph\":[{\"@type\":\"Article\",\"@id\":\"https:\\\/\\\/www.jng-web.com\\\/ref-auto\\\/la-naissance-des-mouvements-sociaux-quand-la-voix-collective-seleve\\\/#article\",\"isPartOf\":{\"@id\":\"https:\\\/\\\/www.jng-web.com\\\/ref-auto\\\/la-naissance-des-mouvements-sociaux-quand-la-voix-collective-seleve\\\/\"},\"author\":{\"name\":\"Jerome\",\"@id\":\"https:\\\/\\\/www.jng-web.com\\\/ref-auto\\\/#\\\/schema\\\/person\\\/9b9c81cd6753b27cc78a7072ecb82d8e\"},\"headline\":\"La Naissance des Mouvements Sociaux : Quand la Voix Collective S\u2019\u00e9l\u00e8ve\",\"datePublished\":\"2025-09-10T07:09:46+00:00\",\"dateModified\":\"2025-09-10T07:10:03+00:00\",\"mainEntityOfPage\":{\"@id\":\"https:\\\/\\\/www.jng-web.com\\\/ref-auto\\\/la-naissance-des-mouvements-sociaux-quand-la-voix-collective-seleve\\\/\"},\"wordCount\":764,\"commentCount\":0,\"image\":{\"@id\":\"https:\\\/\\\/www.jng-web.com\\\/ref-auto\\\/la-naissance-des-mouvements-sociaux-quand-la-voix-collective-seleve\\\/#primaryimage\"},\"thumbnailUrl\":\"https:\\\/\\\/www.jng-web.com\\\/ref-auto\\\/wp-content\\\/uploads\\\/2025\\\/09\\\/man-holding-blank-sign-above-head-picjumbo-com-scaled.jpeg\",\"keywords\":[\"gr\u00e8ves\",\"mouvements sociaux\"],\"articleSection\":[\"Actualit\u00e9s\"],\"inLanguage\":\"fr-FR\",\"potentialAction\":[{\"@type\":\"CommentAction\",\"name\":\"Comment\",\"target\":[\"https:\\\/\\\/www.jng-web.com\\\/ref-auto\\\/la-naissance-des-mouvements-sociaux-quand-la-voix-collective-seleve\\\/#respond\"]}]},{\"@type\":\"WebPage\",\"@id\":\"https:\\\/\\\/www.jng-web.com\\\/ref-auto\\\/la-naissance-des-mouvements-sociaux-quand-la-voix-collective-seleve\\\/\",\"url\":\"https:\\\/\\\/www.jng-web.com\\\/ref-auto\\\/la-naissance-des-mouvements-sociaux-quand-la-voix-collective-seleve\\\/\",\"name\":\"La Naissance des Mouvements Sociaux : Quand la Voix Collective S\u2019\u00e9l\u00e8ve - Optannu\",\"isPartOf\":{\"@id\":\"https:\\\/\\\/www.jng-web.com\\\/ref-auto\\\/#website\"},\"primaryImageOfPage\":{\"@id\":\"https:\\\/\\\/www.jng-web.com\\\/ref-auto\\\/la-naissance-des-mouvements-sociaux-quand-la-voix-collective-seleve\\\/#primaryimage\"},\"image\":{\"@id\":\"https:\\\/\\\/www.jng-web.com\\\/ref-auto\\\/la-naissance-des-mouvements-sociaux-quand-la-voix-collective-seleve\\\/#primaryimage\"},\"thumbnailUrl\":\"https:\\\/\\\/www.jng-web.com\\\/ref-auto\\\/wp-content\\\/uploads\\\/2025\\\/09\\\/man-holding-blank-sign-above-head-picjumbo-com-scaled.jpeg\",\"datePublished\":\"2025-09-10T07:09:46+00:00\",\"dateModified\":\"2025-09-10T07:10:03+00:00\",\"author\":{\"@id\":\"https:\\\/\\\/www.jng-web.com\\\/ref-auto\\\/#\\\/schema\\\/person\\\/9b9c81cd6753b27cc78a7072ecb82d8e\"},\"breadcrumb\":{\"@id\":\"https:\\\/\\\/www.jng-web.com\\\/ref-auto\\\/la-naissance-des-mouvements-sociaux-quand-la-voix-collective-seleve\\\/#breadcrumb\"},\"inLanguage\":\"fr-FR\",\"potentialAction\":[{\"@type\":\"ReadAction\",\"target\":[\"https:\\\/\\\/www.jng-web.com\\\/ref-auto\\\/la-naissance-des-mouvements-sociaux-quand-la-voix-collective-seleve\\\/\"]}]},{\"@type\":\"ImageObject\",\"inLanguage\":\"fr-FR\",\"@id\":\"https:\\\/\\\/www.jng-web.com\\\/ref-auto\\\/la-naissance-des-mouvements-sociaux-quand-la-voix-collective-seleve\\\/#primaryimage\",\"url\":\"https:\\\/\\\/www.jng-web.com\\\/ref-auto\\\/wp-content\\\/uploads\\\/2025\\\/09\\\/man-holding-blank-sign-above-head-picjumbo-com-scaled.jpeg\",\"contentUrl\":\"https:\\\/\\\/www.jng-web.com\\\/ref-auto\\\/wp-content\\\/uploads\\\/2025\\\/09\\\/man-holding-blank-sign-above-head-picjumbo-com-scaled.jpeg\",\"width\":1707,\"height\":2560},{\"@type\":\"BreadcrumbList\",\"@id\":\"https:\\\/\\\/www.jng-web.com\\\/ref-auto\\\/la-naissance-des-mouvements-sociaux-quand-la-voix-collective-seleve\\\/#breadcrumb\",\"itemListElement\":[{\"@type\":\"ListItem\",\"position\":1,\"name\":\"Annuaire g\u00e9n\u00e9raliste gratuit\",\"item\":\"https:\\\/\\\/www.jng-web.com\\\/ref-auto\\\/\"},{\"@type\":\"ListItem\",\"position\":2,\"name\":\"Actualit\u00e9s\",\"item\":\"https:\\\/\\\/www.jng-web.com\\\/ref-auto\\\/category\\\/actualites\\\/\"},{\"@type\":\"ListItem\",\"position\":3,\"name\":\"La Naissance des Mouvements Sociaux : Quand la Voix Collective S\u2019\u00e9l\u00e8ve\"}]},{\"@type\":\"WebSite\",\"@id\":\"https:\\\/\\\/www.jng-web.com\\\/ref-auto\\\/#website\",\"url\":\"https:\\\/\\\/www.jng-web.com\\\/ref-auto\\\/\",\"name\":\"Optannu\",\"description\":\"Guest Blogging : Publier gratuitement vos articles et booster votre r\u00e9f\u00e9rencement !\",\"potentialAction\":[{\"@type\":\"SearchAction\",\"target\":{\"@type\":\"EntryPoint\",\"urlTemplate\":\"https:\\\/\\\/www.jng-web.com\\\/ref-auto\\\/?s={search_term_string}\"},\"query-input\":{\"@type\":\"PropertyValueSpecification\",\"valueRequired\":true,\"valueName\":\"search_term_string\"}}],\"inLanguage\":\"fr-FR\"},{\"@type\":\"Person\",\"@id\":\"https:\\\/\\\/www.jng-web.com\\\/ref-auto\\\/#\\\/schema\\\/person\\\/9b9c81cd6753b27cc78a7072ecb82d8e\",\"name\":\"Jerome\",\"image\":{\"@type\":\"ImageObject\",\"inLanguage\":\"fr-FR\",\"@id\":\"https:\\\/\\\/secure.gravatar.com\\\/avatar\\\/67845112d35b1cf1f1f3c11875432a8ccaa7ba6187cf0b3e820c9fbc6cb40fc6?s=96&d=mm&r=g\",\"url\":\"https:\\\/\\\/secure.gravatar.com\\\/avatar\\\/67845112d35b1cf1f1f3c11875432a8ccaa7ba6187cf0b3e820c9fbc6cb40fc6?s=96&d=mm&r=g\",\"contentUrl\":\"https:\\\/\\\/secure.gravatar.com\\\/avatar\\\/67845112d35b1cf1f1f3c11875432a8ccaa7ba6187cf0b3e820c9fbc6cb40fc6?s=96&d=mm&r=g\",\"caption\":\"Jerome\"},\"sameAs\":[\"https:\\\/\\\/www.jng-web.com\\\/ref-auto\"],\"url\":\"https:\\\/\\\/www.jng-web.com\\\/ref-auto\"}]}<\/script>\n<!-- \/ Yoast SEO plugin. -->","yoast_head_json":{"title":"La Naissance des Mouvements Sociaux : Quand la Voix Collective S\u2019\u00e9l\u00e8ve - Optannu","robots":{"index":"index","follow":"follow","max-snippet":"max-snippet:-1","max-image-preview":"max-image-preview:large","max-video-preview":"max-video-preview:-1"},"canonical":"https:\/\/www.jng-web.com\/ref-auto\/la-naissance-des-mouvements-sociaux-quand-la-voix-collective-seleve\/","og_locale":"fr_FR","og_type":"article","og_title":"La Naissance des Mouvements Sociaux : Quand la Voix Collective S\u2019\u00e9l\u00e8ve - Optannu","og_description":"Dans l\u2019histoire des soci\u00e9t\u00e9s humaines, les mouvements sociaux ont toujours jou\u00e9 un r\u00f4le cl\u00e9 dans les transformations politiques,","og_url":"https:\/\/www.jng-web.com\/ref-auto\/la-naissance-des-mouvements-sociaux-quand-la-voix-collective-seleve\/","og_site_name":"Optannu","article_published_time":"2025-09-10T07:09:46+00:00","article_modified_time":"2025-09-10T07:10:03+00:00","og_image":[{"width":1707,"height":2560,"url":"https:\/\/www.jng-web.com\/ref-auto\/wp-content\/uploads\/2025\/09\/man-holding-blank-sign-above-head-picjumbo-com-scaled.jpeg","type":"image\/jpeg"}],"author":"Jerome","twitter_card":"summary_large_image","twitter_misc":{"\u00c9crit par":"Jerome","Dur\u00e9e de lecture estim\u00e9e":"4 minutes"},"schema":{"@context":"https:\/\/schema.org","@graph":[{"@type":"Article","@id":"https:\/\/www.jng-web.com\/ref-auto\/la-naissance-des-mouvements-sociaux-quand-la-voix-collective-seleve\/#article","isPartOf":{"@id":"https:\/\/www.jng-web.com\/ref-auto\/la-naissance-des-mouvements-sociaux-quand-la-voix-collective-seleve\/"},"author":{"name":"Jerome","@id":"https:\/\/www.jng-web.com\/ref-auto\/#\/schema\/person\/9b9c81cd6753b27cc78a7072ecb82d8e"},"headline":"La Naissance des Mouvements Sociaux : Quand la Voix Collective S\u2019\u00e9l\u00e8ve","datePublished":"2025-09-10T07:09:46+00:00","dateModified":"2025-09-10T07:10:03+00:00","mainEntityOfPage":{"@id":"https:\/\/www.jng-web.com\/ref-auto\/la-naissance-des-mouvements-sociaux-quand-la-voix-collective-seleve\/"},"wordCount":764,"commentCount":0,"image":{"@id":"https:\/\/www.jng-web.com\/ref-auto\/la-naissance-des-mouvements-sociaux-quand-la-voix-collective-seleve\/#primaryimage"},"thumbnailUrl":"https:\/\/www.jng-web.com\/ref-auto\/wp-content\/uploads\/2025\/09\/man-holding-blank-sign-above-head-picjumbo-com-scaled.jpeg","keywords":["gr\u00e8ves","mouvements sociaux"],"articleSection":["Actualit\u00e9s"],"inLanguage":"fr-FR","potentialAction":[{"@type":"CommentAction","name":"Comment","target":["https:\/\/www.jng-web.com\/ref-auto\/la-naissance-des-mouvements-sociaux-quand-la-voix-collective-seleve\/#respond"]}]},{"@type":"WebPage","@id":"https:\/\/www.jng-web.com\/ref-auto\/la-naissance-des-mouvements-sociaux-quand-la-voix-collective-seleve\/","url":"https:\/\/www.jng-web.com\/ref-auto\/la-naissance-des-mouvements-sociaux-quand-la-voix-collective-seleve\/","name":"La Naissance des Mouvements Sociaux : Quand la Voix Collective S\u2019\u00e9l\u00e8ve - Optannu","isPartOf":{"@id":"https:\/\/www.jng-web.com\/ref-auto\/#website"},"primaryImageOfPage":{"@id":"https:\/\/www.jng-web.com\/ref-auto\/la-naissance-des-mouvements-sociaux-quand-la-voix-collective-seleve\/#primaryimage"},"image":{"@id":"https:\/\/www.jng-web.com\/ref-auto\/la-naissance-des-mouvements-sociaux-quand-la-voix-collective-seleve\/#primaryimage"},"thumbnailUrl":"https:\/\/www.jng-web.com\/ref-auto\/wp-content\/uploads\/2025\/09\/man-holding-blank-sign-above-head-picjumbo-com-scaled.jpeg","datePublished":"2025-09-10T07:09:46+00:00","dateModified":"2025-09-10T07:10:03+00:00","author":{"@id":"https:\/\/www.jng-web.com\/ref-auto\/#\/schema\/person\/9b9c81cd6753b27cc78a7072ecb82d8e"},"breadcrumb":{"@id":"https:\/\/www.jng-web.com\/ref-auto\/la-naissance-des-mouvements-sociaux-quand-la-voix-collective-seleve\/#breadcrumb"},"inLanguage":"fr-FR","potentialAction":[{"@type":"ReadAction","target":["https:\/\/www.jng-web.com\/ref-auto\/la-naissance-des-mouvements-sociaux-quand-la-voix-collective-seleve\/"]}]},{"@type":"ImageObject","inLanguage":"fr-FR","@id":"https:\/\/www.jng-web.com\/ref-auto\/la-naissance-des-mouvements-sociaux-quand-la-voix-collective-seleve\/#primaryimage","url":"https:\/\/www.jng-web.com\/ref-auto\/wp-content\/uploads\/2025\/09\/man-holding-blank-sign-above-head-picjumbo-com-scaled.jpeg","contentUrl":"https:\/\/www.jng-web.com\/ref-auto\/wp-content\/uploads\/2025\/09\/man-holding-blank-sign-above-head-picjumbo-com-scaled.jpeg","width":1707,"height":2560},{"@type":"BreadcrumbList","@id":"https:\/\/www.jng-web.com\/ref-auto\/la-naissance-des-mouvements-sociaux-quand-la-voix-collective-seleve\/#breadcrumb","itemListElement":[{"@type":"ListItem","position":1,"name":"Annuaire g\u00e9n\u00e9raliste gratuit","item":"https:\/\/www.jng-web.com\/ref-auto\/"},{"@type":"ListItem","position":2,"name":"Actualit\u00e9s","item":"https:\/\/www.jng-web.com\/ref-auto\/category\/actualites\/"},{"@type":"ListItem","position":3,"name":"La Naissance des Mouvements Sociaux : Quand la Voix Collective S\u2019\u00e9l\u00e8ve"}]},{"@type":"WebSite","@id":"https:\/\/www.jng-web.com\/ref-auto\/#website","url":"https:\/\/www.jng-web.com\/ref-auto\/","name":"Optannu","description":"Guest Blogging : Publier gratuitement vos articles et booster votre r\u00e9f\u00e9rencement !","potentialAction":[{"@type":"SearchAction","target":{"@type":"EntryPoint","urlTemplate":"https:\/\/www.jng-web.com\/ref-auto\/?s={search_term_string}"},"query-input":{"@type":"PropertyValueSpecification","valueRequired":true,"valueName":"search_term_string"}}],"inLanguage":"fr-FR"},{"@type":"Person","@id":"https:\/\/www.jng-web.com\/ref-auto\/#\/schema\/person\/9b9c81cd6753b27cc78a7072ecb82d8e","name":"Jerome","image":{"@type":"ImageObject","inLanguage":"fr-FR","@id":"https:\/\/secure.gravatar.com\/avatar\/67845112d35b1cf1f1f3c11875432a8ccaa7ba6187cf0b3e820c9fbc6cb40fc6?s=96&d=mm&r=g","url":"https:\/\/secure.gravatar.com\/avatar\/67845112d35b1cf1f1f3c11875432a8ccaa7ba6187cf0b3e820c9fbc6cb40fc6?s=96&d=mm&r=g","contentUrl":"https:\/\/secure.gravatar.com\/avatar\/67845112d35b1cf1f1f3c11875432a8ccaa7ba6187cf0b3e820c9fbc6cb40fc6?s=96&d=mm&r=g","caption":"Jerome"},"sameAs":["https:\/\/www.jng-web.com\/ref-auto"],"url":"https:\/\/www.jng-web.com\/ref-auto"}]}},"views":397,"_links":{"self":[{"href":"https:\/\/www.jng-web.com\/ref-auto\/wp-json\/wp\/v2\/posts\/332567","targetHints":{"allow":["GET"]}}],"collection":[{"href":"https:\/\/www.jng-web.com\/ref-auto\/wp-json\/wp\/v2\/posts"}],"about":[{"href":"https:\/\/www.jng-web.com\/ref-auto\/wp-json\/wp\/v2\/types\/post"}],"author":[{"embeddable":true,"href":"https:\/\/www.jng-web.com\/ref-auto\/wp-json\/wp\/v2\/users\/1"}],"replies":[{"embeddable":true,"href":"https:\/\/www.jng-web.com\/ref-auto\/wp-json\/wp\/v2\/comments?post=332567"}],"version-history":[{"count":1,"href":"https:\/\/www.jng-web.com\/ref-auto\/wp-json\/wp\/v2\/posts\/332567\/revisions"}],"predecessor-version":[{"id":332578,"href":"https:\/\/www.jng-web.com\/ref-auto\/wp-json\/wp\/v2\/posts\/332567\/revisions\/332578"}],"wp:featuredmedia":[{"embeddable":true,"href":"https:\/\/www.jng-web.com\/ref-auto\/wp-json\/wp\/v2\/media\/332574"}],"wp:attachment":[{"href":"https:\/\/www.jng-web.com\/ref-auto\/wp-json\/wp\/v2\/media?parent=332567"}],"wp:term":[{"taxonomy":"category","embeddable":true,"href":"https:\/\/www.jng-web.com\/ref-auto\/wp-json\/wp\/v2\/categories?post=332567"},{"taxonomy":"post_tag","embeddable":true,"href":"https:\/\/www.jng-web.com\/ref-auto\/wp-json\/wp\/v2\/tags?post=332567"}],"curies":[{"name":"wp","href":"https:\/\/api.w.org\/{rel}","templated":true}]}}