{"id":333524,"date":"2025-09-11T07:17:23","date_gmt":"2025-09-11T05:17:23","guid":{"rendered":"https:\/\/www.jng-web.com\/ref-auto\/?p=333524"},"modified":"2025-09-11T07:17:24","modified_gmt":"2025-09-11T05:17:24","slug":"lechec-de-la-mobilisation-du-10-septembre","status":"publish","type":"post","link":"https:\/\/www.jng-web.com\/ref-auto\/lechec-de-la-mobilisation-du-10-septembre\/","title":{"rendered":"L&#8217;\u00e9chec de la mobilisation du 10 septembre"},"content":{"rendered":"<div id=\"6729917897\" class=\"advads-pub advads-entity-placement\"><script async src=\"https:\/\/pagead2.googlesyndication.com\/pagead\/js\/adsbygoogle.js?client=ca-pub-4944504088214075\"\r\n     crossorigin=\"anonymous\"><\/script><\/div>\n<h2 class=\"wp-block-heading\">De quoi parle cette mobilisation du 10 septembre<\/h2>\n\n\n\n<ul class=\"wp-block-list\">\n<li>Le mouvement \u00ab Bloquons tout \u00bb est n\u00e9 comme un appel citoyen lanc\u00e9 sur les r\u00e9seaux sociaux \u00e0 un arr\u00eat large du pays le 10 septembre 2025, en r\u00e9action aux mesures budg\u00e9taires propos\u00e9es par le gouvernement Bayrou pour 2026 (coupes dans les jours f\u00e9ri\u00e9s, non-renouvellement de postes publics, gel des prestations sociales\u2026). <\/li>\n\n\n\n<li>Soutien partiel de partis de gauche comme LFI, les \u00c9cologistes, le Parti communiste, et de divers syndicats voire d\u2019associations <\/li>\n\n\n\n<li>Mais organisation diffuse, floue : pas de structure centrale ou d\u2019organisation unique clairement identifi\u00e9e. Des canaux Telegram, des comptes sur X, des collectifs citoyens h\u00e9t\u00e9rog\u00e8nes s\u2019emparent du sujet. <\/li>\n<\/ul>\n\n\n\n<hr class=\"wp-block-separator has-alpha-channel-opacity\"\/>\n\n\n\n<h2 class=\"wp-block-heading\">Facteurs limitants : pourquoi \u00e7a  nemarche pas<\/h2>\n\n\n\n<p>Voici les principaux obstacles identifi\u00e9s, d\u2019apr\u00e8s les analyses publi\u00e9es, qui pourraient rendre cette mobilisation moins forte que certains l\u2019esp\u00e8rent \u2014 peut-\u00eatre un \u00e9chec relatif.<\/p>\n\n\n\n<ol class=\"wp-block-list\">\n<li><strong>Manque de lisibilit\u00e9 et de coh\u00e9rence des revendications<\/strong>\n<ul class=\"wp-block-list\">\n<li>Les revendications sont tr\u00e8s nombreuses et diversifi\u00e9es : suppression des jours f\u00e9ri\u00e9s, revalorisation des salaires, maintien des services publics, indexation des minima sociaux, etc. <\/li>\n\n\n\n<li>Cette diversit\u00e9 est en elle-m\u00eame un risque : quand les revendications ne convergent pas, le message peut devenir confus, ce qui affaiblit la mobilisation. Une \u00e9tude signale qu\u2019il y a une \u00ab comp\u00e9tition des revendications \u00bb qui brouille le mouvement. <\/li>\n<\/ul>\n<\/li>\n\n\n\n<li><strong>Organisation diffuse, absence de leadership clairement identifi\u00e9<\/strong>\n<ul class=\"wp-block-list\">\n<li>Les initiateurs revendiquent une dimension citoyenne, apolitique, sans chef. Cela donne une dimension spontan\u00e9e, certes, mais rend plus difficile la coordination, la mobilisation massive concr\u00e8te, la convergence syndicale ou territoriale. <\/li>\n\n\n\n<li>Certains syndicats h\u00e9sitent ou rejettent l\u2019id\u00e9e de \u00ab tout bloquer \u00bb parce qu\u2019ils consid\u00e8rent que le mouvement ne pr\u00e9sente pas assez de clart\u00e9 ou de propositions concr\u00e8tes.<\/li>\n<\/ul>\n<\/li>\n\n\n\n<li><strong>Mobilisation essentiellement virtuelle \/ num\u00e9rique<\/strong>\n<ul class=\"wp-block-list\">\n<li>Le mouvement a connu une forte visibilit\u00e9 sur les r\u00e9seaux sociaux : beaucoup de tweets, de relais, de posts viraux. <\/li>\n\n\n\n<li>Mais l\u2019intensit\u00e9 en ligne ne se traduit pas automatiquement dans la rue ou par des actions de blocage effectives. Le risque est que ce soit \u00ab un feu de paille num\u00e9rique \u00bb sans traduction concr\u00e8te.<\/li>\n<\/ul>\n<\/li>\n\n\n\n<li><strong>Opposition politique \/ strat\u00e9gies gouvernementales<\/strong>\n<ul class=\"wp-block-list\">\n<li>Le gouvernement critique fortement le mouvement, tente de le disqualifier ou de le rendre impopulaire, notamment en \u00e9voquant le risque de violence ou de d\u00e9sordre.<\/li>\n\n\n\n<li>Dispositif s\u00e9curis\u00e9, pr\u00e9visions de mobilisation, force de maintien de l\u2019ordre pr\u00eate pour freiner ou limiter les effets des blocages. <\/li>\n<\/ul>\n<\/li>\n\n\n\n<li><strong>Support populaire incertain<\/strong>\n<ul class=\"wp-block-list\">\n<li>M\u00eame si des sondages montrent un soutien majoritaire aux id\u00e9es de manifestation ou de protestation, le consentement \u00e0 \u00ab bloquer le pays \u00bb est plus nuanc\u00e9. Par exemple, dans les enqu\u00eates, une part non n\u00e9gligeable de personnes adh\u00e8rent aux critiques du budget mais sont moins pr\u00eates \u00e0 supporter les cons\u00e9quences d\u2019un blocage total. <\/li>\n\n\n\n<li>La peur du d\u00e9rangement, des effets n\u00e9gatifs sur l\u2019activit\u00e9 \u00e9conomique ou la vie quotidienne, notamment pour les plus modestes, peut freiner l\u2019engagement. Des commer\u00e7ants, des petites entreprises, des citoyens lambda s\u2019inqui\u00e8tent d\u00e9j\u00e0 des r\u00e9percussions. <\/li>\n<\/ul>\n<\/li>\n\n\n\n<li><strong>Effet d\u2019usure et concurrence avec d\u2019autres mobilisations<\/strong>\n<ul class=\"wp-block-list\">\n<li>Le calendrier social, les \u00e9puisements des mobilisations pr\u00e9c\u00e9dentes, le scepticisme envers les promesses non tenues peuvent provoquer du d\u00e9sengagement.<\/li>\n\n\n\n<li>En outre, plus le moment approche, plus les gens sont susceptibles de relativiser : beaucoup d\u2019appels sur les r\u00e9seaux, mais la mobilisation concr\u00e8te baisse souvent dans ces cas.<\/li>\n<\/ul>\n<\/li>\n<\/ol>\n\n\n\n<hr class=\"wp-block-separator has-alpha-channel-opacity\"\/>\n\n\n\n<h2 class=\"wp-block-heading\">Signes d\u00e9j\u00e0 visibles d\u2019une mobilisation qui peine<\/h2>\n\n\n\n<ul class=\"wp-block-list\">\n<li>Des syndicats importants ne donnent pas d\u2019appel ferme au blocage total, certains refusant de s\u2019engager dans un geste aussi radical sans \u00eatre s\u00fbrs de l\u2019adh\u00e9sion massive. <\/li>\n\n\n\n<li>Les \u00e9tudes sur les r\u00e9seaux sociaux notent une polarisation, des tensions internes sur la strat\u00e9gie et la nature des actions, ce qui peut g\u00e9n\u00e9rer division ou d\u00e9sint\u00e9r\u00eat. <\/li>\n\n\n\n<li>Le gouvernement pr\u00e9pare un dispositif s\u00e9curitaire important pour contenir les possibles d\u00e9bordements. La menace \u00e9ventuelle de r\u00e9pression peut dissuader certains de participer ou de s\u2019exposer. <\/li>\n<\/ul>\n\n\n\n<hr class=\"wp-block-separator has-alpha-channel-opacity\"\/>\n\n\n\n<h2 class=\"wp-block-heading\">Conclusion : l\u2019\u00e9chec probable, partiel ou relatif<\/h2>\n\n\n\n<p>Dire que la mobilisation du 10 septembre est totalement vou\u00e9e \u00e0 l\u2019\u00e9chec serait pr\u00e9matur\u00e9 : il est possible qu\u2019elle obtienne des r\u00e9sultats localis\u00e9s, des blocages dans certaines zones, ou qu\u2019elle force des concessions gouvernementales dans le discours.<\/p>\n\n\n\n<p>Mais il est raisonnable de penser que <strong>le mouvement ne parviendra pas \u00e0 atteindre tous les objectifs ambitieux<\/strong> affich\u00e9s :<\/p>\n\n\n\n<ul class=\"wp-block-list\">\n<li>Difficult\u00e9 \u00e0 bloquer \u00ab tout \u00bb le pays<\/li>\n\n\n\n<li>Faible unit\u00e9 syndicale ou usage limit\u00e9 de la gr\u00e8ve massive<\/li>\n\n\n\n<li>Risque \u00e9lev\u00e9 que la mobilisation se concentre dans des milieux d\u00e9j\u00e0 politis\u00e9s, laissant en marge les classes moins engag\u00e9es socialement ou \u00e9conomiquement<\/li>\n\n\n\n<li>Effets concrets limit\u00e9s si le gouvernement reste ferme sur les coupes budg\u00e9taires ou s\u2019il parvient \u00e0 diviser les oppositions<\/li>\n<\/ul>\n","protected":false},"excerpt":{"rendered":"<p>De quoi parle cette mobilisation du 10 septembre Facteurs limitants : pourquoi \u00e7a nemarche pas Voici les principaux<\/p>\n","protected":false},"author":1,"featured_media":332574,"comment_status":"open","ping_status":"open","sticky":false,"template":"","format":"standard","meta":{"rop_custom_images_group":[],"rop_custom_messages_group":[],"rop_publish_now":"initial","rop_publish_now_accounts":{"facebook_2944925605560295_361066357320011":"","twitter_792688215148855296_792688215148855296":""},"rop_publish_now_history":[],"rop_publish_now_status":"pending","footnotes":""},"categories":[2],"tags":[1109,1110],"class_list":["post-333524","post","type-post","status-publish","format-standard","has-post-thumbnail","hentry","category-actualites","tag-greves","tag-mouvements-sociaux"],"yoast_head":"<!-- This site is optimized with the Yoast SEO plugin v27.4 - https:\/\/yoast.com\/product\/yoast-seo-wordpress\/ -->\n<title>L&#039;\u00e9chec de la mobilisation du 10 septembre - Optannu<\/title>\n<meta name=\"robots\" content=\"index, follow, max-snippet:-1, max-image-preview:large, max-video-preview:-1\" \/>\n<link rel=\"canonical\" href=\"https:\/\/www.jng-web.com\/ref-auto\/lechec-de-la-mobilisation-du-10-septembre\/\" \/>\n<meta property=\"og:locale\" content=\"fr_FR\" \/>\n<meta property=\"og:type\" content=\"article\" \/>\n<meta property=\"og:title\" content=\"L&#039;\u00e9chec de la mobilisation du 10 septembre - Optannu\" \/>\n<meta property=\"og:description\" content=\"De quoi parle cette mobilisation du 10 septembre Facteurs limitants : pourquoi \u00e7a nemarche pas Voici les principaux\" \/>\n<meta property=\"og:url\" content=\"https:\/\/www.jng-web.com\/ref-auto\/lechec-de-la-mobilisation-du-10-septembre\/\" \/>\n<meta property=\"og:site_name\" content=\"Optannu\" \/>\n<meta property=\"article:published_time\" content=\"2025-09-11T05:17:23+00:00\" \/>\n<meta property=\"article:modified_time\" content=\"2025-09-11T05:17:24+00:00\" \/>\n<meta property=\"og:image\" content=\"https:\/\/www.jng-web.com\/ref-auto\/wp-content\/uploads\/2025\/09\/man-holding-blank-sign-above-head-picjumbo-com-scaled.jpeg\" \/>\n\t<meta property=\"og:image:width\" content=\"1707\" \/>\n\t<meta property=\"og:image:height\" content=\"2560\" \/>\n\t<meta property=\"og:image:type\" content=\"image\/jpeg\" \/>\n<meta name=\"author\" content=\"Jerome\" \/>\n<meta name=\"twitter:card\" content=\"summary_large_image\" \/>\n<meta name=\"twitter:label1\" content=\"\u00c9crit par\" \/>\n\t<meta name=\"twitter:data1\" content=\"Jerome\" \/>\n\t<meta name=\"twitter:label2\" content=\"Dur\u00e9e de lecture estim\u00e9e\" \/>\n\t<meta name=\"twitter:data2\" content=\"4 minutes\" \/>\n<script type=\"application\/ld+json\" class=\"yoast-schema-graph\">{\"@context\":\"https:\\\/\\\/schema.org\",\"@graph\":[{\"@type\":\"Article\",\"@id\":\"https:\\\/\\\/www.jng-web.com\\\/ref-auto\\\/lechec-de-la-mobilisation-du-10-septembre\\\/#article\",\"isPartOf\":{\"@id\":\"https:\\\/\\\/www.jng-web.com\\\/ref-auto\\\/lechec-de-la-mobilisation-du-10-septembre\\\/\"},\"author\":{\"name\":\"Jerome\",\"@id\":\"https:\\\/\\\/www.jng-web.com\\\/ref-auto\\\/#\\\/schema\\\/person\\\/9b9c81cd6753b27cc78a7072ecb82d8e\"},\"headline\":\"L&#8217;\u00e9chec de la mobilisation du 10 septembre\",\"datePublished\":\"2025-09-11T05:17:23+00:00\",\"dateModified\":\"2025-09-11T05:17:24+00:00\",\"mainEntityOfPage\":{\"@id\":\"https:\\\/\\\/www.jng-web.com\\\/ref-auto\\\/lechec-de-la-mobilisation-du-10-septembre\\\/\"},\"wordCount\":815,\"commentCount\":0,\"image\":{\"@id\":\"https:\\\/\\\/www.jng-web.com\\\/ref-auto\\\/lechec-de-la-mobilisation-du-10-septembre\\\/#primaryimage\"},\"thumbnailUrl\":\"https:\\\/\\\/www.jng-web.com\\\/ref-auto\\\/wp-content\\\/uploads\\\/2025\\\/09\\\/man-holding-blank-sign-above-head-picjumbo-com-scaled.jpeg\",\"keywords\":[\"gr\u00e8ves\",\"mouvements sociaux\"],\"articleSection\":[\"Actualit\u00e9s\"],\"inLanguage\":\"fr-FR\",\"potentialAction\":[{\"@type\":\"CommentAction\",\"name\":\"Comment\",\"target\":[\"https:\\\/\\\/www.jng-web.com\\\/ref-auto\\\/lechec-de-la-mobilisation-du-10-septembre\\\/#respond\"]}]},{\"@type\":\"WebPage\",\"@id\":\"https:\\\/\\\/www.jng-web.com\\\/ref-auto\\\/lechec-de-la-mobilisation-du-10-septembre\\\/\",\"url\":\"https:\\\/\\\/www.jng-web.com\\\/ref-auto\\\/lechec-de-la-mobilisation-du-10-septembre\\\/\",\"name\":\"L'\u00e9chec de la mobilisation du 10 septembre - Optannu\",\"isPartOf\":{\"@id\":\"https:\\\/\\\/www.jng-web.com\\\/ref-auto\\\/#website\"},\"primaryImageOfPage\":{\"@id\":\"https:\\\/\\\/www.jng-web.com\\\/ref-auto\\\/lechec-de-la-mobilisation-du-10-septembre\\\/#primaryimage\"},\"image\":{\"@id\":\"https:\\\/\\\/www.jng-web.com\\\/ref-auto\\\/lechec-de-la-mobilisation-du-10-septembre\\\/#primaryimage\"},\"thumbnailUrl\":\"https:\\\/\\\/www.jng-web.com\\\/ref-auto\\\/wp-content\\\/uploads\\\/2025\\\/09\\\/man-holding-blank-sign-above-head-picjumbo-com-scaled.jpeg\",\"datePublished\":\"2025-09-11T05:17:23+00:00\",\"dateModified\":\"2025-09-11T05:17:24+00:00\",\"author\":{\"@id\":\"https:\\\/\\\/www.jng-web.com\\\/ref-auto\\\/#\\\/schema\\\/person\\\/9b9c81cd6753b27cc78a7072ecb82d8e\"},\"breadcrumb\":{\"@id\":\"https:\\\/\\\/www.jng-web.com\\\/ref-auto\\\/lechec-de-la-mobilisation-du-10-septembre\\\/#breadcrumb\"},\"inLanguage\":\"fr-FR\",\"potentialAction\":[{\"@type\":\"ReadAction\",\"target\":[\"https:\\\/\\\/www.jng-web.com\\\/ref-auto\\\/lechec-de-la-mobilisation-du-10-septembre\\\/\"]}]},{\"@type\":\"ImageObject\",\"inLanguage\":\"fr-FR\",\"@id\":\"https:\\\/\\\/www.jng-web.com\\\/ref-auto\\\/lechec-de-la-mobilisation-du-10-septembre\\\/#primaryimage\",\"url\":\"https:\\\/\\\/www.jng-web.com\\\/ref-auto\\\/wp-content\\\/uploads\\\/2025\\\/09\\\/man-holding-blank-sign-above-head-picjumbo-com-scaled.jpeg\",\"contentUrl\":\"https:\\\/\\\/www.jng-web.com\\\/ref-auto\\\/wp-content\\\/uploads\\\/2025\\\/09\\\/man-holding-blank-sign-above-head-picjumbo-com-scaled.jpeg\",\"width\":1707,\"height\":2560},{\"@type\":\"BreadcrumbList\",\"@id\":\"https:\\\/\\\/www.jng-web.com\\\/ref-auto\\\/lechec-de-la-mobilisation-du-10-septembre\\\/#breadcrumb\",\"itemListElement\":[{\"@type\":\"ListItem\",\"position\":1,\"name\":\"Annuaire g\u00e9n\u00e9raliste gratuit\",\"item\":\"https:\\\/\\\/www.jng-web.com\\\/ref-auto\\\/\"},{\"@type\":\"ListItem\",\"position\":2,\"name\":\"Actualit\u00e9s\",\"item\":\"https:\\\/\\\/www.jng-web.com\\\/ref-auto\\\/category\\\/actualites\\\/\"},{\"@type\":\"ListItem\",\"position\":3,\"name\":\"L&#8217;\u00e9chec de la mobilisation du 10 septembre\"}]},{\"@type\":\"WebSite\",\"@id\":\"https:\\\/\\\/www.jng-web.com\\\/ref-auto\\\/#website\",\"url\":\"https:\\\/\\\/www.jng-web.com\\\/ref-auto\\\/\",\"name\":\"Optannu\",\"description\":\"Guest Blogging : Publier gratuitement vos articles et booster votre r\u00e9f\u00e9rencement !\",\"potentialAction\":[{\"@type\":\"SearchAction\",\"target\":{\"@type\":\"EntryPoint\",\"urlTemplate\":\"https:\\\/\\\/www.jng-web.com\\\/ref-auto\\\/?s={search_term_string}\"},\"query-input\":{\"@type\":\"PropertyValueSpecification\",\"valueRequired\":true,\"valueName\":\"search_term_string\"}}],\"inLanguage\":\"fr-FR\"},{\"@type\":\"Person\",\"@id\":\"https:\\\/\\\/www.jng-web.com\\\/ref-auto\\\/#\\\/schema\\\/person\\\/9b9c81cd6753b27cc78a7072ecb82d8e\",\"name\":\"Jerome\",\"image\":{\"@type\":\"ImageObject\",\"inLanguage\":\"fr-FR\",\"@id\":\"https:\\\/\\\/secure.gravatar.com\\\/avatar\\\/67845112d35b1cf1f1f3c11875432a8ccaa7ba6187cf0b3e820c9fbc6cb40fc6?s=96&d=mm&r=g\",\"url\":\"https:\\\/\\\/secure.gravatar.com\\\/avatar\\\/67845112d35b1cf1f1f3c11875432a8ccaa7ba6187cf0b3e820c9fbc6cb40fc6?s=96&d=mm&r=g\",\"contentUrl\":\"https:\\\/\\\/secure.gravatar.com\\\/avatar\\\/67845112d35b1cf1f1f3c11875432a8ccaa7ba6187cf0b3e820c9fbc6cb40fc6?s=96&d=mm&r=g\",\"caption\":\"Jerome\"},\"sameAs\":[\"https:\\\/\\\/www.jng-web.com\\\/ref-auto\"],\"url\":\"https:\\\/\\\/www.jng-web.com\\\/ref-auto\"}]}<\/script>\n<!-- \/ Yoast SEO plugin. -->","yoast_head_json":{"title":"L'\u00e9chec de la mobilisation du 10 septembre - Optannu","robots":{"index":"index","follow":"follow","max-snippet":"max-snippet:-1","max-image-preview":"max-image-preview:large","max-video-preview":"max-video-preview:-1"},"canonical":"https:\/\/www.jng-web.com\/ref-auto\/lechec-de-la-mobilisation-du-10-septembre\/","og_locale":"fr_FR","og_type":"article","og_title":"L'\u00e9chec de la mobilisation du 10 septembre - Optannu","og_description":"De quoi parle cette mobilisation du 10 septembre Facteurs limitants : pourquoi \u00e7a nemarche pas Voici les principaux","og_url":"https:\/\/www.jng-web.com\/ref-auto\/lechec-de-la-mobilisation-du-10-septembre\/","og_site_name":"Optannu","article_published_time":"2025-09-11T05:17:23+00:00","article_modified_time":"2025-09-11T05:17:24+00:00","og_image":[{"width":1707,"height":2560,"url":"https:\/\/www.jng-web.com\/ref-auto\/wp-content\/uploads\/2025\/09\/man-holding-blank-sign-above-head-picjumbo-com-scaled.jpeg","type":"image\/jpeg"}],"author":"Jerome","twitter_card":"summary_large_image","twitter_misc":{"\u00c9crit par":"Jerome","Dur\u00e9e de lecture estim\u00e9e":"4 minutes"},"schema":{"@context":"https:\/\/schema.org","@graph":[{"@type":"Article","@id":"https:\/\/www.jng-web.com\/ref-auto\/lechec-de-la-mobilisation-du-10-septembre\/#article","isPartOf":{"@id":"https:\/\/www.jng-web.com\/ref-auto\/lechec-de-la-mobilisation-du-10-septembre\/"},"author":{"name":"Jerome","@id":"https:\/\/www.jng-web.com\/ref-auto\/#\/schema\/person\/9b9c81cd6753b27cc78a7072ecb82d8e"},"headline":"L&#8217;\u00e9chec de la mobilisation du 10 septembre","datePublished":"2025-09-11T05:17:23+00:00","dateModified":"2025-09-11T05:17:24+00:00","mainEntityOfPage":{"@id":"https:\/\/www.jng-web.com\/ref-auto\/lechec-de-la-mobilisation-du-10-septembre\/"},"wordCount":815,"commentCount":0,"image":{"@id":"https:\/\/www.jng-web.com\/ref-auto\/lechec-de-la-mobilisation-du-10-septembre\/#primaryimage"},"thumbnailUrl":"https:\/\/www.jng-web.com\/ref-auto\/wp-content\/uploads\/2025\/09\/man-holding-blank-sign-above-head-picjumbo-com-scaled.jpeg","keywords":["gr\u00e8ves","mouvements sociaux"],"articleSection":["Actualit\u00e9s"],"inLanguage":"fr-FR","potentialAction":[{"@type":"CommentAction","name":"Comment","target":["https:\/\/www.jng-web.com\/ref-auto\/lechec-de-la-mobilisation-du-10-septembre\/#respond"]}]},{"@type":"WebPage","@id":"https:\/\/www.jng-web.com\/ref-auto\/lechec-de-la-mobilisation-du-10-septembre\/","url":"https:\/\/www.jng-web.com\/ref-auto\/lechec-de-la-mobilisation-du-10-septembre\/","name":"L'\u00e9chec de la mobilisation du 10 septembre - Optannu","isPartOf":{"@id":"https:\/\/www.jng-web.com\/ref-auto\/#website"},"primaryImageOfPage":{"@id":"https:\/\/www.jng-web.com\/ref-auto\/lechec-de-la-mobilisation-du-10-septembre\/#primaryimage"},"image":{"@id":"https:\/\/www.jng-web.com\/ref-auto\/lechec-de-la-mobilisation-du-10-septembre\/#primaryimage"},"thumbnailUrl":"https:\/\/www.jng-web.com\/ref-auto\/wp-content\/uploads\/2025\/09\/man-holding-blank-sign-above-head-picjumbo-com-scaled.jpeg","datePublished":"2025-09-11T05:17:23+00:00","dateModified":"2025-09-11T05:17:24+00:00","author":{"@id":"https:\/\/www.jng-web.com\/ref-auto\/#\/schema\/person\/9b9c81cd6753b27cc78a7072ecb82d8e"},"breadcrumb":{"@id":"https:\/\/www.jng-web.com\/ref-auto\/lechec-de-la-mobilisation-du-10-septembre\/#breadcrumb"},"inLanguage":"fr-FR","potentialAction":[{"@type":"ReadAction","target":["https:\/\/www.jng-web.com\/ref-auto\/lechec-de-la-mobilisation-du-10-septembre\/"]}]},{"@type":"ImageObject","inLanguage":"fr-FR","@id":"https:\/\/www.jng-web.com\/ref-auto\/lechec-de-la-mobilisation-du-10-septembre\/#primaryimage","url":"https:\/\/www.jng-web.com\/ref-auto\/wp-content\/uploads\/2025\/09\/man-holding-blank-sign-above-head-picjumbo-com-scaled.jpeg","contentUrl":"https:\/\/www.jng-web.com\/ref-auto\/wp-content\/uploads\/2025\/09\/man-holding-blank-sign-above-head-picjumbo-com-scaled.jpeg","width":1707,"height":2560},{"@type":"BreadcrumbList","@id":"https:\/\/www.jng-web.com\/ref-auto\/lechec-de-la-mobilisation-du-10-septembre\/#breadcrumb","itemListElement":[{"@type":"ListItem","position":1,"name":"Annuaire g\u00e9n\u00e9raliste gratuit","item":"https:\/\/www.jng-web.com\/ref-auto\/"},{"@type":"ListItem","position":2,"name":"Actualit\u00e9s","item":"https:\/\/www.jng-web.com\/ref-auto\/category\/actualites\/"},{"@type":"ListItem","position":3,"name":"L&#8217;\u00e9chec de la mobilisation du 10 septembre"}]},{"@type":"WebSite","@id":"https:\/\/www.jng-web.com\/ref-auto\/#website","url":"https:\/\/www.jng-web.com\/ref-auto\/","name":"Optannu","description":"Guest Blogging : Publier gratuitement vos articles et booster votre r\u00e9f\u00e9rencement !","potentialAction":[{"@type":"SearchAction","target":{"@type":"EntryPoint","urlTemplate":"https:\/\/www.jng-web.com\/ref-auto\/?s={search_term_string}"},"query-input":{"@type":"PropertyValueSpecification","valueRequired":true,"valueName":"search_term_string"}}],"inLanguage":"fr-FR"},{"@type":"Person","@id":"https:\/\/www.jng-web.com\/ref-auto\/#\/schema\/person\/9b9c81cd6753b27cc78a7072ecb82d8e","name":"Jerome","image":{"@type":"ImageObject","inLanguage":"fr-FR","@id":"https:\/\/secure.gravatar.com\/avatar\/67845112d35b1cf1f1f3c11875432a8ccaa7ba6187cf0b3e820c9fbc6cb40fc6?s=96&d=mm&r=g","url":"https:\/\/secure.gravatar.com\/avatar\/67845112d35b1cf1f1f3c11875432a8ccaa7ba6187cf0b3e820c9fbc6cb40fc6?s=96&d=mm&r=g","contentUrl":"https:\/\/secure.gravatar.com\/avatar\/67845112d35b1cf1f1f3c11875432a8ccaa7ba6187cf0b3e820c9fbc6cb40fc6?s=96&d=mm&r=g","caption":"Jerome"},"sameAs":["https:\/\/www.jng-web.com\/ref-auto"],"url":"https:\/\/www.jng-web.com\/ref-auto"}]}},"views":364,"_links":{"self":[{"href":"https:\/\/www.jng-web.com\/ref-auto\/wp-json\/wp\/v2\/posts\/333524","targetHints":{"allow":["GET"]}}],"collection":[{"href":"https:\/\/www.jng-web.com\/ref-auto\/wp-json\/wp\/v2\/posts"}],"about":[{"href":"https:\/\/www.jng-web.com\/ref-auto\/wp-json\/wp\/v2\/types\/post"}],"author":[{"embeddable":true,"href":"https:\/\/www.jng-web.com\/ref-auto\/wp-json\/wp\/v2\/users\/1"}],"replies":[{"embeddable":true,"href":"https:\/\/www.jng-web.com\/ref-auto\/wp-json\/wp\/v2\/comments?post=333524"}],"version-history":[{"count":1,"href":"https:\/\/www.jng-web.com\/ref-auto\/wp-json\/wp\/v2\/posts\/333524\/revisions"}],"predecessor-version":[{"id":333536,"href":"https:\/\/www.jng-web.com\/ref-auto\/wp-json\/wp\/v2\/posts\/333524\/revisions\/333536"}],"wp:featuredmedia":[{"embeddable":true,"href":"https:\/\/www.jng-web.com\/ref-auto\/wp-json\/wp\/v2\/media\/332574"}],"wp:attachment":[{"href":"https:\/\/www.jng-web.com\/ref-auto\/wp-json\/wp\/v2\/media?parent=333524"}],"wp:term":[{"taxonomy":"category","embeddable":true,"href":"https:\/\/www.jng-web.com\/ref-auto\/wp-json\/wp\/v2\/categories?post=333524"},{"taxonomy":"post_tag","embeddable":true,"href":"https:\/\/www.jng-web.com\/ref-auto\/wp-json\/wp\/v2\/tags?post=333524"}],"curies":[{"name":"wp","href":"https:\/\/api.w.org\/{rel}","templated":true}]}}