{"id":334475,"date":"2025-09-12T20:36:53","date_gmt":"2025-09-12T18:36:53","guid":{"rendered":"https:\/\/www.jng-web.com\/ref-auto\/?p=334475"},"modified":"2025-09-12T20:36:55","modified_gmt":"2025-09-12T18:36:55","slug":"pourquoi-autant-de-mouvements-sociaux-en-france","status":"publish","type":"post","link":"https:\/\/www.jng-web.com\/ref-auto\/pourquoi-autant-de-mouvements-sociaux-en-france\/","title":{"rendered":"Pourquoi autant de mouvements sociaux en France ?"},"content":{"rendered":"<div id=\"6729917897\" class=\"advads-pub advads-entity-placement\"><script async src=\"https:\/\/pagead2.googlesyndication.com\/pagead\/js\/adsbygoogle.js?client=ca-pub-4944504088214075\"\r\n     crossorigin=\"anonymous\"><\/script><\/div>\n<p>La France est souvent d\u00e9crite comme \u00ab le pays de la gr\u00e8ve \u00bb. Chaque ann\u00e9e, de nombreux mouvements sociaux rythment la vie publique : manifestations, blocages, d\u00e9brayages\u2026 Pour un observateur ext\u00e9rieur, cette vitalit\u00e9 contestataire peut surprendre. Mais elle s\u2019explique par une combinaison de facteurs historiques, politiques, \u00e9conomiques et culturels.<\/p>\n\n\n\n<h2 class=\"wp-block-heading\">1. Une tradition historique de contestation<\/h2>\n\n\n\n<p>Depuis la R\u00e9volution fran\u00e7aise de 1789, la contestation occupe une place centrale dans l\u2019imaginaire collectif. Les r\u00e9voltes populaires ont fa\u00e7onn\u00e9 l\u2019histoire nationale, qu\u2019il s\u2019agisse de 1848, de la Commune de Paris, du Front populaire en 1936 ou de Mai 68. Cette m\u00e9moire militante nourrit l\u2019id\u00e9e que la rue est un espace l\u00e9gitime d\u2019expression politique.<\/p>\n\n\n\n<h2 class=\"wp-block-heading\">2. Un rapport particulier \u00e0 l\u2019\u00c9tat<\/h2>\n\n\n\n<p>En France, l\u2019\u00c9tat joue un r\u00f4le central dans l\u2019organisation de la soci\u00e9t\u00e9 : protection sociale, retraites, services publics, fiscalit\u00e9\u2026 Les r\u00e9formes touchent donc directement la vie quotidienne des citoyens. Quand l\u2019\u00c9tat change les r\u00e8gles du jeu, les r\u00e9actions sont rapides et fortes. La gr\u00e8ve devient alors un outil de pression pour peser sur les d\u00e9cisions.<\/p>\n\n\n\n<h2 class=\"wp-block-heading\">3. La place des syndicats<\/h2>\n\n\n\n<p>M\u00eame si le taux de syndicalisation est relativement faible (environ 8 % des salari\u00e9s), les syndicats fran\u00e7ais restent tr\u00e8s influents. Leur l\u00e9gitimit\u00e9 s\u2019exprime moins dans les adh\u00e9sions que dans leur capacit\u00e9 \u00e0 mobiliser la rue. Les journ\u00e9es de gr\u00e8ve interprofessionnelles ou les grandes manifestations servent de d\u00e9monstration de force.<\/p>\n\n\n\n<h2 class=\"wp-block-heading\">4. Un sentiment d\u2019in\u00e9galit\u00e9s sociales<\/h2>\n\n\n\n<p>Les mouvements sociaux en France sont aussi aliment\u00e9s par un fort attachement \u00e0 l\u2019\u00e9galit\u00e9. D\u00e8s qu\u2019une r\u00e9forme est per\u00e7ue comme injuste ou mena\u00e7ant les acquis sociaux, la mobilisation s\u2019organise. Les contestations autour des retraites, des salaires ou encore du pouvoir d\u2019achat illustrent cette sensibilit\u00e9 particuli\u00e8re.<\/p>\n\n\n\n<h2 class=\"wp-block-heading\">5. Une culture politique vivante<\/h2>\n\n\n\n<p>Enfin, les Fran\u00e7ais entretiennent une conception exigeante de la d\u00e9mocratie. Voter ne suffit pas : manifester, d\u00e9battre et occuper l\u2019espace public sont per\u00e7us comme des prolongements naturels de la citoyennet\u00e9. C\u2019est aussi une mani\u00e8re de rappeler aux gouvernants qu\u2019ils doivent \u00e9couter la soci\u00e9t\u00e9 civile.<\/p>\n\n\n\n<hr class=\"wp-block-separator has-alpha-channel-opacity\"\/>\n\n\n\n<h3 class=\"wp-block-heading\">Conclusion<\/h3>\n\n\n\n<p>Si la France conna\u00eet autant de mouvements sociaux, ce n\u2019est pas par go\u00fbt du conflit, mais parce que l\u2019histoire, la culture politique et le rapport \u00e0 l\u2019\u00c9tat favorisent l\u2019expression collective. Loin d\u2019\u00eatre un signe d\u2019instabilit\u00e9, cette vitalit\u00e9 peut \u00eatre vue comme une preuve de d\u00e9mocratie active : en France, quand \u00e7a ne va pas, on le dit haut et fort.<\/p>\n","protected":false},"excerpt":{"rendered":"<p>La France est souvent d\u00e9crite comme \u00ab le pays de la gr\u00e8ve \u00bb. Chaque ann\u00e9e, de nombreux mouvements<\/p>\n","protected":false},"author":1,"featured_media":332574,"comment_status":"open","ping_status":"open","sticky":false,"template":"","format":"standard","meta":{"rop_custom_images_group":[],"rop_custom_messages_group":[],"rop_publish_now":"initial","rop_publish_now_accounts":{"facebook_2944925605560295_361066357320011":"","twitter_792688215148855296_792688215148855296":""},"rop_publish_now_history":[],"rop_publish_now_status":"pending","footnotes":""},"categories":[2],"tags":[1109,1110],"class_list":["post-334475","post","type-post","status-publish","format-standard","has-post-thumbnail","hentry","category-actualites","tag-greves","tag-mouvements-sociaux"],"yoast_head":"<!-- This site is optimized with the Yoast SEO plugin v27.4 - https:\/\/yoast.com\/product\/yoast-seo-wordpress\/ -->\n<title>Pourquoi autant de mouvements sociaux en France ? - Optannu<\/title>\n<meta name=\"robots\" content=\"index, follow, max-snippet:-1, max-image-preview:large, max-video-preview:-1\" \/>\n<link rel=\"canonical\" href=\"https:\/\/www.jng-web.com\/ref-auto\/pourquoi-autant-de-mouvements-sociaux-en-france\/\" \/>\n<meta property=\"og:locale\" content=\"fr_FR\" \/>\n<meta property=\"og:type\" content=\"article\" \/>\n<meta property=\"og:title\" content=\"Pourquoi autant de mouvements sociaux en France ? - Optannu\" \/>\n<meta property=\"og:description\" content=\"La France est souvent d\u00e9crite comme \u00ab le pays de la gr\u00e8ve \u00bb. Chaque ann\u00e9e, de nombreux mouvements\" \/>\n<meta property=\"og:url\" content=\"https:\/\/www.jng-web.com\/ref-auto\/pourquoi-autant-de-mouvements-sociaux-en-france\/\" \/>\n<meta property=\"og:site_name\" content=\"Optannu\" \/>\n<meta property=\"article:published_time\" content=\"2025-09-12T18:36:53+00:00\" \/>\n<meta property=\"article:modified_time\" content=\"2025-09-12T18:36:55+00:00\" \/>\n<meta property=\"og:image\" content=\"https:\/\/www.jng-web.com\/ref-auto\/wp-content\/uploads\/2025\/09\/man-holding-blank-sign-above-head-picjumbo-com-scaled.jpeg\" \/>\n\t<meta property=\"og:image:width\" content=\"1707\" \/>\n\t<meta property=\"og:image:height\" content=\"2560\" \/>\n\t<meta property=\"og:image:type\" content=\"image\/jpeg\" \/>\n<meta name=\"author\" content=\"Jerome\" \/>\n<meta name=\"twitter:card\" content=\"summary_large_image\" \/>\n<meta name=\"twitter:label1\" content=\"\u00c9crit par\" \/>\n\t<meta name=\"twitter:data1\" content=\"Jerome\" \/>\n\t<meta name=\"twitter:label2\" content=\"Dur\u00e9e de lecture estim\u00e9e\" \/>\n\t<meta name=\"twitter:data2\" content=\"3 minutes\" \/>\n<script type=\"application\/ld+json\" class=\"yoast-schema-graph\">{\"@context\":\"https:\\\/\\\/schema.org\",\"@graph\":[{\"@type\":\"Article\",\"@id\":\"https:\\\/\\\/www.jng-web.com\\\/ref-auto\\\/pourquoi-autant-de-mouvements-sociaux-en-france\\\/#article\",\"isPartOf\":{\"@id\":\"https:\\\/\\\/www.jng-web.com\\\/ref-auto\\\/pourquoi-autant-de-mouvements-sociaux-en-france\\\/\"},\"author\":{\"name\":\"Jerome\",\"@id\":\"https:\\\/\\\/www.jng-web.com\\\/ref-auto\\\/#\\\/schema\\\/person\\\/9b9c81cd6753b27cc78a7072ecb82d8e\"},\"headline\":\"Pourquoi autant de mouvements sociaux en France ?\",\"datePublished\":\"2025-09-12T18:36:53+00:00\",\"dateModified\":\"2025-09-12T18:36:55+00:00\",\"mainEntityOfPage\":{\"@id\":\"https:\\\/\\\/www.jng-web.com\\\/ref-auto\\\/pourquoi-autant-de-mouvements-sociaux-en-france\\\/\"},\"wordCount\":441,\"commentCount\":0,\"image\":{\"@id\":\"https:\\\/\\\/www.jng-web.com\\\/ref-auto\\\/pourquoi-autant-de-mouvements-sociaux-en-france\\\/#primaryimage\"},\"thumbnailUrl\":\"https:\\\/\\\/www.jng-web.com\\\/ref-auto\\\/wp-content\\\/uploads\\\/2025\\\/09\\\/man-holding-blank-sign-above-head-picjumbo-com-scaled.jpeg\",\"keywords\":[\"gr\u00e8ves\",\"mouvements sociaux\"],\"articleSection\":[\"Actualit\u00e9s\"],\"inLanguage\":\"fr-FR\",\"potentialAction\":[{\"@type\":\"CommentAction\",\"name\":\"Comment\",\"target\":[\"https:\\\/\\\/www.jng-web.com\\\/ref-auto\\\/pourquoi-autant-de-mouvements-sociaux-en-france\\\/#respond\"]}]},{\"@type\":\"WebPage\",\"@id\":\"https:\\\/\\\/www.jng-web.com\\\/ref-auto\\\/pourquoi-autant-de-mouvements-sociaux-en-france\\\/\",\"url\":\"https:\\\/\\\/www.jng-web.com\\\/ref-auto\\\/pourquoi-autant-de-mouvements-sociaux-en-france\\\/\",\"name\":\"Pourquoi autant de mouvements sociaux en France ? - Optannu\",\"isPartOf\":{\"@id\":\"https:\\\/\\\/www.jng-web.com\\\/ref-auto\\\/#website\"},\"primaryImageOfPage\":{\"@id\":\"https:\\\/\\\/www.jng-web.com\\\/ref-auto\\\/pourquoi-autant-de-mouvements-sociaux-en-france\\\/#primaryimage\"},\"image\":{\"@id\":\"https:\\\/\\\/www.jng-web.com\\\/ref-auto\\\/pourquoi-autant-de-mouvements-sociaux-en-france\\\/#primaryimage\"},\"thumbnailUrl\":\"https:\\\/\\\/www.jng-web.com\\\/ref-auto\\\/wp-content\\\/uploads\\\/2025\\\/09\\\/man-holding-blank-sign-above-head-picjumbo-com-scaled.jpeg\",\"datePublished\":\"2025-09-12T18:36:53+00:00\",\"dateModified\":\"2025-09-12T18:36:55+00:00\",\"author\":{\"@id\":\"https:\\\/\\\/www.jng-web.com\\\/ref-auto\\\/#\\\/schema\\\/person\\\/9b9c81cd6753b27cc78a7072ecb82d8e\"},\"breadcrumb\":{\"@id\":\"https:\\\/\\\/www.jng-web.com\\\/ref-auto\\\/pourquoi-autant-de-mouvements-sociaux-en-france\\\/#breadcrumb\"},\"inLanguage\":\"fr-FR\",\"potentialAction\":[{\"@type\":\"ReadAction\",\"target\":[\"https:\\\/\\\/www.jng-web.com\\\/ref-auto\\\/pourquoi-autant-de-mouvements-sociaux-en-france\\\/\"]}]},{\"@type\":\"ImageObject\",\"inLanguage\":\"fr-FR\",\"@id\":\"https:\\\/\\\/www.jng-web.com\\\/ref-auto\\\/pourquoi-autant-de-mouvements-sociaux-en-france\\\/#primaryimage\",\"url\":\"https:\\\/\\\/www.jng-web.com\\\/ref-auto\\\/wp-content\\\/uploads\\\/2025\\\/09\\\/man-holding-blank-sign-above-head-picjumbo-com-scaled.jpeg\",\"contentUrl\":\"https:\\\/\\\/www.jng-web.com\\\/ref-auto\\\/wp-content\\\/uploads\\\/2025\\\/09\\\/man-holding-blank-sign-above-head-picjumbo-com-scaled.jpeg\",\"width\":1707,\"height\":2560},{\"@type\":\"BreadcrumbList\",\"@id\":\"https:\\\/\\\/www.jng-web.com\\\/ref-auto\\\/pourquoi-autant-de-mouvements-sociaux-en-france\\\/#breadcrumb\",\"itemListElement\":[{\"@type\":\"ListItem\",\"position\":1,\"name\":\"Annuaire g\u00e9n\u00e9raliste gratuit\",\"item\":\"https:\\\/\\\/www.jng-web.com\\\/ref-auto\\\/\"},{\"@type\":\"ListItem\",\"position\":2,\"name\":\"Actualit\u00e9s\",\"item\":\"https:\\\/\\\/www.jng-web.com\\\/ref-auto\\\/category\\\/actualites\\\/\"},{\"@type\":\"ListItem\",\"position\":3,\"name\":\"Pourquoi autant de mouvements sociaux en France ?\"}]},{\"@type\":\"WebSite\",\"@id\":\"https:\\\/\\\/www.jng-web.com\\\/ref-auto\\\/#website\",\"url\":\"https:\\\/\\\/www.jng-web.com\\\/ref-auto\\\/\",\"name\":\"Optannu\",\"description\":\"Guest Blogging : Publier gratuitement vos articles et booster votre r\u00e9f\u00e9rencement !\",\"potentialAction\":[{\"@type\":\"SearchAction\",\"target\":{\"@type\":\"EntryPoint\",\"urlTemplate\":\"https:\\\/\\\/www.jng-web.com\\\/ref-auto\\\/?s={search_term_string}\"},\"query-input\":{\"@type\":\"PropertyValueSpecification\",\"valueRequired\":true,\"valueName\":\"search_term_string\"}}],\"inLanguage\":\"fr-FR\"},{\"@type\":\"Person\",\"@id\":\"https:\\\/\\\/www.jng-web.com\\\/ref-auto\\\/#\\\/schema\\\/person\\\/9b9c81cd6753b27cc78a7072ecb82d8e\",\"name\":\"Jerome\",\"image\":{\"@type\":\"ImageObject\",\"inLanguage\":\"fr-FR\",\"@id\":\"https:\\\/\\\/secure.gravatar.com\\\/avatar\\\/67845112d35b1cf1f1f3c11875432a8ccaa7ba6187cf0b3e820c9fbc6cb40fc6?s=96&d=mm&r=g\",\"url\":\"https:\\\/\\\/secure.gravatar.com\\\/avatar\\\/67845112d35b1cf1f1f3c11875432a8ccaa7ba6187cf0b3e820c9fbc6cb40fc6?s=96&d=mm&r=g\",\"contentUrl\":\"https:\\\/\\\/secure.gravatar.com\\\/avatar\\\/67845112d35b1cf1f1f3c11875432a8ccaa7ba6187cf0b3e820c9fbc6cb40fc6?s=96&d=mm&r=g\",\"caption\":\"Jerome\"},\"sameAs\":[\"https:\\\/\\\/www.jng-web.com\\\/ref-auto\"],\"url\":\"https:\\\/\\\/www.jng-web.com\\\/ref-auto\"}]}<\/script>\n<!-- \/ Yoast SEO plugin. -->","yoast_head_json":{"title":"Pourquoi autant de mouvements sociaux en France ? - Optannu","robots":{"index":"index","follow":"follow","max-snippet":"max-snippet:-1","max-image-preview":"max-image-preview:large","max-video-preview":"max-video-preview:-1"},"canonical":"https:\/\/www.jng-web.com\/ref-auto\/pourquoi-autant-de-mouvements-sociaux-en-france\/","og_locale":"fr_FR","og_type":"article","og_title":"Pourquoi autant de mouvements sociaux en France ? - Optannu","og_description":"La France est souvent d\u00e9crite comme \u00ab le pays de la gr\u00e8ve \u00bb. Chaque ann\u00e9e, de nombreux mouvements","og_url":"https:\/\/www.jng-web.com\/ref-auto\/pourquoi-autant-de-mouvements-sociaux-en-france\/","og_site_name":"Optannu","article_published_time":"2025-09-12T18:36:53+00:00","article_modified_time":"2025-09-12T18:36:55+00:00","og_image":[{"width":1707,"height":2560,"url":"https:\/\/www.jng-web.com\/ref-auto\/wp-content\/uploads\/2025\/09\/man-holding-blank-sign-above-head-picjumbo-com-scaled.jpeg","type":"image\/jpeg"}],"author":"Jerome","twitter_card":"summary_large_image","twitter_misc":{"\u00c9crit par":"Jerome","Dur\u00e9e de lecture estim\u00e9e":"3 minutes"},"schema":{"@context":"https:\/\/schema.org","@graph":[{"@type":"Article","@id":"https:\/\/www.jng-web.com\/ref-auto\/pourquoi-autant-de-mouvements-sociaux-en-france\/#article","isPartOf":{"@id":"https:\/\/www.jng-web.com\/ref-auto\/pourquoi-autant-de-mouvements-sociaux-en-france\/"},"author":{"name":"Jerome","@id":"https:\/\/www.jng-web.com\/ref-auto\/#\/schema\/person\/9b9c81cd6753b27cc78a7072ecb82d8e"},"headline":"Pourquoi autant de mouvements sociaux en France ?","datePublished":"2025-09-12T18:36:53+00:00","dateModified":"2025-09-12T18:36:55+00:00","mainEntityOfPage":{"@id":"https:\/\/www.jng-web.com\/ref-auto\/pourquoi-autant-de-mouvements-sociaux-en-france\/"},"wordCount":441,"commentCount":0,"image":{"@id":"https:\/\/www.jng-web.com\/ref-auto\/pourquoi-autant-de-mouvements-sociaux-en-france\/#primaryimage"},"thumbnailUrl":"https:\/\/www.jng-web.com\/ref-auto\/wp-content\/uploads\/2025\/09\/man-holding-blank-sign-above-head-picjumbo-com-scaled.jpeg","keywords":["gr\u00e8ves","mouvements sociaux"],"articleSection":["Actualit\u00e9s"],"inLanguage":"fr-FR","potentialAction":[{"@type":"CommentAction","name":"Comment","target":["https:\/\/www.jng-web.com\/ref-auto\/pourquoi-autant-de-mouvements-sociaux-en-france\/#respond"]}]},{"@type":"WebPage","@id":"https:\/\/www.jng-web.com\/ref-auto\/pourquoi-autant-de-mouvements-sociaux-en-france\/","url":"https:\/\/www.jng-web.com\/ref-auto\/pourquoi-autant-de-mouvements-sociaux-en-france\/","name":"Pourquoi autant de mouvements sociaux en France ? - Optannu","isPartOf":{"@id":"https:\/\/www.jng-web.com\/ref-auto\/#website"},"primaryImageOfPage":{"@id":"https:\/\/www.jng-web.com\/ref-auto\/pourquoi-autant-de-mouvements-sociaux-en-france\/#primaryimage"},"image":{"@id":"https:\/\/www.jng-web.com\/ref-auto\/pourquoi-autant-de-mouvements-sociaux-en-france\/#primaryimage"},"thumbnailUrl":"https:\/\/www.jng-web.com\/ref-auto\/wp-content\/uploads\/2025\/09\/man-holding-blank-sign-above-head-picjumbo-com-scaled.jpeg","datePublished":"2025-09-12T18:36:53+00:00","dateModified":"2025-09-12T18:36:55+00:00","author":{"@id":"https:\/\/www.jng-web.com\/ref-auto\/#\/schema\/person\/9b9c81cd6753b27cc78a7072ecb82d8e"},"breadcrumb":{"@id":"https:\/\/www.jng-web.com\/ref-auto\/pourquoi-autant-de-mouvements-sociaux-en-france\/#breadcrumb"},"inLanguage":"fr-FR","potentialAction":[{"@type":"ReadAction","target":["https:\/\/www.jng-web.com\/ref-auto\/pourquoi-autant-de-mouvements-sociaux-en-france\/"]}]},{"@type":"ImageObject","inLanguage":"fr-FR","@id":"https:\/\/www.jng-web.com\/ref-auto\/pourquoi-autant-de-mouvements-sociaux-en-france\/#primaryimage","url":"https:\/\/www.jng-web.com\/ref-auto\/wp-content\/uploads\/2025\/09\/man-holding-blank-sign-above-head-picjumbo-com-scaled.jpeg","contentUrl":"https:\/\/www.jng-web.com\/ref-auto\/wp-content\/uploads\/2025\/09\/man-holding-blank-sign-above-head-picjumbo-com-scaled.jpeg","width":1707,"height":2560},{"@type":"BreadcrumbList","@id":"https:\/\/www.jng-web.com\/ref-auto\/pourquoi-autant-de-mouvements-sociaux-en-france\/#breadcrumb","itemListElement":[{"@type":"ListItem","position":1,"name":"Annuaire g\u00e9n\u00e9raliste gratuit","item":"https:\/\/www.jng-web.com\/ref-auto\/"},{"@type":"ListItem","position":2,"name":"Actualit\u00e9s","item":"https:\/\/www.jng-web.com\/ref-auto\/category\/actualites\/"},{"@type":"ListItem","position":3,"name":"Pourquoi autant de mouvements sociaux en France ?"}]},{"@type":"WebSite","@id":"https:\/\/www.jng-web.com\/ref-auto\/#website","url":"https:\/\/www.jng-web.com\/ref-auto\/","name":"Optannu","description":"Guest Blogging : Publier gratuitement vos articles et booster votre r\u00e9f\u00e9rencement !","potentialAction":[{"@type":"SearchAction","target":{"@type":"EntryPoint","urlTemplate":"https:\/\/www.jng-web.com\/ref-auto\/?s={search_term_string}"},"query-input":{"@type":"PropertyValueSpecification","valueRequired":true,"valueName":"search_term_string"}}],"inLanguage":"fr-FR"},{"@type":"Person","@id":"https:\/\/www.jng-web.com\/ref-auto\/#\/schema\/person\/9b9c81cd6753b27cc78a7072ecb82d8e","name":"Jerome","image":{"@type":"ImageObject","inLanguage":"fr-FR","@id":"https:\/\/secure.gravatar.com\/avatar\/67845112d35b1cf1f1f3c11875432a8ccaa7ba6187cf0b3e820c9fbc6cb40fc6?s=96&d=mm&r=g","url":"https:\/\/secure.gravatar.com\/avatar\/67845112d35b1cf1f1f3c11875432a8ccaa7ba6187cf0b3e820c9fbc6cb40fc6?s=96&d=mm&r=g","contentUrl":"https:\/\/secure.gravatar.com\/avatar\/67845112d35b1cf1f1f3c11875432a8ccaa7ba6187cf0b3e820c9fbc6cb40fc6?s=96&d=mm&r=g","caption":"Jerome"},"sameAs":["https:\/\/www.jng-web.com\/ref-auto"],"url":"https:\/\/www.jng-web.com\/ref-auto"}]}},"views":479,"_links":{"self":[{"href":"https:\/\/www.jng-web.com\/ref-auto\/wp-json\/wp\/v2\/posts\/334475","targetHints":{"allow":["GET"]}}],"collection":[{"href":"https:\/\/www.jng-web.com\/ref-auto\/wp-json\/wp\/v2\/posts"}],"about":[{"href":"https:\/\/www.jng-web.com\/ref-auto\/wp-json\/wp\/v2\/types\/post"}],"author":[{"embeddable":true,"href":"https:\/\/www.jng-web.com\/ref-auto\/wp-json\/wp\/v2\/users\/1"}],"replies":[{"embeddable":true,"href":"https:\/\/www.jng-web.com\/ref-auto\/wp-json\/wp\/v2\/comments?post=334475"}],"version-history":[{"count":1,"href":"https:\/\/www.jng-web.com\/ref-auto\/wp-json\/wp\/v2\/posts\/334475\/revisions"}],"predecessor-version":[{"id":334484,"href":"https:\/\/www.jng-web.com\/ref-auto\/wp-json\/wp\/v2\/posts\/334475\/revisions\/334484"}],"wp:featuredmedia":[{"embeddable":true,"href":"https:\/\/www.jng-web.com\/ref-auto\/wp-json\/wp\/v2\/media\/332574"}],"wp:attachment":[{"href":"https:\/\/www.jng-web.com\/ref-auto\/wp-json\/wp\/v2\/media?parent=334475"}],"wp:term":[{"taxonomy":"category","embeddable":true,"href":"https:\/\/www.jng-web.com\/ref-auto\/wp-json\/wp\/v2\/categories?post=334475"},{"taxonomy":"post_tag","embeddable":true,"href":"https:\/\/www.jng-web.com\/ref-auto\/wp-json\/wp\/v2\/tags?post=334475"}],"curies":[{"name":"wp","href":"https:\/\/api.w.org\/{rel}","templated":true}]}}