{"id":340192,"date":"2025-09-20T23:27:41","date_gmt":"2025-09-20T21:27:41","guid":{"rendered":"https:\/\/www.jng-web.com\/ref-auto\/?p=340192"},"modified":"2025-09-20T23:27:43","modified_gmt":"2025-09-20T21:27:43","slug":"les-journees-europeennes-du-patrimoine-une-invitation-a-decouvrir-nos-tresors-culturels","status":"publish","type":"post","link":"https:\/\/www.jng-web.com\/ref-auto\/les-journees-europeennes-du-patrimoine-une-invitation-a-decouvrir-nos-tresors-culturels\/","title":{"rendered":"Les Journ\u00e9es Europ\u00e9ennes du Patrimoine : une invitation \u00e0 d\u00e9couvrir nos tr\u00e9sors culturels"},"content":{"rendered":"<div id=\"6729917897\" class=\"advads-pub advads-entity-placement\"><script async src=\"https:\/\/pagead2.googlesyndication.com\/pagead\/js\/adsbygoogle.js?client=ca-pub-4944504088214075\"\r\n     crossorigin=\"anonymous\"><\/script><\/div>\n<p>Chaque ann\u00e9e, \u00e0 la mi-septembre, les <strong>Journ\u00e9es Europ\u00e9ennes du Patrimoine<\/strong> ouvrent grand les portes de lieux habituellement ferm\u00e9s au public. Cr\u00e9\u00e9es en 1984 en France \u00e0 l\u2019initiative du minist\u00e8re de la Culture, elles se sont rapidement \u00e9tendues \u00e0 l\u2019\u00e9chelle europ\u00e9enne. Aujourd\u2019hui, ce sont plus de cinquante pays qui participent \u00e0 cet \u00e9v\u00e9nement culturel majeur.<\/p>\n\n\n\n<h2 class=\"wp-block-heading\">Une f\u00eate de la culture et de l\u2019histoire<\/h2>\n\n\n\n<p>L\u2019objectif de ces journ\u00e9es est simple : permettre \u00e0 chacun, petits et grands, d\u2019acc\u00e9der \u00e0 des sites et monuments qui font partie de notre m\u00e9moire collective. Mus\u00e9es, \u00e9glises, th\u00e9\u00e2tres, ch\u00e2teaux, jardins remarquables, b\u00e2timents officiels ou encore ateliers d\u2019artisans ouvrent gratuitement ou \u00e0 tarif r\u00e9duit. C\u2019est l\u2019occasion de d\u00e9couvrir les coulisses du patrimoine, qu\u2019il soit architectural, artistique, naturel ou industriel.<\/p>\n\n\n\n<h2 class=\"wp-block-heading\">Des th\u00e9matiques renouvel\u00e9es chaque ann\u00e9e<\/h2>\n\n\n\n<p>Chaque \u00e9dition met en avant un <strong>th\u00e8me f\u00e9d\u00e9rateur<\/strong>, qui sert de fil rouge aux visites et animations. Cela peut \u00eatre le patrimoine durable, l\u2019\u00e9ducation, l\u2019art du partage ou encore les savoir-faire. Les acteurs culturels proposent alors des expositions, des conf\u00e9rences, des d\u00e9monstrations et des ateliers participatifs.<\/p>\n\n\n\n<h2 class=\"wp-block-heading\">Un rendez-vous populaire et f\u00e9d\u00e9rateur<\/h2>\n\n\n\n<p>Les Journ\u00e9es du Patrimoine attirent des millions de visiteurs en France chaque ann\u00e9e. C\u2019est un moment o\u00f9 l\u2019on prend conscience de la richesse de notre h\u00e9ritage et de l\u2019importance de le pr\u00e9server. Elles sont aussi un temps de transmission, permettant aux plus jeunes de mieux comprendre leur histoire et leurs racines.<\/p>\n\n\n\n<h2 class=\"wp-block-heading\">Une exp\u00e9rience vivante<\/h2>\n\n\n\n<p>Au-del\u00e0 des visites, ces journ\u00e9es offrent une exp\u00e9rience unique : rencontrer des restaurateurs d\u2019art, des guides passionn\u00e9s, des b\u00e9n\u00e9voles et des professionnels du patrimoine. Ces \u00e9changes donnent vie aux pierres et aux \u0153uvres, et rappellent que le patrimoine n\u2019est pas fig\u00e9 mais bien vivant.<\/p>\n\n\n\n<hr class=\"wp-block-separator has-alpha-channel-opacity\"\/>\n\n\n\n<p>\u2728 Les Journ\u00e9es Europ\u00e9ennes du Patrimoine ne sont pas seulement une ouverture exceptionnelle de lieux prestigieux : elles sont une v\u00e9ritable <strong>invitation \u00e0 red\u00e9couvrir notre pass\u00e9 pour mieux construire notre avenir<\/strong>.<\/p>\n","protected":false},"excerpt":{"rendered":"<p>Chaque ann\u00e9e, \u00e0 la mi-septembre, les Journ\u00e9es Europ\u00e9ennes du Patrimoine ouvrent grand les portes de lieux habituellement ferm\u00e9s<\/p>\n","protected":false},"author":1,"featured_media":12319,"comment_status":"open","ping_status":"open","sticky":false,"template":"","format":"standard","meta":{"rop_custom_images_group":[],"rop_custom_messages_group":[],"rop_publish_now":"initial","rop_publish_now_accounts":{"facebook_2944925605560295_361066357320011":"","twitter_792688215148855296_792688215148855296":""},"rop_publish_now_history":[],"rop_publish_now_status":"pending","footnotes":""},"categories":[2],"tags":[1001,1119],"class_list":["post-340192","post","type-post","status-publish","format-standard","has-post-thumbnail","hentry","category-actualites","tag-culture","tag-patrimoine"],"yoast_head":"<!-- This site is optimized with the Yoast SEO plugin v27.4 - https:\/\/yoast.com\/product\/yoast-seo-wordpress\/ -->\n<title>Les Journ\u00e9es Europ\u00e9ennes du Patrimoine : une invitation \u00e0 d\u00e9couvrir nos tr\u00e9sors culturels - Optannu<\/title>\n<meta name=\"robots\" content=\"index, follow, max-snippet:-1, max-image-preview:large, max-video-preview:-1\" \/>\n<link rel=\"canonical\" href=\"https:\/\/www.jng-web.com\/ref-auto\/les-journees-europeennes-du-patrimoine-une-invitation-a-decouvrir-nos-tresors-culturels\/\" \/>\n<meta property=\"og:locale\" content=\"fr_FR\" \/>\n<meta property=\"og:type\" content=\"article\" \/>\n<meta property=\"og:title\" content=\"Les Journ\u00e9es Europ\u00e9ennes du Patrimoine : une invitation \u00e0 d\u00e9couvrir nos tr\u00e9sors culturels - Optannu\" \/>\n<meta property=\"og:description\" content=\"Chaque ann\u00e9e, \u00e0 la mi-septembre, les Journ\u00e9es Europ\u00e9ennes du Patrimoine ouvrent grand les portes de lieux habituellement ferm\u00e9s\" \/>\n<meta property=\"og:url\" content=\"https:\/\/www.jng-web.com\/ref-auto\/les-journees-europeennes-du-patrimoine-une-invitation-a-decouvrir-nos-tresors-culturels\/\" \/>\n<meta property=\"og:site_name\" content=\"Optannu\" \/>\n<meta property=\"article:published_time\" content=\"2025-09-20T21:27:41+00:00\" \/>\n<meta property=\"article:modified_time\" content=\"2025-09-20T21:27:43+00:00\" \/>\n<meta property=\"og:image\" content=\"https:\/\/www.jng-web.com\/ref-auto\/wp-content\/uploads\/2023\/01\/traveling-to-manarola-cinque-terre-follow-me-to-pose-picjumbo-com-scaled.jpg\" \/>\n\t<meta property=\"og:image:width\" content=\"2560\" \/>\n\t<meta property=\"og:image:height\" content=\"1706\" \/>\n\t<meta property=\"og:image:type\" content=\"image\/jpeg\" \/>\n<meta name=\"author\" content=\"Jerome\" \/>\n<meta name=\"twitter:card\" content=\"summary_large_image\" \/>\n<meta name=\"twitter:label1\" content=\"\u00c9crit par\" \/>\n\t<meta name=\"twitter:data1\" content=\"Jerome\" \/>\n\t<meta name=\"twitter:label2\" content=\"Dur\u00e9e de lecture estim\u00e9e\" \/>\n\t<meta name=\"twitter:data2\" content=\"2 minutes\" \/>\n<script type=\"application\/ld+json\" class=\"yoast-schema-graph\">{\"@context\":\"https:\\\/\\\/schema.org\",\"@graph\":[{\"@type\":\"Article\",\"@id\":\"https:\\\/\\\/www.jng-web.com\\\/ref-auto\\\/les-journees-europeennes-du-patrimoine-une-invitation-a-decouvrir-nos-tresors-culturels\\\/#article\",\"isPartOf\":{\"@id\":\"https:\\\/\\\/www.jng-web.com\\\/ref-auto\\\/les-journees-europeennes-du-patrimoine-une-invitation-a-decouvrir-nos-tresors-culturels\\\/\"},\"author\":{\"name\":\"Jerome\",\"@id\":\"https:\\\/\\\/www.jng-web.com\\\/ref-auto\\\/#\\\/schema\\\/person\\\/9b9c81cd6753b27cc78a7072ecb82d8e\"},\"headline\":\"Les Journ\u00e9es Europ\u00e9ennes du Patrimoine : une invitation \u00e0 d\u00e9couvrir nos tr\u00e9sors culturels\",\"datePublished\":\"2025-09-20T21:27:41+00:00\",\"dateModified\":\"2025-09-20T21:27:43+00:00\",\"mainEntityOfPage\":{\"@id\":\"https:\\\/\\\/www.jng-web.com\\\/ref-auto\\\/les-journees-europeennes-du-patrimoine-une-invitation-a-decouvrir-nos-tresors-culturels\\\/\"},\"wordCount\":367,\"commentCount\":0,\"image\":{\"@id\":\"https:\\\/\\\/www.jng-web.com\\\/ref-auto\\\/les-journees-europeennes-du-patrimoine-une-invitation-a-decouvrir-nos-tresors-culturels\\\/#primaryimage\"},\"thumbnailUrl\":\"https:\\\/\\\/www.jng-web.com\\\/ref-auto\\\/wp-content\\\/uploads\\\/2023\\\/01\\\/traveling-to-manarola-cinque-terre-follow-me-to-pose-picjumbo-com-scaled.jpg\",\"keywords\":[\"culture\",\"patrimoine\"],\"articleSection\":[\"Actualit\u00e9s\"],\"inLanguage\":\"fr-FR\",\"potentialAction\":[{\"@type\":\"CommentAction\",\"name\":\"Comment\",\"target\":[\"https:\\\/\\\/www.jng-web.com\\\/ref-auto\\\/les-journees-europeennes-du-patrimoine-une-invitation-a-decouvrir-nos-tresors-culturels\\\/#respond\"]}]},{\"@type\":\"WebPage\",\"@id\":\"https:\\\/\\\/www.jng-web.com\\\/ref-auto\\\/les-journees-europeennes-du-patrimoine-une-invitation-a-decouvrir-nos-tresors-culturels\\\/\",\"url\":\"https:\\\/\\\/www.jng-web.com\\\/ref-auto\\\/les-journees-europeennes-du-patrimoine-une-invitation-a-decouvrir-nos-tresors-culturels\\\/\",\"name\":\"Les Journ\u00e9es Europ\u00e9ennes du Patrimoine : une invitation \u00e0 d\u00e9couvrir nos tr\u00e9sors culturels - Optannu\",\"isPartOf\":{\"@id\":\"https:\\\/\\\/www.jng-web.com\\\/ref-auto\\\/#website\"},\"primaryImageOfPage\":{\"@id\":\"https:\\\/\\\/www.jng-web.com\\\/ref-auto\\\/les-journees-europeennes-du-patrimoine-une-invitation-a-decouvrir-nos-tresors-culturels\\\/#primaryimage\"},\"image\":{\"@id\":\"https:\\\/\\\/www.jng-web.com\\\/ref-auto\\\/les-journees-europeennes-du-patrimoine-une-invitation-a-decouvrir-nos-tresors-culturels\\\/#primaryimage\"},\"thumbnailUrl\":\"https:\\\/\\\/www.jng-web.com\\\/ref-auto\\\/wp-content\\\/uploads\\\/2023\\\/01\\\/traveling-to-manarola-cinque-terre-follow-me-to-pose-picjumbo-com-scaled.jpg\",\"datePublished\":\"2025-09-20T21:27:41+00:00\",\"dateModified\":\"2025-09-20T21:27:43+00:00\",\"author\":{\"@id\":\"https:\\\/\\\/www.jng-web.com\\\/ref-auto\\\/#\\\/schema\\\/person\\\/9b9c81cd6753b27cc78a7072ecb82d8e\"},\"breadcrumb\":{\"@id\":\"https:\\\/\\\/www.jng-web.com\\\/ref-auto\\\/les-journees-europeennes-du-patrimoine-une-invitation-a-decouvrir-nos-tresors-culturels\\\/#breadcrumb\"},\"inLanguage\":\"fr-FR\",\"potentialAction\":[{\"@type\":\"ReadAction\",\"target\":[\"https:\\\/\\\/www.jng-web.com\\\/ref-auto\\\/les-journees-europeennes-du-patrimoine-une-invitation-a-decouvrir-nos-tresors-culturels\\\/\"]}]},{\"@type\":\"ImageObject\",\"inLanguage\":\"fr-FR\",\"@id\":\"https:\\\/\\\/www.jng-web.com\\\/ref-auto\\\/les-journees-europeennes-du-patrimoine-une-invitation-a-decouvrir-nos-tresors-culturels\\\/#primaryimage\",\"url\":\"https:\\\/\\\/www.jng-web.com\\\/ref-auto\\\/wp-content\\\/uploads\\\/2023\\\/01\\\/traveling-to-manarola-cinque-terre-follow-me-to-pose-picjumbo-com-scaled.jpg\",\"contentUrl\":\"https:\\\/\\\/www.jng-web.com\\\/ref-auto\\\/wp-content\\\/uploads\\\/2023\\\/01\\\/traveling-to-manarola-cinque-terre-follow-me-to-pose-picjumbo-com-scaled.jpg\",\"width\":2560,\"height\":1706,\"caption\":\"vacances en h\u00e9bergement insolite\"},{\"@type\":\"BreadcrumbList\",\"@id\":\"https:\\\/\\\/www.jng-web.com\\\/ref-auto\\\/les-journees-europeennes-du-patrimoine-une-invitation-a-decouvrir-nos-tresors-culturels\\\/#breadcrumb\",\"itemListElement\":[{\"@type\":\"ListItem\",\"position\":1,\"name\":\"Annuaire g\u00e9n\u00e9raliste gratuit\",\"item\":\"https:\\\/\\\/www.jng-web.com\\\/ref-auto\\\/\"},{\"@type\":\"ListItem\",\"position\":2,\"name\":\"Actualit\u00e9s\",\"item\":\"https:\\\/\\\/www.jng-web.com\\\/ref-auto\\\/category\\\/actualites\\\/\"},{\"@type\":\"ListItem\",\"position\":3,\"name\":\"Les Journ\u00e9es Europ\u00e9ennes du Patrimoine : une invitation \u00e0 d\u00e9couvrir nos tr\u00e9sors culturels\"}]},{\"@type\":\"WebSite\",\"@id\":\"https:\\\/\\\/www.jng-web.com\\\/ref-auto\\\/#website\",\"url\":\"https:\\\/\\\/www.jng-web.com\\\/ref-auto\\\/\",\"name\":\"Optannu\",\"description\":\"Guest Blogging : Publier gratuitement vos articles et booster votre r\u00e9f\u00e9rencement !\",\"potentialAction\":[{\"@type\":\"SearchAction\",\"target\":{\"@type\":\"EntryPoint\",\"urlTemplate\":\"https:\\\/\\\/www.jng-web.com\\\/ref-auto\\\/?s={search_term_string}\"},\"query-input\":{\"@type\":\"PropertyValueSpecification\",\"valueRequired\":true,\"valueName\":\"search_term_string\"}}],\"inLanguage\":\"fr-FR\"},{\"@type\":\"Person\",\"@id\":\"https:\\\/\\\/www.jng-web.com\\\/ref-auto\\\/#\\\/schema\\\/person\\\/9b9c81cd6753b27cc78a7072ecb82d8e\",\"name\":\"Jerome\",\"image\":{\"@type\":\"ImageObject\",\"inLanguage\":\"fr-FR\",\"@id\":\"https:\\\/\\\/secure.gravatar.com\\\/avatar\\\/67845112d35b1cf1f1f3c11875432a8ccaa7ba6187cf0b3e820c9fbc6cb40fc6?s=96&d=mm&r=g\",\"url\":\"https:\\\/\\\/secure.gravatar.com\\\/avatar\\\/67845112d35b1cf1f1f3c11875432a8ccaa7ba6187cf0b3e820c9fbc6cb40fc6?s=96&d=mm&r=g\",\"contentUrl\":\"https:\\\/\\\/secure.gravatar.com\\\/avatar\\\/67845112d35b1cf1f1f3c11875432a8ccaa7ba6187cf0b3e820c9fbc6cb40fc6?s=96&d=mm&r=g\",\"caption\":\"Jerome\"},\"sameAs\":[\"https:\\\/\\\/www.jng-web.com\\\/ref-auto\"],\"url\":\"https:\\\/\\\/www.jng-web.com\\\/ref-auto\"}]}<\/script>\n<!-- \/ Yoast SEO plugin. -->","yoast_head_json":{"title":"Les Journ\u00e9es Europ\u00e9ennes du Patrimoine : une invitation \u00e0 d\u00e9couvrir nos tr\u00e9sors culturels - Optannu","robots":{"index":"index","follow":"follow","max-snippet":"max-snippet:-1","max-image-preview":"max-image-preview:large","max-video-preview":"max-video-preview:-1"},"canonical":"https:\/\/www.jng-web.com\/ref-auto\/les-journees-europeennes-du-patrimoine-une-invitation-a-decouvrir-nos-tresors-culturels\/","og_locale":"fr_FR","og_type":"article","og_title":"Les Journ\u00e9es Europ\u00e9ennes du Patrimoine : une invitation \u00e0 d\u00e9couvrir nos tr\u00e9sors culturels - Optannu","og_description":"Chaque ann\u00e9e, \u00e0 la mi-septembre, les Journ\u00e9es Europ\u00e9ennes du Patrimoine ouvrent grand les portes de lieux habituellement ferm\u00e9s","og_url":"https:\/\/www.jng-web.com\/ref-auto\/les-journees-europeennes-du-patrimoine-une-invitation-a-decouvrir-nos-tresors-culturels\/","og_site_name":"Optannu","article_published_time":"2025-09-20T21:27:41+00:00","article_modified_time":"2025-09-20T21:27:43+00:00","og_image":[{"width":2560,"height":1706,"url":"https:\/\/www.jng-web.com\/ref-auto\/wp-content\/uploads\/2023\/01\/traveling-to-manarola-cinque-terre-follow-me-to-pose-picjumbo-com-scaled.jpg","type":"image\/jpeg"}],"author":"Jerome","twitter_card":"summary_large_image","twitter_misc":{"\u00c9crit par":"Jerome","Dur\u00e9e de lecture estim\u00e9e":"2 minutes"},"schema":{"@context":"https:\/\/schema.org","@graph":[{"@type":"Article","@id":"https:\/\/www.jng-web.com\/ref-auto\/les-journees-europeennes-du-patrimoine-une-invitation-a-decouvrir-nos-tresors-culturels\/#article","isPartOf":{"@id":"https:\/\/www.jng-web.com\/ref-auto\/les-journees-europeennes-du-patrimoine-une-invitation-a-decouvrir-nos-tresors-culturels\/"},"author":{"name":"Jerome","@id":"https:\/\/www.jng-web.com\/ref-auto\/#\/schema\/person\/9b9c81cd6753b27cc78a7072ecb82d8e"},"headline":"Les Journ\u00e9es Europ\u00e9ennes du Patrimoine : une invitation \u00e0 d\u00e9couvrir nos tr\u00e9sors culturels","datePublished":"2025-09-20T21:27:41+00:00","dateModified":"2025-09-20T21:27:43+00:00","mainEntityOfPage":{"@id":"https:\/\/www.jng-web.com\/ref-auto\/les-journees-europeennes-du-patrimoine-une-invitation-a-decouvrir-nos-tresors-culturels\/"},"wordCount":367,"commentCount":0,"image":{"@id":"https:\/\/www.jng-web.com\/ref-auto\/les-journees-europeennes-du-patrimoine-une-invitation-a-decouvrir-nos-tresors-culturels\/#primaryimage"},"thumbnailUrl":"https:\/\/www.jng-web.com\/ref-auto\/wp-content\/uploads\/2023\/01\/traveling-to-manarola-cinque-terre-follow-me-to-pose-picjumbo-com-scaled.jpg","keywords":["culture","patrimoine"],"articleSection":["Actualit\u00e9s"],"inLanguage":"fr-FR","potentialAction":[{"@type":"CommentAction","name":"Comment","target":["https:\/\/www.jng-web.com\/ref-auto\/les-journees-europeennes-du-patrimoine-une-invitation-a-decouvrir-nos-tresors-culturels\/#respond"]}]},{"@type":"WebPage","@id":"https:\/\/www.jng-web.com\/ref-auto\/les-journees-europeennes-du-patrimoine-une-invitation-a-decouvrir-nos-tresors-culturels\/","url":"https:\/\/www.jng-web.com\/ref-auto\/les-journees-europeennes-du-patrimoine-une-invitation-a-decouvrir-nos-tresors-culturels\/","name":"Les Journ\u00e9es Europ\u00e9ennes du Patrimoine : une invitation \u00e0 d\u00e9couvrir nos tr\u00e9sors culturels - Optannu","isPartOf":{"@id":"https:\/\/www.jng-web.com\/ref-auto\/#website"},"primaryImageOfPage":{"@id":"https:\/\/www.jng-web.com\/ref-auto\/les-journees-europeennes-du-patrimoine-une-invitation-a-decouvrir-nos-tresors-culturels\/#primaryimage"},"image":{"@id":"https:\/\/www.jng-web.com\/ref-auto\/les-journees-europeennes-du-patrimoine-une-invitation-a-decouvrir-nos-tresors-culturels\/#primaryimage"},"thumbnailUrl":"https:\/\/www.jng-web.com\/ref-auto\/wp-content\/uploads\/2023\/01\/traveling-to-manarola-cinque-terre-follow-me-to-pose-picjumbo-com-scaled.jpg","datePublished":"2025-09-20T21:27:41+00:00","dateModified":"2025-09-20T21:27:43+00:00","author":{"@id":"https:\/\/www.jng-web.com\/ref-auto\/#\/schema\/person\/9b9c81cd6753b27cc78a7072ecb82d8e"},"breadcrumb":{"@id":"https:\/\/www.jng-web.com\/ref-auto\/les-journees-europeennes-du-patrimoine-une-invitation-a-decouvrir-nos-tresors-culturels\/#breadcrumb"},"inLanguage":"fr-FR","potentialAction":[{"@type":"ReadAction","target":["https:\/\/www.jng-web.com\/ref-auto\/les-journees-europeennes-du-patrimoine-une-invitation-a-decouvrir-nos-tresors-culturels\/"]}]},{"@type":"ImageObject","inLanguage":"fr-FR","@id":"https:\/\/www.jng-web.com\/ref-auto\/les-journees-europeennes-du-patrimoine-une-invitation-a-decouvrir-nos-tresors-culturels\/#primaryimage","url":"https:\/\/www.jng-web.com\/ref-auto\/wp-content\/uploads\/2023\/01\/traveling-to-manarola-cinque-terre-follow-me-to-pose-picjumbo-com-scaled.jpg","contentUrl":"https:\/\/www.jng-web.com\/ref-auto\/wp-content\/uploads\/2023\/01\/traveling-to-manarola-cinque-terre-follow-me-to-pose-picjumbo-com-scaled.jpg","width":2560,"height":1706,"caption":"vacances en h\u00e9bergement insolite"},{"@type":"BreadcrumbList","@id":"https:\/\/www.jng-web.com\/ref-auto\/les-journees-europeennes-du-patrimoine-une-invitation-a-decouvrir-nos-tresors-culturels\/#breadcrumb","itemListElement":[{"@type":"ListItem","position":1,"name":"Annuaire g\u00e9n\u00e9raliste gratuit","item":"https:\/\/www.jng-web.com\/ref-auto\/"},{"@type":"ListItem","position":2,"name":"Actualit\u00e9s","item":"https:\/\/www.jng-web.com\/ref-auto\/category\/actualites\/"},{"@type":"ListItem","position":3,"name":"Les Journ\u00e9es Europ\u00e9ennes du Patrimoine : une invitation \u00e0 d\u00e9couvrir nos tr\u00e9sors culturels"}]},{"@type":"WebSite","@id":"https:\/\/www.jng-web.com\/ref-auto\/#website","url":"https:\/\/www.jng-web.com\/ref-auto\/","name":"Optannu","description":"Guest Blogging : Publier gratuitement vos articles et booster votre r\u00e9f\u00e9rencement !","potentialAction":[{"@type":"SearchAction","target":{"@type":"EntryPoint","urlTemplate":"https:\/\/www.jng-web.com\/ref-auto\/?s={search_term_string}"},"query-input":{"@type":"PropertyValueSpecification","valueRequired":true,"valueName":"search_term_string"}}],"inLanguage":"fr-FR"},{"@type":"Person","@id":"https:\/\/www.jng-web.com\/ref-auto\/#\/schema\/person\/9b9c81cd6753b27cc78a7072ecb82d8e","name":"Jerome","image":{"@type":"ImageObject","inLanguage":"fr-FR","@id":"https:\/\/secure.gravatar.com\/avatar\/67845112d35b1cf1f1f3c11875432a8ccaa7ba6187cf0b3e820c9fbc6cb40fc6?s=96&d=mm&r=g","url":"https:\/\/secure.gravatar.com\/avatar\/67845112d35b1cf1f1f3c11875432a8ccaa7ba6187cf0b3e820c9fbc6cb40fc6?s=96&d=mm&r=g","contentUrl":"https:\/\/secure.gravatar.com\/avatar\/67845112d35b1cf1f1f3c11875432a8ccaa7ba6187cf0b3e820c9fbc6cb40fc6?s=96&d=mm&r=g","caption":"Jerome"},"sameAs":["https:\/\/www.jng-web.com\/ref-auto"],"url":"https:\/\/www.jng-web.com\/ref-auto"}]}},"views":354,"_links":{"self":[{"href":"https:\/\/www.jng-web.com\/ref-auto\/wp-json\/wp\/v2\/posts\/340192","targetHints":{"allow":["GET"]}}],"collection":[{"href":"https:\/\/www.jng-web.com\/ref-auto\/wp-json\/wp\/v2\/posts"}],"about":[{"href":"https:\/\/www.jng-web.com\/ref-auto\/wp-json\/wp\/v2\/types\/post"}],"author":[{"embeddable":true,"href":"https:\/\/www.jng-web.com\/ref-auto\/wp-json\/wp\/v2\/users\/1"}],"replies":[{"embeddable":true,"href":"https:\/\/www.jng-web.com\/ref-auto\/wp-json\/wp\/v2\/comments?post=340192"}],"version-history":[{"count":1,"href":"https:\/\/www.jng-web.com\/ref-auto\/wp-json\/wp\/v2\/posts\/340192\/revisions"}],"predecessor-version":[{"id":340200,"href":"https:\/\/www.jng-web.com\/ref-auto\/wp-json\/wp\/v2\/posts\/340192\/revisions\/340200"}],"wp:featuredmedia":[{"embeddable":true,"href":"https:\/\/www.jng-web.com\/ref-auto\/wp-json\/wp\/v2\/media\/12319"}],"wp:attachment":[{"href":"https:\/\/www.jng-web.com\/ref-auto\/wp-json\/wp\/v2\/media?parent=340192"}],"wp:term":[{"taxonomy":"category","embeddable":true,"href":"https:\/\/www.jng-web.com\/ref-auto\/wp-json\/wp\/v2\/categories?post=340192"},{"taxonomy":"post_tag","embeddable":true,"href":"https:\/\/www.jng-web.com\/ref-auto\/wp-json\/wp\/v2\/tags?post=340192"}],"curies":[{"name":"wp","href":"https:\/\/api.w.org\/{rel}","templated":true}]}}