{"id":340668,"date":"2025-11-29T10:10:10","date_gmt":"2025-11-29T09:10:10","guid":{"rendered":"https:\/\/www.jng-web.com\/ref-auto\/?p=340668"},"modified":"2025-09-21T10:12:38","modified_gmt":"2025-09-21T08:12:38","slug":"%f0%9f%aa%90-le-milieu-du-ciel-en-astrologie-votre-vocation-et-votre-image-publique","status":"publish","type":"post","link":"https:\/\/www.jng-web.com\/ref-auto\/%f0%9f%aa%90-le-milieu-du-ciel-en-astrologie-votre-vocation-et-votre-image-publique\/","title":{"rendered":"\ud83e\ude90 Le Milieu du Ciel en astrologie : votre vocation et votre image publique"},"content":{"rendered":"<div id=\"6729917897\" class=\"advads-pub advads-entity-placement\"><script async src=\"https:\/\/pagead2.googlesyndication.com\/pagead\/js\/adsbygoogle.js?client=ca-pub-4944504088214075\"\r\n     crossorigin=\"anonymous\"><\/script><\/div>\n<p>Dans un th\u00e8me natal, chaque \u00e9l\u00e9ment a une signification particuli\u00e8re. On conna\u00eet bien le <strong>Soleil<\/strong> (l\u2019identit\u00e9), l\u2019<strong>Ascendant<\/strong> (l\u2019image que l\u2019on donne) et la <strong>Lune<\/strong> (le monde int\u00e9rieur). Mais un autre point cl\u00e9 m\u00e9rite toute notre attention : <strong>le Milieu du Ciel<\/strong>, aussi appel\u00e9 <em>MC<\/em> (<em>Medium Coeli<\/em> en latin).<\/p>\n\n\n\n<p>C\u2019est un axe puissant qui r\u00e9v\u00e8le beaucoup sur notre <strong>vocation, carri\u00e8re et place dans le monde<\/strong>.<\/p>\n\n\n\n<hr class=\"wp-block-separator has-alpha-channel-opacity\"\/>\n\n\n\n<h2 class=\"wp-block-heading\">\ud83d\udd2d Qu\u2019est-ce que le Milieu du Ciel ?<\/h2>\n\n\n\n<p>Le Milieu du Ciel est le point le plus haut du ciel au moment de votre naissance.<br>Dans le th\u00e8me astral, il se situe g\u00e9n\u00e9ralement en haut de la carte, \u00e0 la <strong>cuspide de la Maison X<\/strong>.<\/p>\n\n\n\n<p>Il repr\u00e9sente :<\/p>\n\n\n\n<ul class=\"wp-block-list\">\n<li>La <strong>carri\u00e8re et la r\u00e9ussite professionnelle<\/strong>.<\/li>\n\n\n\n<li>La <strong>r\u00e9putation et l\u2019image publique<\/strong>.<\/li>\n\n\n\n<li>La <strong>mission de vie sociale<\/strong>, ce vers quoi on tend avec le temps.<\/li>\n<\/ul>\n\n\n\n<p>En somme, si l\u2019Ascendant montre comment vous d\u00e9marrez dans la vie, le Milieu du Ciel montre <strong>o\u00f9 vous allez<\/strong>.<\/p>\n\n\n\n<hr class=\"wp-block-separator has-alpha-channel-opacity\"\/>\n\n\n\n<h2 class=\"wp-block-heading\">\ud83c\udf0c L\u2019influence du Milieu du Ciel selon le signe<\/h2>\n\n\n\n<p>Voici une synth\u00e8se de ce que chaque signe au Milieu du Ciel peut indiquer sur la vocation :<\/p>\n\n\n\n<ul class=\"wp-block-list\">\n<li><strong>MC en B\u00e9lier \ud83d\udd25<\/strong> : carri\u00e8re pionni\u00e8re, besoin d\u2019initiative, leadership naturel.<\/li>\n\n\n\n<li><strong>MC en Taureau \ud83c\udf0d<\/strong> : stabilit\u00e9 professionnelle, go\u00fbt pour construire et s\u00e9curiser (finance, art, nature).<\/li>\n\n\n\n<li><strong>MC en G\u00e9meaux \ud83d\udca8<\/strong> : communication, \u00e9criture, journalisme, m\u00e9tiers o\u00f9 l\u2019adaptabilit\u00e9 est cl\u00e9.<\/li>\n\n\n\n<li><strong>MC en Cancer \ud83d\udca7<\/strong> : vocation li\u00e9e au soin, \u00e0 l\u2019\u00e9ducation, \u00e0 la famille, au social.<\/li>\n\n\n\n<li><strong>MC en Lion \ud83d\udd25<\/strong> : besoin de briller, d\u2019\u00eatre reconnu, carri\u00e8re cr\u00e9ative, artistique ou dirigeante.<\/li>\n\n\n\n<li><strong>MC en Vierge \ud83c\udf0d<\/strong> : travail m\u00e9thodique, service, sant\u00e9, organisation, recherche du d\u00e9tail.<\/li>\n\n\n\n<li><strong>MC en Balance \ud83d\udca8<\/strong> : m\u00e9tiers li\u00e9s \u00e0 l\u2019art, \u00e0 l\u2019esth\u00e9tique, \u00e0 la diplomatie ou au droit.<\/li>\n\n\n\n<li><strong>MC en Scorpion \ud83d\udca7<\/strong> : carri\u00e8res intenses, li\u00e9es \u00e0 la transformation, \u00e0 la psychologie ou au pouvoir.<\/li>\n\n\n\n<li><strong>MC en Sagittaire \ud83d\udd25<\/strong> : vocation dans l\u2019enseignement, les voyages, la philosophie, l\u2019exploration.<\/li>\n\n\n\n<li><strong>MC en Capricorne \ud83c\udf0d<\/strong> : grande ambition, r\u00e9ussite progressive, positions de responsabilit\u00e9.<\/li>\n\n\n\n<li><strong>MC en Verseau \ud83d\udca8<\/strong> : originalit\u00e9, innovation, sciences, technologie, vision humanitaire.<\/li>\n\n\n\n<li><strong>MC en Poissons \ud83d\udca7<\/strong> : m\u00e9tiers artistiques, spirituels, li\u00e9s au soin ou \u00e0 l\u2019imaginaire.<\/li>\n<\/ul>\n\n\n\n<hr class=\"wp-block-separator has-alpha-channel-opacity\"\/>\n\n\n\n<h2 class=\"wp-block-heading\">\u2728 Milieu du Ciel et h\u00e9ritage familial<\/h2>\n\n\n\n<p>Le Milieu du Ciel est aussi li\u00e9 \u00e0 l\u2019<strong>image parentale<\/strong>, souvent celle du parent le plus \u00ab visible \u00bb socialement (parfois le p\u00e8re, parfois la m\u00e8re selon les traditions astrologiques). Il symbolise donc \u00e0 la fois la <strong>vocation personnelle<\/strong> et les <strong>attentes familiales ou sociales<\/strong> int\u00e9gr\u00e9es dans le parcours.<\/p>\n\n\n\n<hr class=\"wp-block-separator has-alpha-channel-opacity\"\/>\n\n\n\n<h2 class=\"wp-block-heading\">\ud83d\udca1 Exemple concret<\/h2>\n\n\n\n<ul class=\"wp-block-list\">\n<li>Une personne <strong>Ascendant Balance, Soleil en Verseau, MC en Lion<\/strong> :\n<ul class=\"wp-block-list\">\n<li>L\u2019Ascendant Balance la rend charmante et diplomate.<\/li>\n\n\n\n<li>Le Soleil en Verseau lui donne un esprit ind\u00e9pendant et original.<\/li>\n\n\n\n<li>Le MC en Lion montre un besoin de briller publiquement \u2192 on retrouve souvent ce placement chez des artistes, influenceurs, dirigeants ou personnes cherchant la reconnaissance.<\/li>\n<\/ul>\n<\/li>\n<\/ul>\n\n\n\n<hr class=\"wp-block-separator has-alpha-channel-opacity\"\/>\n\n\n\n<h2 class=\"wp-block-heading\">\ud83c\udf1f Conclusion<\/h2>\n\n\n\n<p>Le <strong>Milieu du Ciel<\/strong> est un rep\u00e8re pr\u00e9cieux pour comprendre son chemin professionnel et la mani\u00e8re dont on souhaite laisser une empreinte dans le monde.<br>L\u00e0 o\u00f9 le <strong>Soleil<\/strong> \u00e9claire notre identit\u00e9 et l\u2019<strong>Ascendant<\/strong> notre personnalit\u00e9 visible, le <strong>MC<\/strong> r\u00e9v\u00e8le notre <strong>but social et professionnel<\/strong> : ce pour quoi on veut \u00eatre reconnu.<\/p>\n","protected":false},"excerpt":{"rendered":"<p>Dans un th\u00e8me natal, chaque \u00e9l\u00e9ment a une signification particuli\u00e8re. On conna\u00eet bien le Soleil (l\u2019identit\u00e9), l\u2019Ascendant (l\u2019image<\/p>\n","protected":false},"author":1,"featured_media":340674,"comment_status":"open","ping_status":"open","sticky":false,"template":"","format":"standard","meta":{"rop_custom_images_group":[],"rop_custom_messages_group":[],"rop_publish_now":"initial","rop_publish_now_accounts":{"facebook_2944925605560295_361066357320011":"","twitter_792688215148855296_792688215148855296":""},"rop_publish_now_history":[],"rop_publish_now_status":"pending","footnotes":""},"categories":[24],"tags":[882,1120],"class_list":["post-340668","post","type-post","status-publish","format-standard","has-post-thumbnail","hentry","category-voyance","tag-astrologie","tag-signe-astrologique"],"yoast_head":"<!-- This site is optimized with the Yoast SEO plugin v27.4 - https:\/\/yoast.com\/product\/yoast-seo-wordpress\/ -->\n<title>\ud83e\ude90 Le Milieu du Ciel en astrologie : votre vocation et votre image publique - Optannu<\/title>\n<meta name=\"robots\" content=\"index, follow, max-snippet:-1, max-image-preview:large, max-video-preview:-1\" \/>\n<link rel=\"canonical\" href=\"https:\/\/www.jng-web.com\/ref-auto\/\ud83e\ude90-le-milieu-du-ciel-en-astrologie-votre-vocation-et-votre-image-publique\/\" \/>\n<meta property=\"og:locale\" content=\"fr_FR\" \/>\n<meta property=\"og:type\" content=\"article\" \/>\n<meta property=\"og:title\" content=\"\ud83e\ude90 Le Milieu du Ciel en astrologie : votre vocation et votre image publique - Optannu\" \/>\n<meta property=\"og:description\" content=\"Dans un th\u00e8me natal, chaque \u00e9l\u00e9ment a une signification particuli\u00e8re. On conna\u00eet bien le Soleil (l\u2019identit\u00e9), l\u2019Ascendant (l\u2019image\" \/>\n<meta property=\"og:url\" content=\"https:\/\/www.jng-web.com\/ref-auto\/\ud83e\ude90-le-milieu-du-ciel-en-astrologie-votre-vocation-et-votre-image-publique\/\" \/>\n<meta property=\"og:site_name\" content=\"Optannu\" \/>\n<meta property=\"article:published_time\" content=\"2025-11-29T09:10:10+00:00\" \/>\n<meta property=\"og:image\" content=\"https:\/\/www.jng-web.com\/ref-auto\/wp-content\/uploads\/2025\/09\/long-exposure-photo-of-the-starry-sky-picjumbo-com-scaled.jpg\" \/>\n\t<meta property=\"og:image:width\" content=\"2560\" \/>\n\t<meta property=\"og:image:height\" content=\"1607\" \/>\n\t<meta property=\"og:image:type\" content=\"image\/jpeg\" \/>\n<meta name=\"author\" content=\"Jerome\" \/>\n<meta name=\"twitter:card\" content=\"summary_large_image\" \/>\n<meta name=\"twitter:label1\" content=\"\u00c9crit par\" \/>\n\t<meta name=\"twitter:data1\" content=\"Jerome\" \/>\n\t<meta name=\"twitter:label2\" content=\"Dur\u00e9e de lecture estim\u00e9e\" \/>\n\t<meta name=\"twitter:data2\" content=\"3 minutes\" \/>\n<script type=\"application\/ld+json\" class=\"yoast-schema-graph\">{\"@context\":\"https:\\\/\\\/schema.org\",\"@graph\":[{\"@type\":\"Article\",\"@id\":\"https:\\\/\\\/www.jng-web.com\\\/ref-auto\\\/%f0%9f%aa%90-le-milieu-du-ciel-en-astrologie-votre-vocation-et-votre-image-publique\\\/#article\",\"isPartOf\":{\"@id\":\"https:\\\/\\\/www.jng-web.com\\\/ref-auto\\\/%f0%9f%aa%90-le-milieu-du-ciel-en-astrologie-votre-vocation-et-votre-image-publique\\\/\"},\"author\":{\"name\":\"Jerome\",\"@id\":\"https:\\\/\\\/www.jng-web.com\\\/ref-auto\\\/#\\\/schema\\\/person\\\/9b9c81cd6753b27cc78a7072ecb82d8e\"},\"headline\":\"\ud83e\ude90 Le Milieu du Ciel en astrologie : votre vocation et votre image publique\",\"datePublished\":\"2025-11-29T09:10:10+00:00\",\"mainEntityOfPage\":{\"@id\":\"https:\\\/\\\/www.jng-web.com\\\/ref-auto\\\/%f0%9f%aa%90-le-milieu-du-ciel-en-astrologie-votre-vocation-et-votre-image-publique\\\/\"},\"wordCount\":551,\"commentCount\":0,\"image\":{\"@id\":\"https:\\\/\\\/www.jng-web.com\\\/ref-auto\\\/%f0%9f%aa%90-le-milieu-du-ciel-en-astrologie-votre-vocation-et-votre-image-publique\\\/#primaryimage\"},\"thumbnailUrl\":\"https:\\\/\\\/www.jng-web.com\\\/ref-auto\\\/wp-content\\\/uploads\\\/2025\\\/09\\\/long-exposure-photo-of-the-starry-sky-picjumbo-com-scaled.jpg\",\"keywords\":[\"astrologie\",\"signe astrologique\"],\"articleSection\":[\"Voyance\"],\"inLanguage\":\"fr-FR\",\"potentialAction\":[{\"@type\":\"CommentAction\",\"name\":\"Comment\",\"target\":[\"https:\\\/\\\/www.jng-web.com\\\/ref-auto\\\/%f0%9f%aa%90-le-milieu-du-ciel-en-astrologie-votre-vocation-et-votre-image-publique\\\/#respond\"]}]},{\"@type\":\"WebPage\",\"@id\":\"https:\\\/\\\/www.jng-web.com\\\/ref-auto\\\/%f0%9f%aa%90-le-milieu-du-ciel-en-astrologie-votre-vocation-et-votre-image-publique\\\/\",\"url\":\"https:\\\/\\\/www.jng-web.com\\\/ref-auto\\\/%f0%9f%aa%90-le-milieu-du-ciel-en-astrologie-votre-vocation-et-votre-image-publique\\\/\",\"name\":\"\ud83e\ude90 Le Milieu du Ciel en astrologie : votre vocation et votre image publique - Optannu\",\"isPartOf\":{\"@id\":\"https:\\\/\\\/www.jng-web.com\\\/ref-auto\\\/#website\"},\"primaryImageOfPage\":{\"@id\":\"https:\\\/\\\/www.jng-web.com\\\/ref-auto\\\/%f0%9f%aa%90-le-milieu-du-ciel-en-astrologie-votre-vocation-et-votre-image-publique\\\/#primaryimage\"},\"image\":{\"@id\":\"https:\\\/\\\/www.jng-web.com\\\/ref-auto\\\/%f0%9f%aa%90-le-milieu-du-ciel-en-astrologie-votre-vocation-et-votre-image-publique\\\/#primaryimage\"},\"thumbnailUrl\":\"https:\\\/\\\/www.jng-web.com\\\/ref-auto\\\/wp-content\\\/uploads\\\/2025\\\/09\\\/long-exposure-photo-of-the-starry-sky-picjumbo-com-scaled.jpg\",\"datePublished\":\"2025-11-29T09:10:10+00:00\",\"author\":{\"@id\":\"https:\\\/\\\/www.jng-web.com\\\/ref-auto\\\/#\\\/schema\\\/person\\\/9b9c81cd6753b27cc78a7072ecb82d8e\"},\"breadcrumb\":{\"@id\":\"https:\\\/\\\/www.jng-web.com\\\/ref-auto\\\/%f0%9f%aa%90-le-milieu-du-ciel-en-astrologie-votre-vocation-et-votre-image-publique\\\/#breadcrumb\"},\"inLanguage\":\"fr-FR\",\"potentialAction\":[{\"@type\":\"ReadAction\",\"target\":[\"https:\\\/\\\/www.jng-web.com\\\/ref-auto\\\/%f0%9f%aa%90-le-milieu-du-ciel-en-astrologie-votre-vocation-et-votre-image-publique\\\/\"]}]},{\"@type\":\"ImageObject\",\"inLanguage\":\"fr-FR\",\"@id\":\"https:\\\/\\\/www.jng-web.com\\\/ref-auto\\\/%f0%9f%aa%90-le-milieu-du-ciel-en-astrologie-votre-vocation-et-votre-image-publique\\\/#primaryimage\",\"url\":\"https:\\\/\\\/www.jng-web.com\\\/ref-auto\\\/wp-content\\\/uploads\\\/2025\\\/09\\\/long-exposure-photo-of-the-starry-sky-picjumbo-com-scaled.jpg\",\"contentUrl\":\"https:\\\/\\\/www.jng-web.com\\\/ref-auto\\\/wp-content\\\/uploads\\\/2025\\\/09\\\/long-exposure-photo-of-the-starry-sky-picjumbo-com-scaled.jpg\",\"width\":2560,\"height\":1607},{\"@type\":\"BreadcrumbList\",\"@id\":\"https:\\\/\\\/www.jng-web.com\\\/ref-auto\\\/%f0%9f%aa%90-le-milieu-du-ciel-en-astrologie-votre-vocation-et-votre-image-publique\\\/#breadcrumb\",\"itemListElement\":[{\"@type\":\"ListItem\",\"position\":1,\"name\":\"Annuaire g\u00e9n\u00e9raliste gratuit\",\"item\":\"https:\\\/\\\/www.jng-web.com\\\/ref-auto\\\/\"},{\"@type\":\"ListItem\",\"position\":2,\"name\":\"Voyance\",\"item\":\"https:\\\/\\\/www.jng-web.com\\\/ref-auto\\\/category\\\/voyance\\\/\"},{\"@type\":\"ListItem\",\"position\":3,\"name\":\"\ud83e\ude90 Le Milieu du Ciel en astrologie : votre vocation et votre image publique\"}]},{\"@type\":\"WebSite\",\"@id\":\"https:\\\/\\\/www.jng-web.com\\\/ref-auto\\\/#website\",\"url\":\"https:\\\/\\\/www.jng-web.com\\\/ref-auto\\\/\",\"name\":\"Optannu\",\"description\":\"Guest Blogging : Publier gratuitement vos articles et booster votre r\u00e9f\u00e9rencement !\",\"potentialAction\":[{\"@type\":\"SearchAction\",\"target\":{\"@type\":\"EntryPoint\",\"urlTemplate\":\"https:\\\/\\\/www.jng-web.com\\\/ref-auto\\\/?s={search_term_string}\"},\"query-input\":{\"@type\":\"PropertyValueSpecification\",\"valueRequired\":true,\"valueName\":\"search_term_string\"}}],\"inLanguage\":\"fr-FR\"},{\"@type\":\"Person\",\"@id\":\"https:\\\/\\\/www.jng-web.com\\\/ref-auto\\\/#\\\/schema\\\/person\\\/9b9c81cd6753b27cc78a7072ecb82d8e\",\"name\":\"Jerome\",\"image\":{\"@type\":\"ImageObject\",\"inLanguage\":\"fr-FR\",\"@id\":\"https:\\\/\\\/secure.gravatar.com\\\/avatar\\\/67845112d35b1cf1f1f3c11875432a8ccaa7ba6187cf0b3e820c9fbc6cb40fc6?s=96&d=mm&r=g\",\"url\":\"https:\\\/\\\/secure.gravatar.com\\\/avatar\\\/67845112d35b1cf1f1f3c11875432a8ccaa7ba6187cf0b3e820c9fbc6cb40fc6?s=96&d=mm&r=g\",\"contentUrl\":\"https:\\\/\\\/secure.gravatar.com\\\/avatar\\\/67845112d35b1cf1f1f3c11875432a8ccaa7ba6187cf0b3e820c9fbc6cb40fc6?s=96&d=mm&r=g\",\"caption\":\"Jerome\"},\"sameAs\":[\"https:\\\/\\\/www.jng-web.com\\\/ref-auto\"],\"url\":\"https:\\\/\\\/www.jng-web.com\\\/ref-auto\"}]}<\/script>\n<!-- \/ Yoast SEO plugin. -->","yoast_head_json":{"title":"\ud83e\ude90 Le Milieu du Ciel en astrologie : votre vocation et votre image publique - Optannu","robots":{"index":"index","follow":"follow","max-snippet":"max-snippet:-1","max-image-preview":"max-image-preview:large","max-video-preview":"max-video-preview:-1"},"canonical":"https:\/\/www.jng-web.com\/ref-auto\/\ud83e\ude90-le-milieu-du-ciel-en-astrologie-votre-vocation-et-votre-image-publique\/","og_locale":"fr_FR","og_type":"article","og_title":"\ud83e\ude90 Le Milieu du Ciel en astrologie : votre vocation et votre image publique - Optannu","og_description":"Dans un th\u00e8me natal, chaque \u00e9l\u00e9ment a une signification particuli\u00e8re. On conna\u00eet bien le Soleil (l\u2019identit\u00e9), l\u2019Ascendant (l\u2019image","og_url":"https:\/\/www.jng-web.com\/ref-auto\/\ud83e\ude90-le-milieu-du-ciel-en-astrologie-votre-vocation-et-votre-image-publique\/","og_site_name":"Optannu","article_published_time":"2025-11-29T09:10:10+00:00","og_image":[{"width":2560,"height":1607,"url":"https:\/\/www.jng-web.com\/ref-auto\/wp-content\/uploads\/2025\/09\/long-exposure-photo-of-the-starry-sky-picjumbo-com-scaled.jpg","type":"image\/jpeg"}],"author":"Jerome","twitter_card":"summary_large_image","twitter_misc":{"\u00c9crit par":"Jerome","Dur\u00e9e de lecture estim\u00e9e":"3 minutes"},"schema":{"@context":"https:\/\/schema.org","@graph":[{"@type":"Article","@id":"https:\/\/www.jng-web.com\/ref-auto\/%f0%9f%aa%90-le-milieu-du-ciel-en-astrologie-votre-vocation-et-votre-image-publique\/#article","isPartOf":{"@id":"https:\/\/www.jng-web.com\/ref-auto\/%f0%9f%aa%90-le-milieu-du-ciel-en-astrologie-votre-vocation-et-votre-image-publique\/"},"author":{"name":"Jerome","@id":"https:\/\/www.jng-web.com\/ref-auto\/#\/schema\/person\/9b9c81cd6753b27cc78a7072ecb82d8e"},"headline":"\ud83e\ude90 Le Milieu du Ciel en astrologie : votre vocation et votre image publique","datePublished":"2025-11-29T09:10:10+00:00","mainEntityOfPage":{"@id":"https:\/\/www.jng-web.com\/ref-auto\/%f0%9f%aa%90-le-milieu-du-ciel-en-astrologie-votre-vocation-et-votre-image-publique\/"},"wordCount":551,"commentCount":0,"image":{"@id":"https:\/\/www.jng-web.com\/ref-auto\/%f0%9f%aa%90-le-milieu-du-ciel-en-astrologie-votre-vocation-et-votre-image-publique\/#primaryimage"},"thumbnailUrl":"https:\/\/www.jng-web.com\/ref-auto\/wp-content\/uploads\/2025\/09\/long-exposure-photo-of-the-starry-sky-picjumbo-com-scaled.jpg","keywords":["astrologie","signe astrologique"],"articleSection":["Voyance"],"inLanguage":"fr-FR","potentialAction":[{"@type":"CommentAction","name":"Comment","target":["https:\/\/www.jng-web.com\/ref-auto\/%f0%9f%aa%90-le-milieu-du-ciel-en-astrologie-votre-vocation-et-votre-image-publique\/#respond"]}]},{"@type":"WebPage","@id":"https:\/\/www.jng-web.com\/ref-auto\/%f0%9f%aa%90-le-milieu-du-ciel-en-astrologie-votre-vocation-et-votre-image-publique\/","url":"https:\/\/www.jng-web.com\/ref-auto\/%f0%9f%aa%90-le-milieu-du-ciel-en-astrologie-votre-vocation-et-votre-image-publique\/","name":"\ud83e\ude90 Le Milieu du Ciel en astrologie : votre vocation et votre image publique - Optannu","isPartOf":{"@id":"https:\/\/www.jng-web.com\/ref-auto\/#website"},"primaryImageOfPage":{"@id":"https:\/\/www.jng-web.com\/ref-auto\/%f0%9f%aa%90-le-milieu-du-ciel-en-astrologie-votre-vocation-et-votre-image-publique\/#primaryimage"},"image":{"@id":"https:\/\/www.jng-web.com\/ref-auto\/%f0%9f%aa%90-le-milieu-du-ciel-en-astrologie-votre-vocation-et-votre-image-publique\/#primaryimage"},"thumbnailUrl":"https:\/\/www.jng-web.com\/ref-auto\/wp-content\/uploads\/2025\/09\/long-exposure-photo-of-the-starry-sky-picjumbo-com-scaled.jpg","datePublished":"2025-11-29T09:10:10+00:00","author":{"@id":"https:\/\/www.jng-web.com\/ref-auto\/#\/schema\/person\/9b9c81cd6753b27cc78a7072ecb82d8e"},"breadcrumb":{"@id":"https:\/\/www.jng-web.com\/ref-auto\/%f0%9f%aa%90-le-milieu-du-ciel-en-astrologie-votre-vocation-et-votre-image-publique\/#breadcrumb"},"inLanguage":"fr-FR","potentialAction":[{"@type":"ReadAction","target":["https:\/\/www.jng-web.com\/ref-auto\/%f0%9f%aa%90-le-milieu-du-ciel-en-astrologie-votre-vocation-et-votre-image-publique\/"]}]},{"@type":"ImageObject","inLanguage":"fr-FR","@id":"https:\/\/www.jng-web.com\/ref-auto\/%f0%9f%aa%90-le-milieu-du-ciel-en-astrologie-votre-vocation-et-votre-image-publique\/#primaryimage","url":"https:\/\/www.jng-web.com\/ref-auto\/wp-content\/uploads\/2025\/09\/long-exposure-photo-of-the-starry-sky-picjumbo-com-scaled.jpg","contentUrl":"https:\/\/www.jng-web.com\/ref-auto\/wp-content\/uploads\/2025\/09\/long-exposure-photo-of-the-starry-sky-picjumbo-com-scaled.jpg","width":2560,"height":1607},{"@type":"BreadcrumbList","@id":"https:\/\/www.jng-web.com\/ref-auto\/%f0%9f%aa%90-le-milieu-du-ciel-en-astrologie-votre-vocation-et-votre-image-publique\/#breadcrumb","itemListElement":[{"@type":"ListItem","position":1,"name":"Annuaire g\u00e9n\u00e9raliste gratuit","item":"https:\/\/www.jng-web.com\/ref-auto\/"},{"@type":"ListItem","position":2,"name":"Voyance","item":"https:\/\/www.jng-web.com\/ref-auto\/category\/voyance\/"},{"@type":"ListItem","position":3,"name":"\ud83e\ude90 Le Milieu du Ciel en astrologie : votre vocation et votre image publique"}]},{"@type":"WebSite","@id":"https:\/\/www.jng-web.com\/ref-auto\/#website","url":"https:\/\/www.jng-web.com\/ref-auto\/","name":"Optannu","description":"Guest Blogging : Publier gratuitement vos articles et booster votre r\u00e9f\u00e9rencement !","potentialAction":[{"@type":"SearchAction","target":{"@type":"EntryPoint","urlTemplate":"https:\/\/www.jng-web.com\/ref-auto\/?s={search_term_string}"},"query-input":{"@type":"PropertyValueSpecification","valueRequired":true,"valueName":"search_term_string"}}],"inLanguage":"fr-FR"},{"@type":"Person","@id":"https:\/\/www.jng-web.com\/ref-auto\/#\/schema\/person\/9b9c81cd6753b27cc78a7072ecb82d8e","name":"Jerome","image":{"@type":"ImageObject","inLanguage":"fr-FR","@id":"https:\/\/secure.gravatar.com\/avatar\/67845112d35b1cf1f1f3c11875432a8ccaa7ba6187cf0b3e820c9fbc6cb40fc6?s=96&d=mm&r=g","url":"https:\/\/secure.gravatar.com\/avatar\/67845112d35b1cf1f1f3c11875432a8ccaa7ba6187cf0b3e820c9fbc6cb40fc6?s=96&d=mm&r=g","contentUrl":"https:\/\/secure.gravatar.com\/avatar\/67845112d35b1cf1f1f3c11875432a8ccaa7ba6187cf0b3e820c9fbc6cb40fc6?s=96&d=mm&r=g","caption":"Jerome"},"sameAs":["https:\/\/www.jng-web.com\/ref-auto"],"url":"https:\/\/www.jng-web.com\/ref-auto"}]}},"views":359,"_links":{"self":[{"href":"https:\/\/www.jng-web.com\/ref-auto\/wp-json\/wp\/v2\/posts\/340668","targetHints":{"allow":["GET"]}}],"collection":[{"href":"https:\/\/www.jng-web.com\/ref-auto\/wp-json\/wp\/v2\/posts"}],"about":[{"href":"https:\/\/www.jng-web.com\/ref-auto\/wp-json\/wp\/v2\/types\/post"}],"author":[{"embeddable":true,"href":"https:\/\/www.jng-web.com\/ref-auto\/wp-json\/wp\/v2\/users\/1"}],"replies":[{"embeddable":true,"href":"https:\/\/www.jng-web.com\/ref-auto\/wp-json\/wp\/v2\/comments?post=340668"}],"version-history":[{"count":1,"href":"https:\/\/www.jng-web.com\/ref-auto\/wp-json\/wp\/v2\/posts\/340668\/revisions"}],"predecessor-version":[{"id":340689,"href":"https:\/\/www.jng-web.com\/ref-auto\/wp-json\/wp\/v2\/posts\/340668\/revisions\/340689"}],"wp:featuredmedia":[{"embeddable":true,"href":"https:\/\/www.jng-web.com\/ref-auto\/wp-json\/wp\/v2\/media\/340674"}],"wp:attachment":[{"href":"https:\/\/www.jng-web.com\/ref-auto\/wp-json\/wp\/v2\/media?parent=340668"}],"wp:term":[{"taxonomy":"category","embeddable":true,"href":"https:\/\/www.jng-web.com\/ref-auto\/wp-json\/wp\/v2\/categories?post=340668"},{"taxonomy":"post_tag","embeddable":true,"href":"https:\/\/www.jng-web.com\/ref-auto\/wp-json\/wp\/v2\/tags?post=340668"}],"curies":[{"name":"wp","href":"https:\/\/api.w.org\/{rel}","templated":true}]}}