{"id":370243,"date":"2025-11-01T12:27:15","date_gmt":"2025-11-01T11:27:15","guid":{"rendered":"https:\/\/www.jng-web.com\/ref-auto\/?p=370243"},"modified":"2025-11-01T12:27:17","modified_gmt":"2025-11-01T11:27:17","slug":"%f0%9f%8c%bc-la-toussaint-une-fete-de-memoire-de-lumiere-et-desperance","status":"publish","type":"post","link":"https:\/\/www.jng-web.com\/ref-auto\/%f0%9f%8c%bc-la-toussaint-une-fete-de-memoire-de-lumiere-et-desperance\/","title":{"rendered":"\ud83c\udf3c La Toussaint : une f\u00eate de m\u00e9moire, de lumi\u00e8re et d\u2019esp\u00e9rance"},"content":{"rendered":"<div id=\"6729917897\" class=\"advads-pub advads-entity-placement\"><script async src=\"https:\/\/pagead2.googlesyndication.com\/pagead\/js\/adsbygoogle.js?client=ca-pub-4944504088214075\"\r\n     crossorigin=\"anonymous\"><\/script><\/div>\n<p>Chaque 1er novembre, la <strong>Toussaint<\/strong> revient dans nos calendriers comme un temps de recueillement, de souvenir, mais aussi de douceur automnale. Entre traditions religieuses, coutumes familiales et moments de r\u00e9flexion, cette f\u00eate garde une place particuli\u00e8re dans le c\u0153ur des Fran\u00e7ais.<\/p>\n\n\n\n<h2 class=\"wp-block-heading\">\ud83c\udf1f Une f\u00eate chr\u00e9tienne avant tout<\/h2>\n\n\n\n<p>La Toussaint, ou <em>f\u00eate de tous les saints<\/em>, est c\u00e9l\u00e9br\u00e9e par l\u2019\u00c9glise catholique pour <strong>honorer l\u2019ensemble des saints<\/strong>, connus ou inconnus. Institu\u00e9e officiellement au IX\u1d49 si\u00e8cle par le pape Gr\u00e9goire IV, elle nous invite \u00e0 contempler la vie de ces femmes et hommes qui ont su incarner l\u2019amour, la bont\u00e9 et la foi dans leur existence.<\/p>\n\n\n\n<p>Le lendemain, le <strong>2 novembre<\/strong>, a lieu la <strong>comm\u00e9moration des fid\u00e8les d\u00e9funts<\/strong> \u2014 souvent confondue avec la Toussaint, mais distincte. C\u2019est ce jour-l\u00e0 que les familles se rendent traditionnellement au cimeti\u00e8re pour fleurir les tombes de leurs proches disparus.<\/p>\n\n\n\n<h2 class=\"wp-block-heading\">\ud83d\udc90 Les traditions populaires<\/h2>\n\n\n\n<p>En France, la Toussaint est associ\u00e9e \u00e0 plusieurs <strong>gestes symboliques<\/strong> :<\/p>\n\n\n\n<ul class=\"wp-block-list\">\n<li><strong>Fleurir les tombes<\/strong> : le chrysanth\u00e8me, avec ses couleurs chaudes et sa floraison tardive, est la fleur embl\u00e9matique de cette p\u00e9riode.<\/li>\n\n\n\n<li><strong>Rendre visite \u00e0 ses proches disparus<\/strong>, parfois en famille, dans une ambiance m\u00ealant respect et tendresse.<\/li>\n\n\n\n<li><strong>Profiter d\u2019un moment de repos<\/strong> : jour f\u00e9ri\u00e9, la Toussaint marque aussi une pause bienvenue au c\u0153ur de l\u2019automne, souvent pendant les vacances scolaires.<\/li>\n<\/ul>\n\n\n\n<h2 class=\"wp-block-heading\">\ud83c\udf41 Une f\u00eate entre spiritualit\u00e9 et m\u00e9moire familiale<\/h2>\n\n\n\n<p>Au-del\u00e0 de la dimension religieuse, la Toussaint est devenue un <strong>temps de m\u00e9moire et de lien<\/strong>. C\u2019est l\u2019occasion de se souvenir, mais aussi de transmettre : les enfants apprennent \u00e0 conna\u00eetre leurs anc\u00eatres, les familles se retrouvent autour d\u2019un repas, les villages se parent de fleurs.<\/p>\n\n\n\n<p>Il y a dans cette p\u00e9riode une <strong>beaut\u00e9 simple<\/strong>, un \u00e9quilibre entre la nostalgie et la lumi\u00e8re. L\u2019automne colore la nature de tons dor\u00e9s, le vent se fait plus frais, et pourtant, partout, des fleurs \u00e9clatent dans les cimeti\u00e8res \u2014 comme un message d\u2019esp\u00e9rance.<\/p>\n\n\n\n<h2 class=\"wp-block-heading\">\u2728 Une c\u00e9l\u00e9bration de la vie<\/h2>\n\n\n\n<p>F\u00eater la Toussaint, c\u2019est finalement <strong>honorer la vie<\/strong> autant que la mort. C\u2019est se rappeler que la lumi\u00e8re demeure, m\u00eame au c\u0153ur de la saison la plus grise. Que le souvenir n\u2019est pas seulement un regard vers le pass\u00e9, mais un lien vivant entre les g\u00e9n\u00e9rations.<\/p>\n\n\n\n<hr class=\"wp-block-separator has-alpha-channel-opacity\"\/>\n\n\n\n<p><strong>En r\u00e9sum\u00e9 :<\/strong><\/p>\n\n\n\n<blockquote class=\"wp-block-quote is-layout-flow wp-block-quote-is-layout-flow\">\n<p>La Toussaint n\u2019est pas qu\u2019un jour f\u00e9ri\u00e9, c\u2019est un moment de paix, de m\u00e9moire et de transmission \u2014 un rendez-vous annuel entre les vivants et ceux qui les ont pr\u00e9c\u00e9d\u00e9s.<\/p>\n<\/blockquote>\n","protected":false},"excerpt":{"rendered":"<p>Chaque 1er novembre, la Toussaint revient dans nos calendriers comme un temps de recueillement, de souvenir, mais aussi<\/p>\n","protected":false},"author":1,"featured_media":370252,"comment_status":"open","ping_status":"open","sticky":false,"template":"","format":"standard","meta":{"rop_custom_images_group":[],"rop_custom_messages_group":[],"rop_publish_now":"initial","rop_publish_now_accounts":{"facebook_2944925605560295_361066357320011":"","twitter_792688215148855296_792688215148855296":""},"rop_publish_now_history":[],"rop_publish_now_status":"pending","footnotes":""},"categories":[2],"tags":[873,1124],"class_list":["post-370243","post","type-post","status-publish","format-standard","has-post-thumbnail","hentry","category-actualites","tag-halloween","tag-toussaint"],"yoast_head":"<!-- This site is optimized with the Yoast SEO plugin v27.4 - https:\/\/yoast.com\/product\/yoast-seo-wordpress\/ -->\n<title>\ud83c\udf3c La Toussaint : une f\u00eate de m\u00e9moire, de lumi\u00e8re et d\u2019esp\u00e9rance - Optannu<\/title>\n<meta name=\"robots\" content=\"index, follow, max-snippet:-1, max-image-preview:large, max-video-preview:-1\" \/>\n<link rel=\"canonical\" href=\"https:\/\/www.jng-web.com\/ref-auto\/\ud83c\udf3c-la-toussaint-une-fete-de-memoire-de-lumiere-et-desperance\/\" \/>\n<meta property=\"og:locale\" content=\"fr_FR\" \/>\n<meta property=\"og:type\" content=\"article\" \/>\n<meta property=\"og:title\" content=\"\ud83c\udf3c La Toussaint : une f\u00eate de m\u00e9moire, de lumi\u00e8re et d\u2019esp\u00e9rance - Optannu\" \/>\n<meta property=\"og:description\" content=\"Chaque 1er novembre, la Toussaint revient dans nos calendriers comme un temps de recueillement, de souvenir, mais aussi\" \/>\n<meta property=\"og:url\" content=\"https:\/\/www.jng-web.com\/ref-auto\/\ud83c\udf3c-la-toussaint-une-fete-de-memoire-de-lumiere-et-desperance\/\" \/>\n<meta property=\"og:site_name\" content=\"Optannu\" \/>\n<meta property=\"article:published_time\" content=\"2025-11-01T11:27:15+00:00\" \/>\n<meta property=\"article:modified_time\" content=\"2025-11-01T11:27:17+00:00\" \/>\n<meta name=\"author\" content=\"Jerome\" \/>\n<meta name=\"twitter:card\" content=\"summary_large_image\" \/>\n<meta name=\"twitter:label1\" content=\"\u00c9crit par\" \/>\n\t<meta name=\"twitter:data1\" content=\"Jerome\" \/>\n\t<meta name=\"twitter:label2\" content=\"Dur\u00e9e de lecture estim\u00e9e\" \/>\n\t<meta name=\"twitter:data2\" content=\"2 minutes\" \/>\n<script type=\"application\/ld+json\" class=\"yoast-schema-graph\">{\"@context\":\"https:\\\/\\\/schema.org\",\"@graph\":[{\"@type\":\"Article\",\"@id\":\"https:\\\/\\\/www.jng-web.com\\\/ref-auto\\\/%f0%9f%8c%bc-la-toussaint-une-fete-de-memoire-de-lumiere-et-desperance\\\/#article\",\"isPartOf\":{\"@id\":\"https:\\\/\\\/www.jng-web.com\\\/ref-auto\\\/%f0%9f%8c%bc-la-toussaint-une-fete-de-memoire-de-lumiere-et-desperance\\\/\"},\"author\":{\"name\":\"Jerome\",\"@id\":\"https:\\\/\\\/www.jng-web.com\\\/ref-auto\\\/#\\\/schema\\\/person\\\/9b9c81cd6753b27cc78a7072ecb82d8e\"},\"headline\":\"\ud83c\udf3c La Toussaint : une f\u00eate de m\u00e9moire, de lumi\u00e8re et d\u2019esp\u00e9rance\",\"datePublished\":\"2025-11-01T11:27:15+00:00\",\"dateModified\":\"2025-11-01T11:27:17+00:00\",\"mainEntityOfPage\":{\"@id\":\"https:\\\/\\\/www.jng-web.com\\\/ref-auto\\\/%f0%9f%8c%bc-la-toussaint-une-fete-de-memoire-de-lumiere-et-desperance\\\/\"},\"wordCount\":465,\"commentCount\":0,\"image\":{\"@id\":\"https:\\\/\\\/www.jng-web.com\\\/ref-auto\\\/%f0%9f%8c%bc-la-toussaint-une-fete-de-memoire-de-lumiere-et-desperance\\\/#primaryimage\"},\"thumbnailUrl\":\"https:\\\/\\\/www.jng-web.com\\\/ref-auto\\\/wp-content\\\/uploads\\\/2025\\\/11\\\/beautiful-colorful-halloween-scenery-picjumbo-com-1-scaled.jpeg\",\"keywords\":[\"halloween\",\"toussaint\"],\"articleSection\":[\"Actualit\u00e9s\"],\"inLanguage\":\"fr-FR\",\"potentialAction\":[{\"@type\":\"CommentAction\",\"name\":\"Comment\",\"target\":[\"https:\\\/\\\/www.jng-web.com\\\/ref-auto\\\/%f0%9f%8c%bc-la-toussaint-une-fete-de-memoire-de-lumiere-et-desperance\\\/#respond\"]}]},{\"@type\":\"WebPage\",\"@id\":\"https:\\\/\\\/www.jng-web.com\\\/ref-auto\\\/%f0%9f%8c%bc-la-toussaint-une-fete-de-memoire-de-lumiere-et-desperance\\\/\",\"url\":\"https:\\\/\\\/www.jng-web.com\\\/ref-auto\\\/%f0%9f%8c%bc-la-toussaint-une-fete-de-memoire-de-lumiere-et-desperance\\\/\",\"name\":\"\ud83c\udf3c La Toussaint : une f\u00eate de m\u00e9moire, de lumi\u00e8re et d\u2019esp\u00e9rance - Optannu\",\"isPartOf\":{\"@id\":\"https:\\\/\\\/www.jng-web.com\\\/ref-auto\\\/#website\"},\"primaryImageOfPage\":{\"@id\":\"https:\\\/\\\/www.jng-web.com\\\/ref-auto\\\/%f0%9f%8c%bc-la-toussaint-une-fete-de-memoire-de-lumiere-et-desperance\\\/#primaryimage\"},\"image\":{\"@id\":\"https:\\\/\\\/www.jng-web.com\\\/ref-auto\\\/%f0%9f%8c%bc-la-toussaint-une-fete-de-memoire-de-lumiere-et-desperance\\\/#primaryimage\"},\"thumbnailUrl\":\"https:\\\/\\\/www.jng-web.com\\\/ref-auto\\\/wp-content\\\/uploads\\\/2025\\\/11\\\/beautiful-colorful-halloween-scenery-picjumbo-com-1-scaled.jpeg\",\"datePublished\":\"2025-11-01T11:27:15+00:00\",\"dateModified\":\"2025-11-01T11:27:17+00:00\",\"author\":{\"@id\":\"https:\\\/\\\/www.jng-web.com\\\/ref-auto\\\/#\\\/schema\\\/person\\\/9b9c81cd6753b27cc78a7072ecb82d8e\"},\"breadcrumb\":{\"@id\":\"https:\\\/\\\/www.jng-web.com\\\/ref-auto\\\/%f0%9f%8c%bc-la-toussaint-une-fete-de-memoire-de-lumiere-et-desperance\\\/#breadcrumb\"},\"inLanguage\":\"fr-FR\",\"potentialAction\":[{\"@type\":\"ReadAction\",\"target\":[\"https:\\\/\\\/www.jng-web.com\\\/ref-auto\\\/%f0%9f%8c%bc-la-toussaint-une-fete-de-memoire-de-lumiere-et-desperance\\\/\"]}]},{\"@type\":\"ImageObject\",\"inLanguage\":\"fr-FR\",\"@id\":\"https:\\\/\\\/www.jng-web.com\\\/ref-auto\\\/%f0%9f%8c%bc-la-toussaint-une-fete-de-memoire-de-lumiere-et-desperance\\\/#primaryimage\",\"url\":\"https:\\\/\\\/www.jng-web.com\\\/ref-auto\\\/wp-content\\\/uploads\\\/2025\\\/11\\\/beautiful-colorful-halloween-scenery-picjumbo-com-1-scaled.jpeg\",\"contentUrl\":\"https:\\\/\\\/www.jng-web.com\\\/ref-auto\\\/wp-content\\\/uploads\\\/2025\\\/11\\\/beautiful-colorful-halloween-scenery-picjumbo-com-1-scaled.jpeg\",\"width\":2560,\"height\":1707},{\"@type\":\"BreadcrumbList\",\"@id\":\"https:\\\/\\\/www.jng-web.com\\\/ref-auto\\\/%f0%9f%8c%bc-la-toussaint-une-fete-de-memoire-de-lumiere-et-desperance\\\/#breadcrumb\",\"itemListElement\":[{\"@type\":\"ListItem\",\"position\":1,\"name\":\"Annuaire g\u00e9n\u00e9raliste gratuit\",\"item\":\"https:\\\/\\\/www.jng-web.com\\\/ref-auto\\\/\"},{\"@type\":\"ListItem\",\"position\":2,\"name\":\"Non class\u00e9\",\"item\":\"https:\\\/\\\/www.jng-web.com\\\/ref-auto\\\/category\\\/non-classe\\\/\"},{\"@type\":\"ListItem\",\"position\":3,\"name\":\"\ud83c\udf3c La Toussaint : une f\u00eate de m\u00e9moire, de lumi\u00e8re et d\u2019esp\u00e9rance\"}]},{\"@type\":\"WebSite\",\"@id\":\"https:\\\/\\\/www.jng-web.com\\\/ref-auto\\\/#website\",\"url\":\"https:\\\/\\\/www.jng-web.com\\\/ref-auto\\\/\",\"name\":\"Optannu\",\"description\":\"Guest Blogging : Publier gratuitement vos articles et booster votre r\u00e9f\u00e9rencement !\",\"potentialAction\":[{\"@type\":\"SearchAction\",\"target\":{\"@type\":\"EntryPoint\",\"urlTemplate\":\"https:\\\/\\\/www.jng-web.com\\\/ref-auto\\\/?s={search_term_string}\"},\"query-input\":{\"@type\":\"PropertyValueSpecification\",\"valueRequired\":true,\"valueName\":\"search_term_string\"}}],\"inLanguage\":\"fr-FR\"},{\"@type\":\"Person\",\"@id\":\"https:\\\/\\\/www.jng-web.com\\\/ref-auto\\\/#\\\/schema\\\/person\\\/9b9c81cd6753b27cc78a7072ecb82d8e\",\"name\":\"Jerome\",\"image\":{\"@type\":\"ImageObject\",\"inLanguage\":\"fr-FR\",\"@id\":\"https:\\\/\\\/secure.gravatar.com\\\/avatar\\\/67845112d35b1cf1f1f3c11875432a8ccaa7ba6187cf0b3e820c9fbc6cb40fc6?s=96&d=mm&r=g\",\"url\":\"https:\\\/\\\/secure.gravatar.com\\\/avatar\\\/67845112d35b1cf1f1f3c11875432a8ccaa7ba6187cf0b3e820c9fbc6cb40fc6?s=96&d=mm&r=g\",\"contentUrl\":\"https:\\\/\\\/secure.gravatar.com\\\/avatar\\\/67845112d35b1cf1f1f3c11875432a8ccaa7ba6187cf0b3e820c9fbc6cb40fc6?s=96&d=mm&r=g\",\"caption\":\"Jerome\"},\"sameAs\":[\"https:\\\/\\\/www.jng-web.com\\\/ref-auto\"],\"url\":\"https:\\\/\\\/www.jng-web.com\\\/ref-auto\"}]}<\/script>\n<!-- \/ Yoast SEO plugin. -->","yoast_head_json":{"title":"\ud83c\udf3c La Toussaint : une f\u00eate de m\u00e9moire, de lumi\u00e8re et d\u2019esp\u00e9rance - Optannu","robots":{"index":"index","follow":"follow","max-snippet":"max-snippet:-1","max-image-preview":"max-image-preview:large","max-video-preview":"max-video-preview:-1"},"canonical":"https:\/\/www.jng-web.com\/ref-auto\/\ud83c\udf3c-la-toussaint-une-fete-de-memoire-de-lumiere-et-desperance\/","og_locale":"fr_FR","og_type":"article","og_title":"\ud83c\udf3c La Toussaint : une f\u00eate de m\u00e9moire, de lumi\u00e8re et d\u2019esp\u00e9rance - Optannu","og_description":"Chaque 1er novembre, la Toussaint revient dans nos calendriers comme un temps de recueillement, de souvenir, mais aussi","og_url":"https:\/\/www.jng-web.com\/ref-auto\/\ud83c\udf3c-la-toussaint-une-fete-de-memoire-de-lumiere-et-desperance\/","og_site_name":"Optannu","article_published_time":"2025-11-01T11:27:15+00:00","article_modified_time":"2025-11-01T11:27:17+00:00","author":"Jerome","twitter_card":"summary_large_image","twitter_misc":{"\u00c9crit par":"Jerome","Dur\u00e9e de lecture estim\u00e9e":"2 minutes"},"schema":{"@context":"https:\/\/schema.org","@graph":[{"@type":"Article","@id":"https:\/\/www.jng-web.com\/ref-auto\/%f0%9f%8c%bc-la-toussaint-une-fete-de-memoire-de-lumiere-et-desperance\/#article","isPartOf":{"@id":"https:\/\/www.jng-web.com\/ref-auto\/%f0%9f%8c%bc-la-toussaint-une-fete-de-memoire-de-lumiere-et-desperance\/"},"author":{"name":"Jerome","@id":"https:\/\/www.jng-web.com\/ref-auto\/#\/schema\/person\/9b9c81cd6753b27cc78a7072ecb82d8e"},"headline":"\ud83c\udf3c La Toussaint : une f\u00eate de m\u00e9moire, de lumi\u00e8re et d\u2019esp\u00e9rance","datePublished":"2025-11-01T11:27:15+00:00","dateModified":"2025-11-01T11:27:17+00:00","mainEntityOfPage":{"@id":"https:\/\/www.jng-web.com\/ref-auto\/%f0%9f%8c%bc-la-toussaint-une-fete-de-memoire-de-lumiere-et-desperance\/"},"wordCount":465,"commentCount":0,"image":{"@id":"https:\/\/www.jng-web.com\/ref-auto\/%f0%9f%8c%bc-la-toussaint-une-fete-de-memoire-de-lumiere-et-desperance\/#primaryimage"},"thumbnailUrl":"https:\/\/www.jng-web.com\/ref-auto\/wp-content\/uploads\/2025\/11\/beautiful-colorful-halloween-scenery-picjumbo-com-1-scaled.jpeg","keywords":["halloween","toussaint"],"articleSection":["Actualit\u00e9s"],"inLanguage":"fr-FR","potentialAction":[{"@type":"CommentAction","name":"Comment","target":["https:\/\/www.jng-web.com\/ref-auto\/%f0%9f%8c%bc-la-toussaint-une-fete-de-memoire-de-lumiere-et-desperance\/#respond"]}]},{"@type":"WebPage","@id":"https:\/\/www.jng-web.com\/ref-auto\/%f0%9f%8c%bc-la-toussaint-une-fete-de-memoire-de-lumiere-et-desperance\/","url":"https:\/\/www.jng-web.com\/ref-auto\/%f0%9f%8c%bc-la-toussaint-une-fete-de-memoire-de-lumiere-et-desperance\/","name":"\ud83c\udf3c La Toussaint : une f\u00eate de m\u00e9moire, de lumi\u00e8re et d\u2019esp\u00e9rance - Optannu","isPartOf":{"@id":"https:\/\/www.jng-web.com\/ref-auto\/#website"},"primaryImageOfPage":{"@id":"https:\/\/www.jng-web.com\/ref-auto\/%f0%9f%8c%bc-la-toussaint-une-fete-de-memoire-de-lumiere-et-desperance\/#primaryimage"},"image":{"@id":"https:\/\/www.jng-web.com\/ref-auto\/%f0%9f%8c%bc-la-toussaint-une-fete-de-memoire-de-lumiere-et-desperance\/#primaryimage"},"thumbnailUrl":"https:\/\/www.jng-web.com\/ref-auto\/wp-content\/uploads\/2025\/11\/beautiful-colorful-halloween-scenery-picjumbo-com-1-scaled.jpeg","datePublished":"2025-11-01T11:27:15+00:00","dateModified":"2025-11-01T11:27:17+00:00","author":{"@id":"https:\/\/www.jng-web.com\/ref-auto\/#\/schema\/person\/9b9c81cd6753b27cc78a7072ecb82d8e"},"breadcrumb":{"@id":"https:\/\/www.jng-web.com\/ref-auto\/%f0%9f%8c%bc-la-toussaint-une-fete-de-memoire-de-lumiere-et-desperance\/#breadcrumb"},"inLanguage":"fr-FR","potentialAction":[{"@type":"ReadAction","target":["https:\/\/www.jng-web.com\/ref-auto\/%f0%9f%8c%bc-la-toussaint-une-fete-de-memoire-de-lumiere-et-desperance\/"]}]},{"@type":"ImageObject","inLanguage":"fr-FR","@id":"https:\/\/www.jng-web.com\/ref-auto\/%f0%9f%8c%bc-la-toussaint-une-fete-de-memoire-de-lumiere-et-desperance\/#primaryimage","url":"https:\/\/www.jng-web.com\/ref-auto\/wp-content\/uploads\/2025\/11\/beautiful-colorful-halloween-scenery-picjumbo-com-1-scaled.jpeg","contentUrl":"https:\/\/www.jng-web.com\/ref-auto\/wp-content\/uploads\/2025\/11\/beautiful-colorful-halloween-scenery-picjumbo-com-1-scaled.jpeg","width":2560,"height":1707},{"@type":"BreadcrumbList","@id":"https:\/\/www.jng-web.com\/ref-auto\/%f0%9f%8c%bc-la-toussaint-une-fete-de-memoire-de-lumiere-et-desperance\/#breadcrumb","itemListElement":[{"@type":"ListItem","position":1,"name":"Annuaire g\u00e9n\u00e9raliste gratuit","item":"https:\/\/www.jng-web.com\/ref-auto\/"},{"@type":"ListItem","position":2,"name":"Non class\u00e9","item":"https:\/\/www.jng-web.com\/ref-auto\/category\/non-classe\/"},{"@type":"ListItem","position":3,"name":"\ud83c\udf3c La Toussaint : une f\u00eate de m\u00e9moire, de lumi\u00e8re et d\u2019esp\u00e9rance"}]},{"@type":"WebSite","@id":"https:\/\/www.jng-web.com\/ref-auto\/#website","url":"https:\/\/www.jng-web.com\/ref-auto\/","name":"Optannu","description":"Guest Blogging : Publier gratuitement vos articles et booster votre r\u00e9f\u00e9rencement !","potentialAction":[{"@type":"SearchAction","target":{"@type":"EntryPoint","urlTemplate":"https:\/\/www.jng-web.com\/ref-auto\/?s={search_term_string}"},"query-input":{"@type":"PropertyValueSpecification","valueRequired":true,"valueName":"search_term_string"}}],"inLanguage":"fr-FR"},{"@type":"Person","@id":"https:\/\/www.jng-web.com\/ref-auto\/#\/schema\/person\/9b9c81cd6753b27cc78a7072ecb82d8e","name":"Jerome","image":{"@type":"ImageObject","inLanguage":"fr-FR","@id":"https:\/\/secure.gravatar.com\/avatar\/67845112d35b1cf1f1f3c11875432a8ccaa7ba6187cf0b3e820c9fbc6cb40fc6?s=96&d=mm&r=g","url":"https:\/\/secure.gravatar.com\/avatar\/67845112d35b1cf1f1f3c11875432a8ccaa7ba6187cf0b3e820c9fbc6cb40fc6?s=96&d=mm&r=g","contentUrl":"https:\/\/secure.gravatar.com\/avatar\/67845112d35b1cf1f1f3c11875432a8ccaa7ba6187cf0b3e820c9fbc6cb40fc6?s=96&d=mm&r=g","caption":"Jerome"},"sameAs":["https:\/\/www.jng-web.com\/ref-auto"],"url":"https:\/\/www.jng-web.com\/ref-auto"}]}},"views":418,"_links":{"self":[{"href":"https:\/\/www.jng-web.com\/ref-auto\/wp-json\/wp\/v2\/posts\/370243","targetHints":{"allow":["GET"]}}],"collection":[{"href":"https:\/\/www.jng-web.com\/ref-auto\/wp-json\/wp\/v2\/posts"}],"about":[{"href":"https:\/\/www.jng-web.com\/ref-auto\/wp-json\/wp\/v2\/types\/post"}],"author":[{"embeddable":true,"href":"https:\/\/www.jng-web.com\/ref-auto\/wp-json\/wp\/v2\/users\/1"}],"replies":[{"embeddable":true,"href":"https:\/\/www.jng-web.com\/ref-auto\/wp-json\/wp\/v2\/comments?post=370243"}],"version-history":[{"count":1,"href":"https:\/\/www.jng-web.com\/ref-auto\/wp-json\/wp\/v2\/posts\/370243\/revisions"}],"predecessor-version":[{"id":370272,"href":"https:\/\/www.jng-web.com\/ref-auto\/wp-json\/wp\/v2\/posts\/370243\/revisions\/370272"}],"wp:featuredmedia":[{"embeddable":true,"href":"https:\/\/www.jng-web.com\/ref-auto\/wp-json\/wp\/v2\/media\/370252"}],"wp:attachment":[{"href":"https:\/\/www.jng-web.com\/ref-auto\/wp-json\/wp\/v2\/media?parent=370243"}],"wp:term":[{"taxonomy":"category","embeddable":true,"href":"https:\/\/www.jng-web.com\/ref-auto\/wp-json\/wp\/v2\/categories?post=370243"},{"taxonomy":"post_tag","embeddable":true,"href":"https:\/\/www.jng-web.com\/ref-auto\/wp-json\/wp\/v2\/tags?post=370243"}],"curies":[{"name":"wp","href":"https:\/\/api.w.org\/{rel}","templated":true}]}}