{"id":37223,"date":"2023-12-21T17:00:05","date_gmt":"2023-12-21T16:00:05","guid":{"rendered":"https:\/\/www.jng-web.com\/ref-auto\/?p=37223"},"modified":"2023-12-21T17:00:05","modified_gmt":"2023-12-21T16:00:05","slug":"pourquoi-le-1er-mai-est-le-jour-de-la-fete-du-travail","status":"publish","type":"post","link":"https:\/\/www.jng-web.com\/ref-auto\/pourquoi-le-1er-mai-est-le-jour-de-la-fete-du-travail\/","title":{"rendered":"Pourquoi le 1er mai est le jour de la f\u00eate du travail ?"},"content":{"rendered":"<div id=\"6729917897\" class=\"advads-pub advads-entity-placement\"><script async src=\"https:\/\/pagead2.googlesyndication.com\/pagead\/js\/adsbygoogle.js?client=ca-pub-4944504088214075\"\r\n     crossorigin=\"anonymous\"><\/script><\/div><h1 id=\"wpaicg-histoire-de-la-fete-du-travail-et-pourquoi-elle-est-celebree-le-1er-mai\">Histoire de la F\u00eate du Travail et pourquoi elle est c\u00e9l\u00e9br\u00e9e le 1er mai<\/h1>\n<p>La F\u00eate du Travail est c\u00e9l\u00e9br\u00e9e chaque ann\u00e9e le 1er mai. Elle est \u00e9galement connue sous le nom de Journ\u00e9e internationale des travailleurs et des travailleuses. La F\u00eate du Travail est une journ\u00e9e de c\u00e9l\u00e9bration et de reconnaissance des droits des travailleurs et des travailleuses.<\/p>\n<p>La F\u00eate du Travail a \u00e9t\u00e9 cr\u00e9\u00e9e en 1889 par l&#8217;Organisation internationale du Travail (OIT). L&#8217;OIT a \u00e9t\u00e9 fond\u00e9e \u00e0 la suite de la r\u00e9volution industrielle, qui a entra\u00een\u00e9 une augmentation des conditions de travail difficiles et des salaires bas. Les membres de l&#8217;OIT ont d\u00e9cid\u00e9 de c\u00e9l\u00e9brer la F\u00eate du Travail le 1er mai pour reconna\u00eetre les droits des travailleurs et des travailleuses et pour promouvoir leurs int\u00e9r\u00eats.<\/p>\n<p>Au fil des ans, la F\u00eate du Travail est devenue une journ\u00e9e de c\u00e9l\u00e9bration et de reconnaissance des droits des travailleurs et des travailleuses. Dans de nombreux pays, des d\u00e9fil\u00e9s et des manifestations sont organis\u00e9s pour c\u00e9l\u00e9brer la journ\u00e9e. Les travailleurs et les travailleuses sont encourag\u00e9s \u00e0 se rassembler pour d\u00e9fendre leurs droits et leurs int\u00e9r\u00eats.<\/p>\n<p>La F\u00eate du Travail est une journ\u00e9e importante pour les travailleurs et les travailleuses du monde entier. Elle est une occasion de c\u00e9l\u00e9brer leurs droits et leurs libert\u00e9s et de rappeler aux gouvernements leur obligation de prot\u00e9ger les droits des travailleurs et des travailleuses.<\/p>\n<h1 id=\"wpaicg-les-origines-de-la-lutte-des-classes-et-le-role-de-la-fete-du-travail\">Les origines de la lutte des classes et le r\u00f4le de la F\u00eate du Travail<\/h1>\n<p>La lutte des classes est un concept qui remonte \u00e0 l&#8217;Antiquit\u00e9 et qui a \u00e9t\u00e9 d\u00e9velopp\u00e9 par des philosophes tels que Karl Marx et Friedrich Engels. Selon ces deux penseurs, la lutte des classes est le r\u00e9sultat de la division de la soci\u00e9t\u00e9 en deux groupes distincts : les propri\u00e9taires des moyens de production et les travailleurs. Les propri\u00e9taires des moyens de production sont ceux qui poss\u00e8dent les usines, les machines et les terres, et qui sont en mesure de contr\u00f4ler le processus de production et de r\u00e9partir les profits. Les travailleurs, quant \u00e0 eux, sont ceux qui fournissent le travail physique et intellectuel n\u00e9cessaire \u00e0 la production et \u00e0 la distribution des biens et des services.<\/p>\n<p>La F\u00eate du Travail est une journ\u00e9e internationale c\u00e9l\u00e9br\u00e9e chaque ann\u00e9e le 1er mai pour honorer le travail et les travailleurs. Elle a \u00e9t\u00e9 cr\u00e9\u00e9e en 1889 par la Conf\u00e9rence G\u00e9n\u00e9rale des Ouvriers \u00e0 Paris, en France, pour c\u00e9l\u00e9brer la lutte des classes et promouvoir la solidarit\u00e9 entre les travailleurs du monde entier. La F\u00eate du Travail est devenue une journ\u00e9e de c\u00e9l\u00e9bration et de revendication pour les travailleurs, qui se rassemblent pour manifester leur solidarit\u00e9 et leur soutien \u00e0 la lutte des classes. Elle est \u00e9galement devenue un symbole de la lutte pour l&#8217;\u00e9galit\u00e9 et la justice sociale.<\/p>\n<h1 id=\"wpaicg-les-droits-des-travailleurs-et-leur-protection-par-la-fete-du-travail\">Les droits des travailleurs et leur protection par la F\u00eate du Travail<\/h1>\n<p>La F\u00eate du Travail est une journ\u00e9e internationale c\u00e9l\u00e9br\u00e9e chaque ann\u00e9e le 1er mai pour honorer les droits des travailleurs et leur protection. Elle a \u00e9t\u00e9 cr\u00e9\u00e9e en 1889 par la Conf\u00e9d\u00e9ration G\u00e9n\u00e9rale du Travail (CGT) pour promouvoir les droits des travailleurs et leur protection.<\/p>\n<p>La F\u00eate du Travail est une journ\u00e9e pour c\u00e9l\u00e9brer les droits des travailleurs et leur protection. Elle est c\u00e9l\u00e9br\u00e9e dans de nombreux pays \u00e0 travers le monde et est consid\u00e9r\u00e9e comme une journ\u00e9e de solidarit\u00e9 internationale. Elle est c\u00e9l\u00e9br\u00e9e pour rappeler aux travailleurs leurs droits et leur protection.<\/p>\n<p>Les droits des travailleurs sont prot\u00e9g\u00e9s par des lois et des conventions internationales. Ces lois et conventions prot\u00e8gent les travailleurs contre les abus et les mauvais traitements, et garantissent leurs droits \u00e0 un salaire \u00e9quitable, \u00e0 des conditions de travail s\u00fbres et \u00e0 des heures de travail raisonnables. Elles prot\u00e8gent \u00e9galement les droits des travailleurs \u00e0 la libert\u00e9 syndicale et \u00e0 la n\u00e9gociation collective.<\/p>\n<p>La F\u00eate du Travail est une journ\u00e9e pour rappeler aux travailleurs leurs droits et leur protection. Elle est c\u00e9l\u00e9br\u00e9e par des manifestations, des rassemblements et des d\u00e9fil\u00e9s. Elle est \u00e9galement c\u00e9l\u00e9br\u00e9e par des discours et des d\u00e9bats sur les droits des travailleurs et leur protection.<\/p>\n<p>La F\u00eate du Travail est une journ\u00e9e pour c\u00e9l\u00e9brer les droits des travailleurs et leur protection. Elle est une journ\u00e9e pour rappeler aux travailleurs leurs droits et leur protection et pour encourager la solidarit\u00e9 internationale entre les travailleurs. Elle est une journ\u00e9e pour promouvoir la justice sociale et l&#8217;\u00e9galit\u00e9 des droits pour tous les travailleurs.<\/p>\n<h1 id=\"wpaicg-les-celebrations-de-la-fete-du-travail-a-travers-le-monde\">Les c\u00e9l\u00e9brations de la F\u00eate du Travail \u00e0 travers le monde<\/h1>\n<p>La F\u00eate du Travail est c\u00e9l\u00e9br\u00e9e chaque ann\u00e9e le 1er mai dans de nombreux pays \u00e0 travers le monde. Cette journ\u00e9e est consacr\u00e9e \u00e0 la reconnaissance des droits des travailleurs et \u00e0 la promotion de la justice sociale.<\/p>\n<p>En Australie, la F\u00eate du Travail est c\u00e9l\u00e9br\u00e9e avec des d\u00e9fil\u00e9s, des concerts et des festivals. Les d\u00e9fil\u00e9s sont organis\u00e9s par des syndicats et des organisations de d\u00e9fense des droits des travailleurs. Les concerts et les festivals sont organis\u00e9s pour c\u00e9l\u00e9brer la journ\u00e9e et pour promouvoir la justice sociale.<\/p>\n<p>Au Canada, la F\u00eate du Travail est c\u00e9l\u00e9br\u00e9e avec des d\u00e9fil\u00e9s, des concerts et des festivals. Les d\u00e9fil\u00e9s sont organis\u00e9s par des syndicats et des organisations de d\u00e9fense des droits des travailleurs. Les concerts et les festivals sont organis\u00e9s pour c\u00e9l\u00e9brer la journ\u00e9e et pour promouvoir la justice sociale.<\/p>\n<p>En Chine, la F\u00eate du Travail est c\u00e9l\u00e9br\u00e9e avec des d\u00e9fil\u00e9s, des concerts et des festivals. Les d\u00e9fil\u00e9s sont organis\u00e9s par des syndicats et des organisations de d\u00e9fense des droits des travailleurs. Les concerts et les festivals sont organis\u00e9s pour c\u00e9l\u00e9brer la journ\u00e9e et pour promouvoir la justice sociale.<\/p>\n<p>En France, la F\u00eate du Travail est c\u00e9l\u00e9br\u00e9e avec des d\u00e9fil\u00e9s, des concerts et des festivals. Les d\u00e9fil\u00e9s sont organis\u00e9s par des syndicats et des organisations de d\u00e9fense des droits des travailleurs. Les concerts et les festivals sont organis\u00e9s pour c\u00e9l\u00e9brer la journ\u00e9e et pour promouvoir la justice sociale.<\/p>\n<p>En Allemagne, la F\u00eate du Travail est c\u00e9l\u00e9br\u00e9e avec des d\u00e9fil\u00e9s, des concerts et des festivals. Les d\u00e9fil\u00e9s sont organis\u00e9s par des syndicats et des organisations de d\u00e9fense des droits des travailleurs. Les concerts et les festivals sont organis\u00e9s pour c\u00e9l\u00e9brer la journ\u00e9e et pour promouvoir la justice sociale.<\/p>\n<p>En Italie, la F\u00eate du Travail est c\u00e9l\u00e9br\u00e9e avec des d\u00e9fil\u00e9s, des concerts et des festivals. Les d\u00e9fil\u00e9s sont organis\u00e9s par des syndicats et des organisations de d\u00e9fense des droits des travailleurs. Les concerts et les festivals sont organis\u00e9s pour c\u00e9l\u00e9brer la journ\u00e9e et pour promouvoir la justice sociale.<\/p>\n<p>Enfin, aux \u00c9tats-Unis, la F\u00eate du Travail est c\u00e9l\u00e9br\u00e9e avec des d\u00e9fil\u00e9s, des concerts et des festivals. Les d\u00e9fil\u00e9s sont organis\u00e9s par des syndicats et des organisations de d\u00e9fense des droits des travailleurs. Les concerts et les festivals sont organis\u00e9s pour c\u00e9l\u00e9brer la journ\u00e9e et pour promouvoir la justice sociale.<\/p>\n<p>En conclusion, la F\u00eate du Travail est c\u00e9l\u00e9br\u00e9e chaque ann\u00e9e le 1er mai dans de nombreux pays \u00e0 travers le monde. Les c\u00e9l\u00e9brations comprennent des d\u00e9fil\u00e9s, des concerts et des festivals organis\u00e9s par des syndicats et des organisations de d\u00e9fense des droits des travailleurs. Ces c\u00e9l\u00e9brations sont destin\u00e9es \u00e0 reconna\u00eetre les droits des travailleurs et \u00e0 promouvoir la justice sociale.<\/p>\n<h1 id=\"wpaicg-comment-la-fete-du-travail-peut-elle-etre-celebree-aujourdhui\">Comment la F\u00eate du Travail peut-elle \u00eatre c\u00e9l\u00e9br\u00e9e aujourd&#8217;hui ?<\/h1>\n<p>La F\u00eate du Travail peut \u00eatre c\u00e9l\u00e9br\u00e9e aujourd&#8217;hui de diff\u00e9rentes mani\u00e8res. Les organisations syndicales et les entreprises peuvent organiser des \u00e9v\u00e9nements pour c\u00e9l\u00e9brer le travail et les travailleurs. Ces \u00e9v\u00e9nements peuvent inclure des d\u00e9fil\u00e9s, des discours, des concerts, des barbecues et des activit\u00e9s pour les enfants. Les entreprises peuvent \u00e9galement offrir des rabais et des promotions sp\u00e9ciales pour les employ\u00e9s et les clients. Les travailleurs peuvent \u00e9galement c\u00e9l\u00e9brer la F\u00eate du Travail en prenant une journ\u00e9e de cong\u00e9 pour se reposer et profiter de leur temps libre. Les travailleurs peuvent \u00e9galement se r\u00e9unir pour discuter des questions li\u00e9es au travail et \u00e0 la s\u00e9curit\u00e9 et pour partager leurs exp\u00e9riences. La F\u00eate du Travail est une occasion de c\u00e9l\u00e9brer le travail et de reconna\u00eetre le r\u00f4le important que les travailleurs jouent dans la soci\u00e9t\u00e9.<\/p>\n","protected":false},"excerpt":{"rendered":"<p>Histoire de la F\u00eate du Travail et pourquoi elle est c\u00e9l\u00e9br\u00e9e le 1er mai La F\u00eate du Travail<\/p>\n","protected":false},"author":1,"featured_media":37235,"comment_status":"open","ping_status":"open","sticky":false,"template":"","format":"standard","meta":{"rop_custom_images_group":[],"rop_custom_messages_group":[],"rop_publish_now":"initial","rop_publish_now_accounts":{"facebook_2944925605560295_361066357320011":"","twitter_792688215148855296_792688215148855296":""},"rop_publish_now_history":[],"rop_publish_now_status":"pending","footnotes":""},"categories":[2],"tags":[],"class_list":["post-37223","post","type-post","status-publish","format-standard","has-post-thumbnail","hentry","category-actualites"],"yoast_head":"<!-- This site is optimized with the Yoast SEO plugin v27.4 - https:\/\/yoast.com\/product\/yoast-seo-wordpress\/ -->\n<title>Pourquoi le 1er mai est le jour de la f\u00eate du travail ? - Optannu<\/title>\n<meta name=\"robots\" content=\"index, follow, max-snippet:-1, max-image-preview:large, max-video-preview:-1\" \/>\n<link rel=\"canonical\" href=\"https:\/\/www.jng-web.com\/ref-auto\/pourquoi-le-1er-mai-est-le-jour-de-la-fete-du-travail\/\" \/>\n<meta property=\"og:locale\" content=\"fr_FR\" \/>\n<meta property=\"og:type\" content=\"article\" \/>\n<meta property=\"og:title\" content=\"Pourquoi le 1er mai est le jour de la f\u00eate du travail ? - Optannu\" \/>\n<meta property=\"og:description\" content=\"Histoire de la F\u00eate du Travail et pourquoi elle est c\u00e9l\u00e9br\u00e9e le 1er mai La F\u00eate du Travail\" \/>\n<meta property=\"og:url\" content=\"https:\/\/www.jng-web.com\/ref-auto\/pourquoi-le-1er-mai-est-le-jour-de-la-fete-du-travail\/\" \/>\n<meta property=\"og:site_name\" content=\"Optannu\" \/>\n<meta property=\"article:published_time\" content=\"2023-12-21T16:00:05+00:00\" \/>\n<meta property=\"og:image\" content=\"https:\/\/www.jng-web.com\/ref-auto\/wp-content\/uploads\/2023\/04\/3d82777f1.jpg\" \/>\n\t<meta property=\"og:image:width\" content=\"992\" \/>\n\t<meta property=\"og:image:height\" content=\"744\" \/>\n\t<meta property=\"og:image:type\" content=\"image\/jpeg\" \/>\n<meta name=\"author\" content=\"Jerome\" \/>\n<meta name=\"twitter:card\" content=\"summary_large_image\" \/>\n<meta name=\"twitter:label1\" content=\"\u00c9crit par\" \/>\n\t<meta name=\"twitter:data1\" content=\"Jerome\" \/>\n\t<meta name=\"twitter:label2\" content=\"Dur\u00e9e de lecture estim\u00e9e\" \/>\n\t<meta name=\"twitter:data2\" content=\"7 minutes\" \/>\n<script type=\"application\/ld+json\" class=\"yoast-schema-graph\">{\"@context\":\"https:\\\/\\\/schema.org\",\"@graph\":[{\"@type\":\"Article\",\"@id\":\"https:\\\/\\\/www.jng-web.com\\\/ref-auto\\\/pourquoi-le-1er-mai-est-le-jour-de-la-fete-du-travail\\\/#article\",\"isPartOf\":{\"@id\":\"https:\\\/\\\/www.jng-web.com\\\/ref-auto\\\/pourquoi-le-1er-mai-est-le-jour-de-la-fete-du-travail\\\/\"},\"author\":{\"name\":\"Jerome\",\"@id\":\"https:\\\/\\\/www.jng-web.com\\\/ref-auto\\\/#\\\/schema\\\/person\\\/9b9c81cd6753b27cc78a7072ecb82d8e\"},\"headline\":\"Pourquoi le 1er mai est le jour de la f\u00eate du travail ?\",\"datePublished\":\"2023-12-21T16:00:05+00:00\",\"mainEntityOfPage\":{\"@id\":\"https:\\\/\\\/www.jng-web.com\\\/ref-auto\\\/pourquoi-le-1er-mai-est-le-jour-de-la-fete-du-travail\\\/\"},\"wordCount\":1589,\"commentCount\":0,\"image\":{\"@id\":\"https:\\\/\\\/www.jng-web.com\\\/ref-auto\\\/pourquoi-le-1er-mai-est-le-jour-de-la-fete-du-travail\\\/#primaryimage\"},\"thumbnailUrl\":\"https:\\\/\\\/www.jng-web.com\\\/ref-auto\\\/wp-content\\\/uploads\\\/2023\\\/04\\\/3d82777f1.jpg\",\"articleSection\":[\"Actualit\u00e9s\"],\"inLanguage\":\"fr-FR\",\"potentialAction\":[{\"@type\":\"CommentAction\",\"name\":\"Comment\",\"target\":[\"https:\\\/\\\/www.jng-web.com\\\/ref-auto\\\/pourquoi-le-1er-mai-est-le-jour-de-la-fete-du-travail\\\/#respond\"]}]},{\"@type\":\"WebPage\",\"@id\":\"https:\\\/\\\/www.jng-web.com\\\/ref-auto\\\/pourquoi-le-1er-mai-est-le-jour-de-la-fete-du-travail\\\/\",\"url\":\"https:\\\/\\\/www.jng-web.com\\\/ref-auto\\\/pourquoi-le-1er-mai-est-le-jour-de-la-fete-du-travail\\\/\",\"name\":\"Pourquoi le 1er mai est le jour de la f\u00eate du travail ? - Optannu\",\"isPartOf\":{\"@id\":\"https:\\\/\\\/www.jng-web.com\\\/ref-auto\\\/#website\"},\"primaryImageOfPage\":{\"@id\":\"https:\\\/\\\/www.jng-web.com\\\/ref-auto\\\/pourquoi-le-1er-mai-est-le-jour-de-la-fete-du-travail\\\/#primaryimage\"},\"image\":{\"@id\":\"https:\\\/\\\/www.jng-web.com\\\/ref-auto\\\/pourquoi-le-1er-mai-est-le-jour-de-la-fete-du-travail\\\/#primaryimage\"},\"thumbnailUrl\":\"https:\\\/\\\/www.jng-web.com\\\/ref-auto\\\/wp-content\\\/uploads\\\/2023\\\/04\\\/3d82777f1.jpg\",\"datePublished\":\"2023-12-21T16:00:05+00:00\",\"author\":{\"@id\":\"https:\\\/\\\/www.jng-web.com\\\/ref-auto\\\/#\\\/schema\\\/person\\\/9b9c81cd6753b27cc78a7072ecb82d8e\"},\"breadcrumb\":{\"@id\":\"https:\\\/\\\/www.jng-web.com\\\/ref-auto\\\/pourquoi-le-1er-mai-est-le-jour-de-la-fete-du-travail\\\/#breadcrumb\"},\"inLanguage\":\"fr-FR\",\"potentialAction\":[{\"@type\":\"ReadAction\",\"target\":[\"https:\\\/\\\/www.jng-web.com\\\/ref-auto\\\/pourquoi-le-1er-mai-est-le-jour-de-la-fete-du-travail\\\/\"]}]},{\"@type\":\"ImageObject\",\"inLanguage\":\"fr-FR\",\"@id\":\"https:\\\/\\\/www.jng-web.com\\\/ref-auto\\\/pourquoi-le-1er-mai-est-le-jour-de-la-fete-du-travail\\\/#primaryimage\",\"url\":\"https:\\\/\\\/www.jng-web.com\\\/ref-auto\\\/wp-content\\\/uploads\\\/2023\\\/04\\\/3d82777f1.jpg\",\"contentUrl\":\"https:\\\/\\\/www.jng-web.com\\\/ref-auto\\\/wp-content\\\/uploads\\\/2023\\\/04\\\/3d82777f1.jpg\",\"width\":992,\"height\":744,\"caption\":\"muguet 1er mai\"},{\"@type\":\"BreadcrumbList\",\"@id\":\"https:\\\/\\\/www.jng-web.com\\\/ref-auto\\\/pourquoi-le-1er-mai-est-le-jour-de-la-fete-du-travail\\\/#breadcrumb\",\"itemListElement\":[{\"@type\":\"ListItem\",\"position\":1,\"name\":\"Annuaire g\u00e9n\u00e9raliste gratuit\",\"item\":\"https:\\\/\\\/www.jng-web.com\\\/ref-auto\\\/\"},{\"@type\":\"ListItem\",\"position\":2,\"name\":\"Actualit\u00e9s\",\"item\":\"https:\\\/\\\/www.jng-web.com\\\/ref-auto\\\/category\\\/actualites\\\/\"},{\"@type\":\"ListItem\",\"position\":3,\"name\":\"Pourquoi le 1er mai est le jour de la f\u00eate du travail ?\"}]},{\"@type\":\"WebSite\",\"@id\":\"https:\\\/\\\/www.jng-web.com\\\/ref-auto\\\/#website\",\"url\":\"https:\\\/\\\/www.jng-web.com\\\/ref-auto\\\/\",\"name\":\"Optannu\",\"description\":\"Guest Blogging : Publier gratuitement vos articles et booster votre r\u00e9f\u00e9rencement !\",\"potentialAction\":[{\"@type\":\"SearchAction\",\"target\":{\"@type\":\"EntryPoint\",\"urlTemplate\":\"https:\\\/\\\/www.jng-web.com\\\/ref-auto\\\/?s={search_term_string}\"},\"query-input\":{\"@type\":\"PropertyValueSpecification\",\"valueRequired\":true,\"valueName\":\"search_term_string\"}}],\"inLanguage\":\"fr-FR\"},{\"@type\":\"Person\",\"@id\":\"https:\\\/\\\/www.jng-web.com\\\/ref-auto\\\/#\\\/schema\\\/person\\\/9b9c81cd6753b27cc78a7072ecb82d8e\",\"name\":\"Jerome\",\"image\":{\"@type\":\"ImageObject\",\"inLanguage\":\"fr-FR\",\"@id\":\"https:\\\/\\\/secure.gravatar.com\\\/avatar\\\/67845112d35b1cf1f1f3c11875432a8ccaa7ba6187cf0b3e820c9fbc6cb40fc6?s=96&d=mm&r=g\",\"url\":\"https:\\\/\\\/secure.gravatar.com\\\/avatar\\\/67845112d35b1cf1f1f3c11875432a8ccaa7ba6187cf0b3e820c9fbc6cb40fc6?s=96&d=mm&r=g\",\"contentUrl\":\"https:\\\/\\\/secure.gravatar.com\\\/avatar\\\/67845112d35b1cf1f1f3c11875432a8ccaa7ba6187cf0b3e820c9fbc6cb40fc6?s=96&d=mm&r=g\",\"caption\":\"Jerome\"},\"sameAs\":[\"https:\\\/\\\/www.jng-web.com\\\/ref-auto\"],\"url\":\"https:\\\/\\\/www.jng-web.com\\\/ref-auto\"}]}<\/script>\n<!-- \/ Yoast SEO plugin. -->","yoast_head_json":{"title":"Pourquoi le 1er mai est le jour de la f\u00eate du travail ? - Optannu","robots":{"index":"index","follow":"follow","max-snippet":"max-snippet:-1","max-image-preview":"max-image-preview:large","max-video-preview":"max-video-preview:-1"},"canonical":"https:\/\/www.jng-web.com\/ref-auto\/pourquoi-le-1er-mai-est-le-jour-de-la-fete-du-travail\/","og_locale":"fr_FR","og_type":"article","og_title":"Pourquoi le 1er mai est le jour de la f\u00eate du travail ? - Optannu","og_description":"Histoire de la F\u00eate du Travail et pourquoi elle est c\u00e9l\u00e9br\u00e9e le 1er mai La F\u00eate du Travail","og_url":"https:\/\/www.jng-web.com\/ref-auto\/pourquoi-le-1er-mai-est-le-jour-de-la-fete-du-travail\/","og_site_name":"Optannu","article_published_time":"2023-12-21T16:00:05+00:00","og_image":[{"width":992,"height":744,"url":"https:\/\/www.jng-web.com\/ref-auto\/wp-content\/uploads\/2023\/04\/3d82777f1.jpg","type":"image\/jpeg"}],"author":"Jerome","twitter_card":"summary_large_image","twitter_misc":{"\u00c9crit par":"Jerome","Dur\u00e9e de lecture estim\u00e9e":"7 minutes"},"schema":{"@context":"https:\/\/schema.org","@graph":[{"@type":"Article","@id":"https:\/\/www.jng-web.com\/ref-auto\/pourquoi-le-1er-mai-est-le-jour-de-la-fete-du-travail\/#article","isPartOf":{"@id":"https:\/\/www.jng-web.com\/ref-auto\/pourquoi-le-1er-mai-est-le-jour-de-la-fete-du-travail\/"},"author":{"name":"Jerome","@id":"https:\/\/www.jng-web.com\/ref-auto\/#\/schema\/person\/9b9c81cd6753b27cc78a7072ecb82d8e"},"headline":"Pourquoi le 1er mai est le jour de la f\u00eate du travail ?","datePublished":"2023-12-21T16:00:05+00:00","mainEntityOfPage":{"@id":"https:\/\/www.jng-web.com\/ref-auto\/pourquoi-le-1er-mai-est-le-jour-de-la-fete-du-travail\/"},"wordCount":1589,"commentCount":0,"image":{"@id":"https:\/\/www.jng-web.com\/ref-auto\/pourquoi-le-1er-mai-est-le-jour-de-la-fete-du-travail\/#primaryimage"},"thumbnailUrl":"https:\/\/www.jng-web.com\/ref-auto\/wp-content\/uploads\/2023\/04\/3d82777f1.jpg","articleSection":["Actualit\u00e9s"],"inLanguage":"fr-FR","potentialAction":[{"@type":"CommentAction","name":"Comment","target":["https:\/\/www.jng-web.com\/ref-auto\/pourquoi-le-1er-mai-est-le-jour-de-la-fete-du-travail\/#respond"]}]},{"@type":"WebPage","@id":"https:\/\/www.jng-web.com\/ref-auto\/pourquoi-le-1er-mai-est-le-jour-de-la-fete-du-travail\/","url":"https:\/\/www.jng-web.com\/ref-auto\/pourquoi-le-1er-mai-est-le-jour-de-la-fete-du-travail\/","name":"Pourquoi le 1er mai est le jour de la f\u00eate du travail ? - Optannu","isPartOf":{"@id":"https:\/\/www.jng-web.com\/ref-auto\/#website"},"primaryImageOfPage":{"@id":"https:\/\/www.jng-web.com\/ref-auto\/pourquoi-le-1er-mai-est-le-jour-de-la-fete-du-travail\/#primaryimage"},"image":{"@id":"https:\/\/www.jng-web.com\/ref-auto\/pourquoi-le-1er-mai-est-le-jour-de-la-fete-du-travail\/#primaryimage"},"thumbnailUrl":"https:\/\/www.jng-web.com\/ref-auto\/wp-content\/uploads\/2023\/04\/3d82777f1.jpg","datePublished":"2023-12-21T16:00:05+00:00","author":{"@id":"https:\/\/www.jng-web.com\/ref-auto\/#\/schema\/person\/9b9c81cd6753b27cc78a7072ecb82d8e"},"breadcrumb":{"@id":"https:\/\/www.jng-web.com\/ref-auto\/pourquoi-le-1er-mai-est-le-jour-de-la-fete-du-travail\/#breadcrumb"},"inLanguage":"fr-FR","potentialAction":[{"@type":"ReadAction","target":["https:\/\/www.jng-web.com\/ref-auto\/pourquoi-le-1er-mai-est-le-jour-de-la-fete-du-travail\/"]}]},{"@type":"ImageObject","inLanguage":"fr-FR","@id":"https:\/\/www.jng-web.com\/ref-auto\/pourquoi-le-1er-mai-est-le-jour-de-la-fete-du-travail\/#primaryimage","url":"https:\/\/www.jng-web.com\/ref-auto\/wp-content\/uploads\/2023\/04\/3d82777f1.jpg","contentUrl":"https:\/\/www.jng-web.com\/ref-auto\/wp-content\/uploads\/2023\/04\/3d82777f1.jpg","width":992,"height":744,"caption":"muguet 1er mai"},{"@type":"BreadcrumbList","@id":"https:\/\/www.jng-web.com\/ref-auto\/pourquoi-le-1er-mai-est-le-jour-de-la-fete-du-travail\/#breadcrumb","itemListElement":[{"@type":"ListItem","position":1,"name":"Annuaire g\u00e9n\u00e9raliste gratuit","item":"https:\/\/www.jng-web.com\/ref-auto\/"},{"@type":"ListItem","position":2,"name":"Actualit\u00e9s","item":"https:\/\/www.jng-web.com\/ref-auto\/category\/actualites\/"},{"@type":"ListItem","position":3,"name":"Pourquoi le 1er mai est le jour de la f\u00eate du travail ?"}]},{"@type":"WebSite","@id":"https:\/\/www.jng-web.com\/ref-auto\/#website","url":"https:\/\/www.jng-web.com\/ref-auto\/","name":"Optannu","description":"Guest Blogging : Publier gratuitement vos articles et booster votre r\u00e9f\u00e9rencement !","potentialAction":[{"@type":"SearchAction","target":{"@type":"EntryPoint","urlTemplate":"https:\/\/www.jng-web.com\/ref-auto\/?s={search_term_string}"},"query-input":{"@type":"PropertyValueSpecification","valueRequired":true,"valueName":"search_term_string"}}],"inLanguage":"fr-FR"},{"@type":"Person","@id":"https:\/\/www.jng-web.com\/ref-auto\/#\/schema\/person\/9b9c81cd6753b27cc78a7072ecb82d8e","name":"Jerome","image":{"@type":"ImageObject","inLanguage":"fr-FR","@id":"https:\/\/secure.gravatar.com\/avatar\/67845112d35b1cf1f1f3c11875432a8ccaa7ba6187cf0b3e820c9fbc6cb40fc6?s=96&d=mm&r=g","url":"https:\/\/secure.gravatar.com\/avatar\/67845112d35b1cf1f1f3c11875432a8ccaa7ba6187cf0b3e820c9fbc6cb40fc6?s=96&d=mm&r=g","contentUrl":"https:\/\/secure.gravatar.com\/avatar\/67845112d35b1cf1f1f3c11875432a8ccaa7ba6187cf0b3e820c9fbc6cb40fc6?s=96&d=mm&r=g","caption":"Jerome"},"sameAs":["https:\/\/www.jng-web.com\/ref-auto"],"url":"https:\/\/www.jng-web.com\/ref-auto"}]}},"views":871,"_links":{"self":[{"href":"https:\/\/www.jng-web.com\/ref-auto\/wp-json\/wp\/v2\/posts\/37223","targetHints":{"allow":["GET"]}}],"collection":[{"href":"https:\/\/www.jng-web.com\/ref-auto\/wp-json\/wp\/v2\/posts"}],"about":[{"href":"https:\/\/www.jng-web.com\/ref-auto\/wp-json\/wp\/v2\/types\/post"}],"author":[{"embeddable":true,"href":"https:\/\/www.jng-web.com\/ref-auto\/wp-json\/wp\/v2\/users\/1"}],"replies":[{"embeddable":true,"href":"https:\/\/www.jng-web.com\/ref-auto\/wp-json\/wp\/v2\/comments?post=37223"}],"version-history":[{"count":2,"href":"https:\/\/www.jng-web.com\/ref-auto\/wp-json\/wp\/v2\/posts\/37223\/revisions"}],"predecessor-version":[{"id":37237,"href":"https:\/\/www.jng-web.com\/ref-auto\/wp-json\/wp\/v2\/posts\/37223\/revisions\/37237"}],"wp:featuredmedia":[{"embeddable":true,"href":"https:\/\/www.jng-web.com\/ref-auto\/wp-json\/wp\/v2\/media\/37235"}],"wp:attachment":[{"href":"https:\/\/www.jng-web.com\/ref-auto\/wp-json\/wp\/v2\/media?parent=37223"}],"wp:term":[{"taxonomy":"category","embeddable":true,"href":"https:\/\/www.jng-web.com\/ref-auto\/wp-json\/wp\/v2\/categories?post=37223"},{"taxonomy":"post_tag","embeddable":true,"href":"https:\/\/www.jng-web.com\/ref-auto\/wp-json\/wp\/v2\/tags?post=37223"}],"curies":[{"name":"wp","href":"https:\/\/api.w.org\/{rel}","templated":true}]}}