{"id":382953,"date":"2025-11-16T10:40:35","date_gmt":"2025-11-16T09:40:35","guid":{"rendered":"https:\/\/www.jng-web.com\/ref-auto\/?p=382953"},"modified":"2025-11-16T10:40:36","modified_gmt":"2025-11-16T09:40:36","slug":"europeana-une-porte-dentree-vers-le-patrimoine-culturel-europeen","status":"publish","type":"post","link":"https:\/\/www.jng-web.com\/ref-auto\/europeana-une-porte-dentree-vers-le-patrimoine-culturel-europeen\/","title":{"rendered":"Europeana : une porte d\u2019entr\u00e9e vers le patrimoine culturel europ\u00e9en"},"content":{"rendered":"<div id=\"6729917897\" class=\"advads-pub advads-entity-placement\"><script async src=\"https:\/\/pagead2.googlesyndication.com\/pagead\/js\/adsbygoogle.js?client=ca-pub-4944504088214075\"\r\n     crossorigin=\"anonymous\"><\/script><\/div>\n<p>Lanc\u00e9e en 2008, <strong>Europeana<\/strong> est une plateforme num\u00e9rique cr\u00e9\u00e9e par l\u2019Union europ\u00e9enne pour rendre accessible au public l\u2019immense richesse du patrimoine culturel europ\u00e9en. Elle r\u00e9unit aujourd\u2019hui des millions de documents provenant de mus\u00e9es, biblioth\u00e8ques, archives et autres institutions culturelles situ\u00e9es dans plusieurs dizaines de pays. Son ambition : offrir un acc\u00e8s libre, gratuit et centralis\u00e9 \u00e0 la m\u00e9moire collective de l\u2019Europe.<\/p>\n\n\n\n<h3 class=\"wp-block-heading\"><strong>Une biblioth\u00e8que num\u00e9rique \u00e0 l\u2019\u00e9chelle du continent<\/strong><\/h3>\n\n\n\n<p>Europeana fonctionne comme un gigantesque catalogue en ligne regroupant des ressources tr\u00e8s vari\u00e9es :<\/p>\n\n\n\n<ul class=\"wp-block-list\">\n<li>\u0153uvres d\u2019art (peintures, sculptures, dessins, objets arch\u00e9ologiques),<\/li>\n\n\n\n<li>livres, manuscrits et journaux num\u00e9ris\u00e9s,<\/li>\n\n\n\n<li>photographies et cartes,<\/li>\n\n\n\n<li>enregistrements sonores,<\/li>\n\n\n\n<li>films et documents audiovisuels.<\/li>\n<\/ul>\n\n\n\n<p>Gr\u00e2ce \u00e0 des partenariats avec plus de 3 500 institutions culturelles europ\u00e9ennes, Europeana met \u00e0 disposition plus de 50 millions d\u2019objets num\u00e9riques. Cette diversit\u00e9 permet \u00e0 chacun \u2014 chercheurs, enseignants, \u00e9tudiants, cr\u00e9ateurs ou simples curieux \u2014 de d\u00e9couvrir des fragments du pass\u00e9 europ\u00e9en, de comparer les cultures et d\u2019\u00e9tablir des ponts entre les disciplines.<\/p>\n\n\n\n<h3 class=\"wp-block-heading\"><strong>Une plateforme au service de l\u2019\u00e9ducation et de la recherche<\/strong><\/h3>\n\n\n\n<p>Europeana ne se contente pas d\u2019\u00eatre une biblioth\u00e8que statique : elle propose des ressources p\u00e9dagogiques, des expositions virtuelles, et des parcours th\u00e9matiques. Ces contenus contextualisent les documents, facilitent leur appropriation et encouragent l\u2019exploration. Les enseignants peuvent y puiser des supports pour travailler l\u2019histoire, l\u2019art, la litt\u00e9rature ou encore les sciences humaines.<\/p>\n\n\n\n<p>Pour les chercheurs, Europeana repr\u00e9sente une mine de donn\u00e9es librement exploitables. Une partie des ressources est m\u00eame plac\u00e9e sous licence ouverte, permettant la r\u00e9utilisation dans des projets scientifiques, artistiques ou technologiques.<\/p>\n\n\n\n<h3 class=\"wp-block-heading\"><strong>Innovation num\u00e9rique et ouverture des donn\u00e9es<\/strong><\/h3>\n\n\n\n<p>Europeana joue \u00e9galement un r\u00f4le moteur dans le d\u00e9veloppement de <strong>normes communes<\/strong> pour la num\u00e9risation, la description et la diffusion du patrimoine culturel. Son mod\u00e8le d\u2019agr\u00e9gation de donn\u00e9es inspire de nombreuses initiatives dans le monde.<br>La plateforme s\u2019inscrit dans une logique d\u2019<strong>open data<\/strong>, essentielle pour favoriser la transparence, la cr\u00e9ativit\u00e9 et l\u2019innovation. Des artistes, d\u00e9veloppeurs et m\u00e9diateurs culturels utilisent r\u00e9guli\u00e8rement ses collections pour cr\u00e9er des \u0153uvres ou des applications originales.<\/p>\n\n\n\n<h3 class=\"wp-block-heading\"><strong>Une m\u00e9moire collective en constante \u00e9volution<\/strong><\/h3>\n\n\n\n<p>Dans un contexte o\u00f9 les technologies num\u00e9riques transforment en profondeur la mani\u00e8re dont nous acc\u00e9dons \u00e0 la culture, Europeana appara\u00eet comme un acteur central. Elle permet non seulement de pr\u00e9server le patrimoine europ\u00e9en, mais aussi de le rendre vivant et accessible \u00e0 un public international.<\/p>\n\n\n\n<p>En facilitant la circulation des savoirs, la plateforme contribue \u00e0 renforcer le sentiment d\u2019appartenance \u00e0 une histoire commune, tout en montrant la richesse et la diversit\u00e9 des cultures europ\u00e9ennes. Europeana n\u2019est pas seulement une base de donn\u00e9es : c\u2019est un espace de rencontre entre les citoyens, le pass\u00e9 et les cr\u00e9ations de demain.<\/p>\n","protected":false},"excerpt":{"rendered":"<p>Lanc\u00e9e en 2008, Europeana est une plateforme num\u00e9rique cr\u00e9\u00e9e par l\u2019Union europ\u00e9enne pour rendre accessible au public l\u2019immense<\/p>\n","protected":false},"author":1,"featured_media":382967,"comment_status":"open","ping_status":"open","sticky":false,"template":"","format":"standard","meta":{"rop_custom_images_group":[],"rop_custom_messages_group":[],"rop_publish_now":"initial","rop_publish_now_accounts":{"facebook_2944925605560295_361066357320011":"","twitter_792688215148855296_792688215148855296":""},"rop_publish_now_history":[],"rop_publish_now_status":"pending","footnotes":""},"categories":[2],"tags":[1119],"class_list":["post-382953","post","type-post","status-publish","format-standard","has-post-thumbnail","hentry","category-actualites","tag-patrimoine"],"yoast_head":"<!-- This site is optimized with the Yoast SEO plugin v27.4 - https:\/\/yoast.com\/product\/yoast-seo-wordpress\/ -->\n<title>Europeana : une porte d\u2019entr\u00e9e vers le patrimoine culturel europ\u00e9en - Optannu<\/title>\n<meta name=\"robots\" content=\"index, follow, max-snippet:-1, max-image-preview:large, max-video-preview:-1\" \/>\n<link rel=\"canonical\" href=\"https:\/\/www.jng-web.com\/ref-auto\/europeana-une-porte-dentree-vers-le-patrimoine-culturel-europeen\/\" \/>\n<meta property=\"og:locale\" content=\"fr_FR\" \/>\n<meta property=\"og:type\" content=\"article\" \/>\n<meta property=\"og:title\" content=\"Europeana : une porte d\u2019entr\u00e9e vers le patrimoine culturel europ\u00e9en - Optannu\" \/>\n<meta property=\"og:description\" content=\"Lanc\u00e9e en 2008, Europeana est une plateforme num\u00e9rique cr\u00e9\u00e9e par l\u2019Union europ\u00e9enne pour rendre accessible au public l\u2019immense\" \/>\n<meta property=\"og:url\" content=\"https:\/\/www.jng-web.com\/ref-auto\/europeana-une-porte-dentree-vers-le-patrimoine-culturel-europeen\/\" \/>\n<meta property=\"og:site_name\" content=\"Optannu\" \/>\n<meta property=\"article:published_time\" content=\"2025-11-16T09:40:35+00:00\" \/>\n<meta property=\"article:modified_time\" content=\"2025-11-16T09:40:36+00:00\" \/>\n<meta property=\"og:image\" content=\"https:\/\/www.jng-web.com\/ref-auto\/wp-content\/uploads\/2025\/11\/europeana.png\" \/>\n\t<meta property=\"og:image:width\" content=\"1900\" \/>\n\t<meta property=\"og:image:height\" content=\"901\" \/>\n\t<meta property=\"og:image:type\" content=\"image\/png\" \/>\n<meta name=\"author\" content=\"Jerome\" \/>\n<meta name=\"twitter:card\" content=\"summary_large_image\" \/>\n<meta name=\"twitter:label1\" content=\"\u00c9crit par\" \/>\n\t<meta name=\"twitter:data1\" content=\"Jerome\" \/>\n\t<meta name=\"twitter:label2\" content=\"Dur\u00e9e de lecture estim\u00e9e\" \/>\n\t<meta name=\"twitter:data2\" content=\"3 minutes\" \/>\n<script type=\"application\/ld+json\" class=\"yoast-schema-graph\">{\"@context\":\"https:\\\/\\\/schema.org\",\"@graph\":[{\"@type\":\"Article\",\"@id\":\"https:\\\/\\\/www.jng-web.com\\\/ref-auto\\\/europeana-une-porte-dentree-vers-le-patrimoine-culturel-europeen\\\/#article\",\"isPartOf\":{\"@id\":\"https:\\\/\\\/www.jng-web.com\\\/ref-auto\\\/europeana-une-porte-dentree-vers-le-patrimoine-culturel-europeen\\\/\"},\"author\":{\"name\":\"Jerome\",\"@id\":\"https:\\\/\\\/www.jng-web.com\\\/ref-auto\\\/#\\\/schema\\\/person\\\/9b9c81cd6753b27cc78a7072ecb82d8e\"},\"headline\":\"Europeana : une porte d\u2019entr\u00e9e vers le patrimoine culturel europ\u00e9en\",\"datePublished\":\"2025-11-16T09:40:35+00:00\",\"dateModified\":\"2025-11-16T09:40:36+00:00\",\"mainEntityOfPage\":{\"@id\":\"https:\\\/\\\/www.jng-web.com\\\/ref-auto\\\/europeana-une-porte-dentree-vers-le-patrimoine-culturel-europeen\\\/\"},\"wordCount\":499,\"commentCount\":0,\"image\":{\"@id\":\"https:\\\/\\\/www.jng-web.com\\\/ref-auto\\\/europeana-une-porte-dentree-vers-le-patrimoine-culturel-europeen\\\/#primaryimage\"},\"thumbnailUrl\":\"https:\\\/\\\/www.jng-web.com\\\/ref-auto\\\/wp-content\\\/uploads\\\/2025\\\/11\\\/europeana.png\",\"keywords\":[\"patrimoine\"],\"articleSection\":[\"Actualit\u00e9s\"],\"inLanguage\":\"fr-FR\",\"potentialAction\":[{\"@type\":\"CommentAction\",\"name\":\"Comment\",\"target\":[\"https:\\\/\\\/www.jng-web.com\\\/ref-auto\\\/europeana-une-porte-dentree-vers-le-patrimoine-culturel-europeen\\\/#respond\"]}]},{\"@type\":\"WebPage\",\"@id\":\"https:\\\/\\\/www.jng-web.com\\\/ref-auto\\\/europeana-une-porte-dentree-vers-le-patrimoine-culturel-europeen\\\/\",\"url\":\"https:\\\/\\\/www.jng-web.com\\\/ref-auto\\\/europeana-une-porte-dentree-vers-le-patrimoine-culturel-europeen\\\/\",\"name\":\"Europeana : une porte d\u2019entr\u00e9e vers le patrimoine culturel europ\u00e9en - Optannu\",\"isPartOf\":{\"@id\":\"https:\\\/\\\/www.jng-web.com\\\/ref-auto\\\/#website\"},\"primaryImageOfPage\":{\"@id\":\"https:\\\/\\\/www.jng-web.com\\\/ref-auto\\\/europeana-une-porte-dentree-vers-le-patrimoine-culturel-europeen\\\/#primaryimage\"},\"image\":{\"@id\":\"https:\\\/\\\/www.jng-web.com\\\/ref-auto\\\/europeana-une-porte-dentree-vers-le-patrimoine-culturel-europeen\\\/#primaryimage\"},\"thumbnailUrl\":\"https:\\\/\\\/www.jng-web.com\\\/ref-auto\\\/wp-content\\\/uploads\\\/2025\\\/11\\\/europeana.png\",\"datePublished\":\"2025-11-16T09:40:35+00:00\",\"dateModified\":\"2025-11-16T09:40:36+00:00\",\"author\":{\"@id\":\"https:\\\/\\\/www.jng-web.com\\\/ref-auto\\\/#\\\/schema\\\/person\\\/9b9c81cd6753b27cc78a7072ecb82d8e\"},\"breadcrumb\":{\"@id\":\"https:\\\/\\\/www.jng-web.com\\\/ref-auto\\\/europeana-une-porte-dentree-vers-le-patrimoine-culturel-europeen\\\/#breadcrumb\"},\"inLanguage\":\"fr-FR\",\"potentialAction\":[{\"@type\":\"ReadAction\",\"target\":[\"https:\\\/\\\/www.jng-web.com\\\/ref-auto\\\/europeana-une-porte-dentree-vers-le-patrimoine-culturel-europeen\\\/\"]}]},{\"@type\":\"ImageObject\",\"inLanguage\":\"fr-FR\",\"@id\":\"https:\\\/\\\/www.jng-web.com\\\/ref-auto\\\/europeana-une-porte-dentree-vers-le-patrimoine-culturel-europeen\\\/#primaryimage\",\"url\":\"https:\\\/\\\/www.jng-web.com\\\/ref-auto\\\/wp-content\\\/uploads\\\/2025\\\/11\\\/europeana.png\",\"contentUrl\":\"https:\\\/\\\/www.jng-web.com\\\/ref-auto\\\/wp-content\\\/uploads\\\/2025\\\/11\\\/europeana.png\",\"width\":1900,\"height\":901,\"caption\":\"europeana\"},{\"@type\":\"BreadcrumbList\",\"@id\":\"https:\\\/\\\/www.jng-web.com\\\/ref-auto\\\/europeana-une-porte-dentree-vers-le-patrimoine-culturel-europeen\\\/#breadcrumb\",\"itemListElement\":[{\"@type\":\"ListItem\",\"position\":1,\"name\":\"Annuaire g\u00e9n\u00e9raliste gratuit\",\"item\":\"https:\\\/\\\/www.jng-web.com\\\/ref-auto\\\/\"},{\"@type\":\"ListItem\",\"position\":2,\"name\":\"Actualit\u00e9s\",\"item\":\"https:\\\/\\\/www.jng-web.com\\\/ref-auto\\\/category\\\/actualites\\\/\"},{\"@type\":\"ListItem\",\"position\":3,\"name\":\"Europeana : une porte d\u2019entr\u00e9e vers le patrimoine culturel europ\u00e9en\"}]},{\"@type\":\"WebSite\",\"@id\":\"https:\\\/\\\/www.jng-web.com\\\/ref-auto\\\/#website\",\"url\":\"https:\\\/\\\/www.jng-web.com\\\/ref-auto\\\/\",\"name\":\"Optannu\",\"description\":\"Guest Blogging : Publier gratuitement vos articles et booster votre r\u00e9f\u00e9rencement !\",\"potentialAction\":[{\"@type\":\"SearchAction\",\"target\":{\"@type\":\"EntryPoint\",\"urlTemplate\":\"https:\\\/\\\/www.jng-web.com\\\/ref-auto\\\/?s={search_term_string}\"},\"query-input\":{\"@type\":\"PropertyValueSpecification\",\"valueRequired\":true,\"valueName\":\"search_term_string\"}}],\"inLanguage\":\"fr-FR\"},{\"@type\":\"Person\",\"@id\":\"https:\\\/\\\/www.jng-web.com\\\/ref-auto\\\/#\\\/schema\\\/person\\\/9b9c81cd6753b27cc78a7072ecb82d8e\",\"name\":\"Jerome\",\"image\":{\"@type\":\"ImageObject\",\"inLanguage\":\"fr-FR\",\"@id\":\"https:\\\/\\\/secure.gravatar.com\\\/avatar\\\/67845112d35b1cf1f1f3c11875432a8ccaa7ba6187cf0b3e820c9fbc6cb40fc6?s=96&d=mm&r=g\",\"url\":\"https:\\\/\\\/secure.gravatar.com\\\/avatar\\\/67845112d35b1cf1f1f3c11875432a8ccaa7ba6187cf0b3e820c9fbc6cb40fc6?s=96&d=mm&r=g\",\"contentUrl\":\"https:\\\/\\\/secure.gravatar.com\\\/avatar\\\/67845112d35b1cf1f1f3c11875432a8ccaa7ba6187cf0b3e820c9fbc6cb40fc6?s=96&d=mm&r=g\",\"caption\":\"Jerome\"},\"sameAs\":[\"https:\\\/\\\/www.jng-web.com\\\/ref-auto\"],\"url\":\"https:\\\/\\\/www.jng-web.com\\\/ref-auto\"}]}<\/script>\n<!-- \/ Yoast SEO plugin. -->","yoast_head_json":{"title":"Europeana : une porte d\u2019entr\u00e9e vers le patrimoine culturel europ\u00e9en - Optannu","robots":{"index":"index","follow":"follow","max-snippet":"max-snippet:-1","max-image-preview":"max-image-preview:large","max-video-preview":"max-video-preview:-1"},"canonical":"https:\/\/www.jng-web.com\/ref-auto\/europeana-une-porte-dentree-vers-le-patrimoine-culturel-europeen\/","og_locale":"fr_FR","og_type":"article","og_title":"Europeana : une porte d\u2019entr\u00e9e vers le patrimoine culturel europ\u00e9en - Optannu","og_description":"Lanc\u00e9e en 2008, Europeana est une plateforme num\u00e9rique cr\u00e9\u00e9e par l\u2019Union europ\u00e9enne pour rendre accessible au public l\u2019immense","og_url":"https:\/\/www.jng-web.com\/ref-auto\/europeana-une-porte-dentree-vers-le-patrimoine-culturel-europeen\/","og_site_name":"Optannu","article_published_time":"2025-11-16T09:40:35+00:00","article_modified_time":"2025-11-16T09:40:36+00:00","og_image":[{"width":1900,"height":901,"url":"https:\/\/www.jng-web.com\/ref-auto\/wp-content\/uploads\/2025\/11\/europeana.png","type":"image\/png"}],"author":"Jerome","twitter_card":"summary_large_image","twitter_misc":{"\u00c9crit par":"Jerome","Dur\u00e9e de lecture estim\u00e9e":"3 minutes"},"schema":{"@context":"https:\/\/schema.org","@graph":[{"@type":"Article","@id":"https:\/\/www.jng-web.com\/ref-auto\/europeana-une-porte-dentree-vers-le-patrimoine-culturel-europeen\/#article","isPartOf":{"@id":"https:\/\/www.jng-web.com\/ref-auto\/europeana-une-porte-dentree-vers-le-patrimoine-culturel-europeen\/"},"author":{"name":"Jerome","@id":"https:\/\/www.jng-web.com\/ref-auto\/#\/schema\/person\/9b9c81cd6753b27cc78a7072ecb82d8e"},"headline":"Europeana : une porte d\u2019entr\u00e9e vers le patrimoine culturel europ\u00e9en","datePublished":"2025-11-16T09:40:35+00:00","dateModified":"2025-11-16T09:40:36+00:00","mainEntityOfPage":{"@id":"https:\/\/www.jng-web.com\/ref-auto\/europeana-une-porte-dentree-vers-le-patrimoine-culturel-europeen\/"},"wordCount":499,"commentCount":0,"image":{"@id":"https:\/\/www.jng-web.com\/ref-auto\/europeana-une-porte-dentree-vers-le-patrimoine-culturel-europeen\/#primaryimage"},"thumbnailUrl":"https:\/\/www.jng-web.com\/ref-auto\/wp-content\/uploads\/2025\/11\/europeana.png","keywords":["patrimoine"],"articleSection":["Actualit\u00e9s"],"inLanguage":"fr-FR","potentialAction":[{"@type":"CommentAction","name":"Comment","target":["https:\/\/www.jng-web.com\/ref-auto\/europeana-une-porte-dentree-vers-le-patrimoine-culturel-europeen\/#respond"]}]},{"@type":"WebPage","@id":"https:\/\/www.jng-web.com\/ref-auto\/europeana-une-porte-dentree-vers-le-patrimoine-culturel-europeen\/","url":"https:\/\/www.jng-web.com\/ref-auto\/europeana-une-porte-dentree-vers-le-patrimoine-culturel-europeen\/","name":"Europeana : une porte d\u2019entr\u00e9e vers le patrimoine culturel europ\u00e9en - Optannu","isPartOf":{"@id":"https:\/\/www.jng-web.com\/ref-auto\/#website"},"primaryImageOfPage":{"@id":"https:\/\/www.jng-web.com\/ref-auto\/europeana-une-porte-dentree-vers-le-patrimoine-culturel-europeen\/#primaryimage"},"image":{"@id":"https:\/\/www.jng-web.com\/ref-auto\/europeana-une-porte-dentree-vers-le-patrimoine-culturel-europeen\/#primaryimage"},"thumbnailUrl":"https:\/\/www.jng-web.com\/ref-auto\/wp-content\/uploads\/2025\/11\/europeana.png","datePublished":"2025-11-16T09:40:35+00:00","dateModified":"2025-11-16T09:40:36+00:00","author":{"@id":"https:\/\/www.jng-web.com\/ref-auto\/#\/schema\/person\/9b9c81cd6753b27cc78a7072ecb82d8e"},"breadcrumb":{"@id":"https:\/\/www.jng-web.com\/ref-auto\/europeana-une-porte-dentree-vers-le-patrimoine-culturel-europeen\/#breadcrumb"},"inLanguage":"fr-FR","potentialAction":[{"@type":"ReadAction","target":["https:\/\/www.jng-web.com\/ref-auto\/europeana-une-porte-dentree-vers-le-patrimoine-culturel-europeen\/"]}]},{"@type":"ImageObject","inLanguage":"fr-FR","@id":"https:\/\/www.jng-web.com\/ref-auto\/europeana-une-porte-dentree-vers-le-patrimoine-culturel-europeen\/#primaryimage","url":"https:\/\/www.jng-web.com\/ref-auto\/wp-content\/uploads\/2025\/11\/europeana.png","contentUrl":"https:\/\/www.jng-web.com\/ref-auto\/wp-content\/uploads\/2025\/11\/europeana.png","width":1900,"height":901,"caption":"europeana"},{"@type":"BreadcrumbList","@id":"https:\/\/www.jng-web.com\/ref-auto\/europeana-une-porte-dentree-vers-le-patrimoine-culturel-europeen\/#breadcrumb","itemListElement":[{"@type":"ListItem","position":1,"name":"Annuaire g\u00e9n\u00e9raliste gratuit","item":"https:\/\/www.jng-web.com\/ref-auto\/"},{"@type":"ListItem","position":2,"name":"Actualit\u00e9s","item":"https:\/\/www.jng-web.com\/ref-auto\/category\/actualites\/"},{"@type":"ListItem","position":3,"name":"Europeana : une porte d\u2019entr\u00e9e vers le patrimoine culturel europ\u00e9en"}]},{"@type":"WebSite","@id":"https:\/\/www.jng-web.com\/ref-auto\/#website","url":"https:\/\/www.jng-web.com\/ref-auto\/","name":"Optannu","description":"Guest Blogging : Publier gratuitement vos articles et booster votre r\u00e9f\u00e9rencement !","potentialAction":[{"@type":"SearchAction","target":{"@type":"EntryPoint","urlTemplate":"https:\/\/www.jng-web.com\/ref-auto\/?s={search_term_string}"},"query-input":{"@type":"PropertyValueSpecification","valueRequired":true,"valueName":"search_term_string"}}],"inLanguage":"fr-FR"},{"@type":"Person","@id":"https:\/\/www.jng-web.com\/ref-auto\/#\/schema\/person\/9b9c81cd6753b27cc78a7072ecb82d8e","name":"Jerome","image":{"@type":"ImageObject","inLanguage":"fr-FR","@id":"https:\/\/secure.gravatar.com\/avatar\/67845112d35b1cf1f1f3c11875432a8ccaa7ba6187cf0b3e820c9fbc6cb40fc6?s=96&d=mm&r=g","url":"https:\/\/secure.gravatar.com\/avatar\/67845112d35b1cf1f1f3c11875432a8ccaa7ba6187cf0b3e820c9fbc6cb40fc6?s=96&d=mm&r=g","contentUrl":"https:\/\/secure.gravatar.com\/avatar\/67845112d35b1cf1f1f3c11875432a8ccaa7ba6187cf0b3e820c9fbc6cb40fc6?s=96&d=mm&r=g","caption":"Jerome"},"sameAs":["https:\/\/www.jng-web.com\/ref-auto"],"url":"https:\/\/www.jng-web.com\/ref-auto"}]}},"views":199,"_links":{"self":[{"href":"https:\/\/www.jng-web.com\/ref-auto\/wp-json\/wp\/v2\/posts\/382953","targetHints":{"allow":["GET"]}}],"collection":[{"href":"https:\/\/www.jng-web.com\/ref-auto\/wp-json\/wp\/v2\/posts"}],"about":[{"href":"https:\/\/www.jng-web.com\/ref-auto\/wp-json\/wp\/v2\/types\/post"}],"author":[{"embeddable":true,"href":"https:\/\/www.jng-web.com\/ref-auto\/wp-json\/wp\/v2\/users\/1"}],"replies":[{"embeddable":true,"href":"https:\/\/www.jng-web.com\/ref-auto\/wp-json\/wp\/v2\/comments?post=382953"}],"version-history":[{"count":1,"href":"https:\/\/www.jng-web.com\/ref-auto\/wp-json\/wp\/v2\/posts\/382953\/revisions"}],"predecessor-version":[{"id":382973,"href":"https:\/\/www.jng-web.com\/ref-auto\/wp-json\/wp\/v2\/posts\/382953\/revisions\/382973"}],"wp:featuredmedia":[{"embeddable":true,"href":"https:\/\/www.jng-web.com\/ref-auto\/wp-json\/wp\/v2\/media\/382967"}],"wp:attachment":[{"href":"https:\/\/www.jng-web.com\/ref-auto\/wp-json\/wp\/v2\/media?parent=382953"}],"wp:term":[{"taxonomy":"category","embeddable":true,"href":"https:\/\/www.jng-web.com\/ref-auto\/wp-json\/wp\/v2\/categories?post=382953"},{"taxonomy":"post_tag","embeddable":true,"href":"https:\/\/www.jng-web.com\/ref-auto\/wp-json\/wp\/v2\/tags?post=382953"}],"curies":[{"name":"wp","href":"https:\/\/api.w.org\/{rel}","templated":true}]}}