{"id":383201,"date":"2025-11-16T13:15:06","date_gmt":"2025-11-16T12:15:06","guid":{"rendered":"https:\/\/www.jng-web.com\/ref-auto\/?p=383201"},"modified":"2025-11-16T13:15:08","modified_gmt":"2025-11-16T12:15:08","slug":"le-sentiment-de-superiorite-des-cyclistes-mythe-realite-ou-simple-malentendu","status":"publish","type":"post","link":"https:\/\/www.jng-web.com\/ref-auto\/le-sentiment-de-superiorite-des-cyclistes-mythe-realite-ou-simple-malentendu\/","title":{"rendered":"Le sentiment de sup\u00e9riorit\u00e9 des cyclistes : mythe, r\u00e9alit\u00e9\u2026 ou simple malentendu ?"},"content":{"rendered":"<div id=\"6729917897\" class=\"advads-pub advads-entity-placement\"><script async src=\"https:\/\/pagead2.googlesyndication.com\/pagead\/js\/adsbygoogle.js?client=ca-pub-4944504088214075\"\r\n     crossorigin=\"anonymous\"><\/script><\/div>\n<p>S\u2019ils sont souvent per\u00e7us comme les h\u00e9ros modernes de la mobilit\u00e9 douce, les cyclistes tra\u00eenent aussi derri\u00e8re eux une r\u00e9putation un peu moins flatteuse : celle d\u2019un certain <strong>sentiment de sup\u00e9riorit\u00e9<\/strong> vis-\u00e0-vis des automobilistes, des pi\u00e9tons et parfois m\u00eame d\u2019autres cyclistes. Mais qu\u2019en est-il vraiment ? S\u2019agit-il d\u2019un clich\u00e9, d\u2019une v\u00e9rit\u00e9 sociale ou d\u2019un m\u00e9lange complexe de comportements et de perceptions ?<\/p>\n\n\n\n<p>Dans cet article, on explore les racines de ce ph\u00e9nom\u00e8ne et les raisons pour lesquelles certains ont l\u2019impression que le v\u00e9lo donne des ailes\u2026 et parfois un peu trop.<\/p>\n\n\n\n<hr class=\"wp-block-separator has-alpha-channel-opacity\"\/>\n\n\n\n<h2 class=\"wp-block-heading\"><strong>1. La sup\u00e9riorit\u00e9 morale : le v\u00e9lo, un choix \u201cvertueux\u201d ?<\/strong><\/h2>\n\n\n\n<p>Dans l\u2019imaginaire collectif, choisir le v\u00e9lo, c\u2019est choisir le camp du bien :<\/p>\n\n\n\n<ul class=\"wp-block-list\">\n<li>moins de pollution,<\/li>\n\n\n\n<li>moins de bruit,<\/li>\n\n\n\n<li>moins de congestion,<\/li>\n\n\n\n<li>plus de sant\u00e9.<\/li>\n<\/ul>\n\n\n\n<p>Cette posture environnementale peut, chez certains, se transformer en une forme de <strong>survalorisation personnelle<\/strong> : \u201cJe fais mieux que toi pour la plan\u00e8te\u201d.<br>M\u00eame si la plupart des cyclistes roulent simplement pour aller plus vite, faire des \u00e9conomies ou \u00e9viter les embouteillages, cette dimension symbolique reste tr\u00e8s pr\u00e9sente.<\/p>\n\n\n\n<p>\u27a1\ufe0f <strong>R\u00e9sultat :<\/strong> les automobilistes ou les pi\u00e9tons interpr\u00e8tent parfois un simple comportement pratique comme un positionnement moral.<\/p>\n\n\n\n<hr class=\"wp-block-separator has-alpha-channel-opacity\"\/>\n\n\n\n<h2 class=\"wp-block-heading\"><strong>2. La sup\u00e9riorit\u00e9 technique : ma\u00eetriser la ville autrement<\/strong><\/h2>\n\n\n\n<p>Le v\u00e9lo n\u00e9cessite une autre lecture de l\u2019espace urbain :<\/p>\n\n\n\n<ul class=\"wp-block-list\">\n<li>anticiper les voitures mal gar\u00e9es,<\/li>\n\n\n\n<li>se faufiler entre deux files,<\/li>\n\n\n\n<li>\u00e9viter les ouvertures intempestives de porti\u00e8res,<\/li>\n\n\n\n<li>g\u00e9rer les feux, les angles morts, la m\u00e9t\u00e9o\u2026<\/li>\n<\/ul>\n\n\n\n<p>Cette habilet\u00e9 donne parfois aux cyclistes exp\u00e9riment\u00e9s un sentiment de <strong>contr\u00f4le<\/strong> et de <strong>comp\u00e9tence<\/strong> \u2014 sentiment qui peut \u00eatre mal interpr\u00e9t\u00e9 comme de l\u2019arrogance.<\/p>\n\n\n\n<p>Et soyons honn\u00eates : certains cyclistes aiment bien montrer qu\u2019ils dominent le trafic comme des pilotes de rallye zen et \u00e9coresponsables.<\/p>\n\n\n\n<hr class=\"wp-block-separator has-alpha-channel-opacity\"\/>\n\n\n\n<h2 class=\"wp-block-heading\"><strong>3. La sup\u00e9riorit\u00e9 r\u00e9glementaire : \u201cOn a nos propres r\u00e8gles\u201d<\/strong><\/h2>\n\n\n\n<p>Un point de friction fr\u00e9quent est la gestion des r\u00e8gles de circulation.<br>Les cyclistes ont :<\/p>\n\n\n\n<ul class=\"wp-block-list\">\n<li>des sas v\u00e9lo,<\/li>\n\n\n\n<li>des c\u00e9dez-le-passage cyclistes aux feux rouges,<\/li>\n\n\n\n<li>des voies r\u00e9serv\u00e9es,<\/li>\n\n\n\n<li>des priorit\u00e9s parfois m\u00e9connues des automobilistes.<\/li>\n<\/ul>\n\n\n\n<p>Ce cadre sp\u00e9cifique cr\u00e9e un sentiment de \u201ctribu \u00e0 part\u201d, avec ses codes et ses pratiques.<br>Pour les non-initi\u00e9s, cela ressemble \u00e0 un contournement permanent des r\u00e8gles.<\/p>\n\n\n\n<p>\u27a1\ufe0f <strong>Conclusion secondaire :<\/strong> ce n\u2019est pas vraiment de la sup\u00e9riorit\u00e9, mais plut\u00f4t un <strong>d\u00e9calage de compr\u00e9hension<\/strong>.<\/p>\n\n\n\n<hr class=\"wp-block-separator has-alpha-channel-opacity\"\/>\n\n\n\n<h2 class=\"wp-block-heading\"><strong>4. L\u2019effet minorit\u00e9 : quand une petite communaut\u00e9 para\u00eet plus bruyante<\/strong><\/h2>\n\n\n\n<p>M\u00eame en pleine croissance, les cyclistes restent minoritaires dans la plupart des villes. Une minorit\u00e9 visible, dynamique, bruyante sur les r\u00e9seaux sociaux, souvent engag\u00e9e.<\/p>\n\n\n\n<p>Selon les psychologues, lorsqu\u2019un groupe minoritaire se mobilise fortement, il peut \u00eatre per\u00e7u comme <strong>dominant<\/strong> ou <strong>donneur de le\u00e7ons<\/strong>, m\u00eame si ce n\u2019est pas le cas individuellement.<\/p>\n\n\n\n<p>C\u2019est exactement ce qui se passe avec les cyclistes militants, qui deviennent malgr\u00e9 eux les porte-parole de tous les cyclistes, y compris ceux qui n\u2019ont rien demand\u00e9.<\/p>\n\n\n\n<hr class=\"wp-block-separator has-alpha-channel-opacity\"\/>\n\n\n\n<h2 class=\"wp-block-heading\"><strong>5. Une question de perception plus que d\u2019attitude<\/strong><\/h2>\n\n\n\n<p>Les \u00e9tudes sociologiques r\u00e9centes montrent que les cyclistes ne se sentent pas plus sup\u00e9rieurs que les automobilistes ou les pi\u00e9tons.<br>En revanche, <strong>le conflit d\u2019usage de l\u2019espace<\/strong> amplifie les tensions.<\/p>\n\n\n\n<ul class=\"wp-block-list\">\n<li>Un cycliste doublant un pi\u00e9ton ? Arrogant.<\/li>\n\n\n\n<li>Un pi\u00e9ton traversant devant un v\u00e9lo ? Imprudent.<\/li>\n\n\n\n<li>Une voiture coupant la piste ? Dangereuse.<\/li>\n<\/ul>\n\n\n\n<p>Chacun voit l\u2019autre comme un obstacle, donc comme \u201cen tort\u201d, donc potentiellement \u201csup\u00e9rieur\u201d.<\/p>\n\n\n\n<p>Ce sentiment est donc moins li\u00e9 aux individus qu\u2019\u00e0 la <strong>cohabitation imparfaite<\/strong> dans l\u2019espace public.<\/p>\n\n\n\n<hr class=\"wp-block-separator has-alpha-channel-opacity\"\/>\n\n\n\n<h1 class=\"wp-block-heading\"><strong>Conclusion : la sup\u00e9riorit\u00e9, un miroir d\u00e9formant<\/strong><\/h1>\n\n\n\n<p>Le sentiment de sup\u00e9riorit\u00e9 attribu\u00e9 aux cyclistes n\u2019est ni totalement vrai ni compl\u00e8tement faux.<br>Il vient surtout :<\/p>\n\n\n\n<ul class=\"wp-block-list\">\n<li>d\u2019un m\u00e9lange de symbolique \u00e9cologique,<\/li>\n\n\n\n<li>de diff\u00e9rences de comportements,<\/li>\n\n\n\n<li>d\u2019incompr\u00e9hensions r\u00e9glementaires,<\/li>\n\n\n\n<li>et d\u2019une cohabitation parfois tendue.<\/li>\n<\/ul>\n\n\n\n<p>En r\u00e9alit\u00e9, la plupart des cyclistes veulent juste circuler sereinement, sans fumer les poumons d\u2019un camion ni finir coinc\u00e9s entre deux r\u00e9troviseurs.<\/p>\n\n\n\n<p>Peut-\u00eatre que le v\u00e9ritable progr\u00e8s consisterait \u00e0 remplacer ce sentiment (r\u00e9el ou imagin\u00e9) par une meilleure compr\u00e9hension mutuelle\u2026<br>\u2026 et quelques pistes cyclables de plus, \u00e7a ne ferait pas de mal.<\/p>\n","protected":false},"excerpt":{"rendered":"<p>S\u2019ils sont souvent per\u00e7us comme les h\u00e9ros modernes de la mobilit\u00e9 douce, les cyclistes tra\u00eenent aussi derri\u00e8re eux<\/p>\n","protected":false},"author":1,"featured_media":383206,"comment_status":"open","ping_status":"open","sticky":false,"template":"","format":"standard","meta":{"rop_custom_images_group":[],"rop_custom_messages_group":[],"rop_publish_now":"initial","rop_publish_now_accounts":{"facebook_2944925605560295_361066357320011":"","twitter_792688215148855296_792688215148855296":""},"rop_publish_now_history":[],"rop_publish_now_status":"pending","footnotes":""},"categories":[2],"tags":[],"class_list":["post-383201","post","type-post","status-publish","format-standard","has-post-thumbnail","hentry","category-actualites"],"yoast_head":"<!-- This site is optimized with the Yoast SEO plugin v27.4 - https:\/\/yoast.com\/product\/yoast-seo-wordpress\/ -->\n<title>Le sentiment de sup\u00e9riorit\u00e9 des cyclistes : mythe, r\u00e9alit\u00e9\u2026 ou simple malentendu ? - Optannu<\/title>\n<meta name=\"robots\" content=\"index, follow, max-snippet:-1, max-image-preview:large, max-video-preview:-1\" \/>\n<link rel=\"canonical\" href=\"https:\/\/www.jng-web.com\/ref-auto\/le-sentiment-de-superiorite-des-cyclistes-mythe-realite-ou-simple-malentendu\/\" \/>\n<meta property=\"og:locale\" content=\"fr_FR\" \/>\n<meta property=\"og:type\" content=\"article\" \/>\n<meta property=\"og:title\" content=\"Le sentiment de sup\u00e9riorit\u00e9 des cyclistes : mythe, r\u00e9alit\u00e9\u2026 ou simple malentendu ? - Optannu\" \/>\n<meta property=\"og:description\" content=\"S\u2019ils sont souvent per\u00e7us comme les h\u00e9ros modernes de la mobilit\u00e9 douce, les cyclistes tra\u00eenent aussi derri\u00e8re eux\" \/>\n<meta property=\"og:url\" content=\"https:\/\/www.jng-web.com\/ref-auto\/le-sentiment-de-superiorite-des-cyclistes-mythe-realite-ou-simple-malentendu\/\" \/>\n<meta property=\"og:site_name\" content=\"Optannu\" \/>\n<meta property=\"article:published_time\" content=\"2025-11-16T12:15:06+00:00\" \/>\n<meta property=\"article:modified_time\" content=\"2025-11-16T12:15:08+00:00\" \/>\n<meta property=\"og:image\" content=\"https:\/\/www.jng-web.com\/ref-auto\/wp-content\/uploads\/2025\/11\/young-sporty-woman-during-her-bike-ride-picjumbo-com-scaled.jpg\" \/>\n\t<meta property=\"og:image:width\" content=\"2560\" \/>\n\t<meta property=\"og:image:height\" content=\"1707\" \/>\n\t<meta property=\"og:image:type\" content=\"image\/jpeg\" \/>\n<meta name=\"author\" content=\"Jerome\" \/>\n<meta name=\"twitter:card\" content=\"summary_large_image\" \/>\n<meta name=\"twitter:label1\" content=\"\u00c9crit par\" \/>\n\t<meta name=\"twitter:data1\" content=\"Jerome\" \/>\n\t<meta name=\"twitter:label2\" content=\"Dur\u00e9e de lecture estim\u00e9e\" \/>\n\t<meta name=\"twitter:data2\" content=\"4 minutes\" \/>\n<script type=\"application\/ld+json\" class=\"yoast-schema-graph\">{\"@context\":\"https:\\\/\\\/schema.org\",\"@graph\":[{\"@type\":\"Article\",\"@id\":\"https:\\\/\\\/www.jng-web.com\\\/ref-auto\\\/le-sentiment-de-superiorite-des-cyclistes-mythe-realite-ou-simple-malentendu\\\/#article\",\"isPartOf\":{\"@id\":\"https:\\\/\\\/www.jng-web.com\\\/ref-auto\\\/le-sentiment-de-superiorite-des-cyclistes-mythe-realite-ou-simple-malentendu\\\/\"},\"author\":{\"name\":\"Jerome\",\"@id\":\"https:\\\/\\\/www.jng-web.com\\\/ref-auto\\\/#\\\/schema\\\/person\\\/9b9c81cd6753b27cc78a7072ecb82d8e\"},\"headline\":\"Le sentiment de sup\u00e9riorit\u00e9 des cyclistes : mythe, r\u00e9alit\u00e9\u2026 ou simple malentendu ?\",\"datePublished\":\"2025-11-16T12:15:06+00:00\",\"dateModified\":\"2025-11-16T12:15:08+00:00\",\"mainEntityOfPage\":{\"@id\":\"https:\\\/\\\/www.jng-web.com\\\/ref-auto\\\/le-sentiment-de-superiorite-des-cyclistes-mythe-realite-ou-simple-malentendu\\\/\"},\"wordCount\":739,\"commentCount\":0,\"image\":{\"@id\":\"https:\\\/\\\/www.jng-web.com\\\/ref-auto\\\/le-sentiment-de-superiorite-des-cyclistes-mythe-realite-ou-simple-malentendu\\\/#primaryimage\"},\"thumbnailUrl\":\"https:\\\/\\\/www.jng-web.com\\\/ref-auto\\\/wp-content\\\/uploads\\\/2025\\\/11\\\/young-sporty-woman-during-her-bike-ride-picjumbo-com-scaled.jpg\",\"articleSection\":[\"Actualit\u00e9s\"],\"inLanguage\":\"fr-FR\",\"potentialAction\":[{\"@type\":\"CommentAction\",\"name\":\"Comment\",\"target\":[\"https:\\\/\\\/www.jng-web.com\\\/ref-auto\\\/le-sentiment-de-superiorite-des-cyclistes-mythe-realite-ou-simple-malentendu\\\/#respond\"]}]},{\"@type\":\"WebPage\",\"@id\":\"https:\\\/\\\/www.jng-web.com\\\/ref-auto\\\/le-sentiment-de-superiorite-des-cyclistes-mythe-realite-ou-simple-malentendu\\\/\",\"url\":\"https:\\\/\\\/www.jng-web.com\\\/ref-auto\\\/le-sentiment-de-superiorite-des-cyclistes-mythe-realite-ou-simple-malentendu\\\/\",\"name\":\"Le sentiment de sup\u00e9riorit\u00e9 des cyclistes : mythe, r\u00e9alit\u00e9\u2026 ou simple malentendu ? - Optannu\",\"isPartOf\":{\"@id\":\"https:\\\/\\\/www.jng-web.com\\\/ref-auto\\\/#website\"},\"primaryImageOfPage\":{\"@id\":\"https:\\\/\\\/www.jng-web.com\\\/ref-auto\\\/le-sentiment-de-superiorite-des-cyclistes-mythe-realite-ou-simple-malentendu\\\/#primaryimage\"},\"image\":{\"@id\":\"https:\\\/\\\/www.jng-web.com\\\/ref-auto\\\/le-sentiment-de-superiorite-des-cyclistes-mythe-realite-ou-simple-malentendu\\\/#primaryimage\"},\"thumbnailUrl\":\"https:\\\/\\\/www.jng-web.com\\\/ref-auto\\\/wp-content\\\/uploads\\\/2025\\\/11\\\/young-sporty-woman-during-her-bike-ride-picjumbo-com-scaled.jpg\",\"datePublished\":\"2025-11-16T12:15:06+00:00\",\"dateModified\":\"2025-11-16T12:15:08+00:00\",\"author\":{\"@id\":\"https:\\\/\\\/www.jng-web.com\\\/ref-auto\\\/#\\\/schema\\\/person\\\/9b9c81cd6753b27cc78a7072ecb82d8e\"},\"breadcrumb\":{\"@id\":\"https:\\\/\\\/www.jng-web.com\\\/ref-auto\\\/le-sentiment-de-superiorite-des-cyclistes-mythe-realite-ou-simple-malentendu\\\/#breadcrumb\"},\"inLanguage\":\"fr-FR\",\"potentialAction\":[{\"@type\":\"ReadAction\",\"target\":[\"https:\\\/\\\/www.jng-web.com\\\/ref-auto\\\/le-sentiment-de-superiorite-des-cyclistes-mythe-realite-ou-simple-malentendu\\\/\"]}]},{\"@type\":\"ImageObject\",\"inLanguage\":\"fr-FR\",\"@id\":\"https:\\\/\\\/www.jng-web.com\\\/ref-auto\\\/le-sentiment-de-superiorite-des-cyclistes-mythe-realite-ou-simple-malentendu\\\/#primaryimage\",\"url\":\"https:\\\/\\\/www.jng-web.com\\\/ref-auto\\\/wp-content\\\/uploads\\\/2025\\\/11\\\/young-sporty-woman-during-her-bike-ride-picjumbo-com-scaled.jpg\",\"contentUrl\":\"https:\\\/\\\/www.jng-web.com\\\/ref-auto\\\/wp-content\\\/uploads\\\/2025\\\/11\\\/young-sporty-woman-during-her-bike-ride-picjumbo-com-scaled.jpg\",\"width\":2560,\"height\":1707},{\"@type\":\"BreadcrumbList\",\"@id\":\"https:\\\/\\\/www.jng-web.com\\\/ref-auto\\\/le-sentiment-de-superiorite-des-cyclistes-mythe-realite-ou-simple-malentendu\\\/#breadcrumb\",\"itemListElement\":[{\"@type\":\"ListItem\",\"position\":1,\"name\":\"Annuaire g\u00e9n\u00e9raliste gratuit\",\"item\":\"https:\\\/\\\/www.jng-web.com\\\/ref-auto\\\/\"},{\"@type\":\"ListItem\",\"position\":2,\"name\":\"Actualit\u00e9s\",\"item\":\"https:\\\/\\\/www.jng-web.com\\\/ref-auto\\\/category\\\/actualites\\\/\"},{\"@type\":\"ListItem\",\"position\":3,\"name\":\"Le sentiment de sup\u00e9riorit\u00e9 des cyclistes : mythe, r\u00e9alit\u00e9\u2026 ou simple malentendu ?\"}]},{\"@type\":\"WebSite\",\"@id\":\"https:\\\/\\\/www.jng-web.com\\\/ref-auto\\\/#website\",\"url\":\"https:\\\/\\\/www.jng-web.com\\\/ref-auto\\\/\",\"name\":\"Optannu\",\"description\":\"Guest Blogging : Publier gratuitement vos articles et booster votre r\u00e9f\u00e9rencement !\",\"potentialAction\":[{\"@type\":\"SearchAction\",\"target\":{\"@type\":\"EntryPoint\",\"urlTemplate\":\"https:\\\/\\\/www.jng-web.com\\\/ref-auto\\\/?s={search_term_string}\"},\"query-input\":{\"@type\":\"PropertyValueSpecification\",\"valueRequired\":true,\"valueName\":\"search_term_string\"}}],\"inLanguage\":\"fr-FR\"},{\"@type\":\"Person\",\"@id\":\"https:\\\/\\\/www.jng-web.com\\\/ref-auto\\\/#\\\/schema\\\/person\\\/9b9c81cd6753b27cc78a7072ecb82d8e\",\"name\":\"Jerome\",\"image\":{\"@type\":\"ImageObject\",\"inLanguage\":\"fr-FR\",\"@id\":\"https:\\\/\\\/secure.gravatar.com\\\/avatar\\\/67845112d35b1cf1f1f3c11875432a8ccaa7ba6187cf0b3e820c9fbc6cb40fc6?s=96&d=mm&r=g\",\"url\":\"https:\\\/\\\/secure.gravatar.com\\\/avatar\\\/67845112d35b1cf1f1f3c11875432a8ccaa7ba6187cf0b3e820c9fbc6cb40fc6?s=96&d=mm&r=g\",\"contentUrl\":\"https:\\\/\\\/secure.gravatar.com\\\/avatar\\\/67845112d35b1cf1f1f3c11875432a8ccaa7ba6187cf0b3e820c9fbc6cb40fc6?s=96&d=mm&r=g\",\"caption\":\"Jerome\"},\"sameAs\":[\"https:\\\/\\\/www.jng-web.com\\\/ref-auto\"],\"url\":\"https:\\\/\\\/www.jng-web.com\\\/ref-auto\"}]}<\/script>\n<!-- \/ Yoast SEO plugin. -->","yoast_head_json":{"title":"Le sentiment de sup\u00e9riorit\u00e9 des cyclistes : mythe, r\u00e9alit\u00e9\u2026 ou simple malentendu ? - Optannu","robots":{"index":"index","follow":"follow","max-snippet":"max-snippet:-1","max-image-preview":"max-image-preview:large","max-video-preview":"max-video-preview:-1"},"canonical":"https:\/\/www.jng-web.com\/ref-auto\/le-sentiment-de-superiorite-des-cyclistes-mythe-realite-ou-simple-malentendu\/","og_locale":"fr_FR","og_type":"article","og_title":"Le sentiment de sup\u00e9riorit\u00e9 des cyclistes : mythe, r\u00e9alit\u00e9\u2026 ou simple malentendu ? - Optannu","og_description":"S\u2019ils sont souvent per\u00e7us comme les h\u00e9ros modernes de la mobilit\u00e9 douce, les cyclistes tra\u00eenent aussi derri\u00e8re eux","og_url":"https:\/\/www.jng-web.com\/ref-auto\/le-sentiment-de-superiorite-des-cyclistes-mythe-realite-ou-simple-malentendu\/","og_site_name":"Optannu","article_published_time":"2025-11-16T12:15:06+00:00","article_modified_time":"2025-11-16T12:15:08+00:00","og_image":[{"width":2560,"height":1707,"url":"https:\/\/www.jng-web.com\/ref-auto\/wp-content\/uploads\/2025\/11\/young-sporty-woman-during-her-bike-ride-picjumbo-com-scaled.jpg","type":"image\/jpeg"}],"author":"Jerome","twitter_card":"summary_large_image","twitter_misc":{"\u00c9crit par":"Jerome","Dur\u00e9e de lecture estim\u00e9e":"4 minutes"},"schema":{"@context":"https:\/\/schema.org","@graph":[{"@type":"Article","@id":"https:\/\/www.jng-web.com\/ref-auto\/le-sentiment-de-superiorite-des-cyclistes-mythe-realite-ou-simple-malentendu\/#article","isPartOf":{"@id":"https:\/\/www.jng-web.com\/ref-auto\/le-sentiment-de-superiorite-des-cyclistes-mythe-realite-ou-simple-malentendu\/"},"author":{"name":"Jerome","@id":"https:\/\/www.jng-web.com\/ref-auto\/#\/schema\/person\/9b9c81cd6753b27cc78a7072ecb82d8e"},"headline":"Le sentiment de sup\u00e9riorit\u00e9 des cyclistes : mythe, r\u00e9alit\u00e9\u2026 ou simple malentendu ?","datePublished":"2025-11-16T12:15:06+00:00","dateModified":"2025-11-16T12:15:08+00:00","mainEntityOfPage":{"@id":"https:\/\/www.jng-web.com\/ref-auto\/le-sentiment-de-superiorite-des-cyclistes-mythe-realite-ou-simple-malentendu\/"},"wordCount":739,"commentCount":0,"image":{"@id":"https:\/\/www.jng-web.com\/ref-auto\/le-sentiment-de-superiorite-des-cyclistes-mythe-realite-ou-simple-malentendu\/#primaryimage"},"thumbnailUrl":"https:\/\/www.jng-web.com\/ref-auto\/wp-content\/uploads\/2025\/11\/young-sporty-woman-during-her-bike-ride-picjumbo-com-scaled.jpg","articleSection":["Actualit\u00e9s"],"inLanguage":"fr-FR","potentialAction":[{"@type":"CommentAction","name":"Comment","target":["https:\/\/www.jng-web.com\/ref-auto\/le-sentiment-de-superiorite-des-cyclistes-mythe-realite-ou-simple-malentendu\/#respond"]}]},{"@type":"WebPage","@id":"https:\/\/www.jng-web.com\/ref-auto\/le-sentiment-de-superiorite-des-cyclistes-mythe-realite-ou-simple-malentendu\/","url":"https:\/\/www.jng-web.com\/ref-auto\/le-sentiment-de-superiorite-des-cyclistes-mythe-realite-ou-simple-malentendu\/","name":"Le sentiment de sup\u00e9riorit\u00e9 des cyclistes : mythe, r\u00e9alit\u00e9\u2026 ou simple malentendu ? - Optannu","isPartOf":{"@id":"https:\/\/www.jng-web.com\/ref-auto\/#website"},"primaryImageOfPage":{"@id":"https:\/\/www.jng-web.com\/ref-auto\/le-sentiment-de-superiorite-des-cyclistes-mythe-realite-ou-simple-malentendu\/#primaryimage"},"image":{"@id":"https:\/\/www.jng-web.com\/ref-auto\/le-sentiment-de-superiorite-des-cyclistes-mythe-realite-ou-simple-malentendu\/#primaryimage"},"thumbnailUrl":"https:\/\/www.jng-web.com\/ref-auto\/wp-content\/uploads\/2025\/11\/young-sporty-woman-during-her-bike-ride-picjumbo-com-scaled.jpg","datePublished":"2025-11-16T12:15:06+00:00","dateModified":"2025-11-16T12:15:08+00:00","author":{"@id":"https:\/\/www.jng-web.com\/ref-auto\/#\/schema\/person\/9b9c81cd6753b27cc78a7072ecb82d8e"},"breadcrumb":{"@id":"https:\/\/www.jng-web.com\/ref-auto\/le-sentiment-de-superiorite-des-cyclistes-mythe-realite-ou-simple-malentendu\/#breadcrumb"},"inLanguage":"fr-FR","potentialAction":[{"@type":"ReadAction","target":["https:\/\/www.jng-web.com\/ref-auto\/le-sentiment-de-superiorite-des-cyclistes-mythe-realite-ou-simple-malentendu\/"]}]},{"@type":"ImageObject","inLanguage":"fr-FR","@id":"https:\/\/www.jng-web.com\/ref-auto\/le-sentiment-de-superiorite-des-cyclistes-mythe-realite-ou-simple-malentendu\/#primaryimage","url":"https:\/\/www.jng-web.com\/ref-auto\/wp-content\/uploads\/2025\/11\/young-sporty-woman-during-her-bike-ride-picjumbo-com-scaled.jpg","contentUrl":"https:\/\/www.jng-web.com\/ref-auto\/wp-content\/uploads\/2025\/11\/young-sporty-woman-during-her-bike-ride-picjumbo-com-scaled.jpg","width":2560,"height":1707},{"@type":"BreadcrumbList","@id":"https:\/\/www.jng-web.com\/ref-auto\/le-sentiment-de-superiorite-des-cyclistes-mythe-realite-ou-simple-malentendu\/#breadcrumb","itemListElement":[{"@type":"ListItem","position":1,"name":"Annuaire g\u00e9n\u00e9raliste gratuit","item":"https:\/\/www.jng-web.com\/ref-auto\/"},{"@type":"ListItem","position":2,"name":"Actualit\u00e9s","item":"https:\/\/www.jng-web.com\/ref-auto\/category\/actualites\/"},{"@type":"ListItem","position":3,"name":"Le sentiment de sup\u00e9riorit\u00e9 des cyclistes : mythe, r\u00e9alit\u00e9\u2026 ou simple malentendu ?"}]},{"@type":"WebSite","@id":"https:\/\/www.jng-web.com\/ref-auto\/#website","url":"https:\/\/www.jng-web.com\/ref-auto\/","name":"Optannu","description":"Guest Blogging : Publier gratuitement vos articles et booster votre r\u00e9f\u00e9rencement !","potentialAction":[{"@type":"SearchAction","target":{"@type":"EntryPoint","urlTemplate":"https:\/\/www.jng-web.com\/ref-auto\/?s={search_term_string}"},"query-input":{"@type":"PropertyValueSpecification","valueRequired":true,"valueName":"search_term_string"}}],"inLanguage":"fr-FR"},{"@type":"Person","@id":"https:\/\/www.jng-web.com\/ref-auto\/#\/schema\/person\/9b9c81cd6753b27cc78a7072ecb82d8e","name":"Jerome","image":{"@type":"ImageObject","inLanguage":"fr-FR","@id":"https:\/\/secure.gravatar.com\/avatar\/67845112d35b1cf1f1f3c11875432a8ccaa7ba6187cf0b3e820c9fbc6cb40fc6?s=96&d=mm&r=g","url":"https:\/\/secure.gravatar.com\/avatar\/67845112d35b1cf1f1f3c11875432a8ccaa7ba6187cf0b3e820c9fbc6cb40fc6?s=96&d=mm&r=g","contentUrl":"https:\/\/secure.gravatar.com\/avatar\/67845112d35b1cf1f1f3c11875432a8ccaa7ba6187cf0b3e820c9fbc6cb40fc6?s=96&d=mm&r=g","caption":"Jerome"},"sameAs":["https:\/\/www.jng-web.com\/ref-auto"],"url":"https:\/\/www.jng-web.com\/ref-auto"}]}},"views":308,"_links":{"self":[{"href":"https:\/\/www.jng-web.com\/ref-auto\/wp-json\/wp\/v2\/posts\/383201","targetHints":{"allow":["GET"]}}],"collection":[{"href":"https:\/\/www.jng-web.com\/ref-auto\/wp-json\/wp\/v2\/posts"}],"about":[{"href":"https:\/\/www.jng-web.com\/ref-auto\/wp-json\/wp\/v2\/types\/post"}],"author":[{"embeddable":true,"href":"https:\/\/www.jng-web.com\/ref-auto\/wp-json\/wp\/v2\/users\/1"}],"replies":[{"embeddable":true,"href":"https:\/\/www.jng-web.com\/ref-auto\/wp-json\/wp\/v2\/comments?post=383201"}],"version-history":[{"count":1,"href":"https:\/\/www.jng-web.com\/ref-auto\/wp-json\/wp\/v2\/posts\/383201\/revisions"}],"predecessor-version":[{"id":383218,"href":"https:\/\/www.jng-web.com\/ref-auto\/wp-json\/wp\/v2\/posts\/383201\/revisions\/383218"}],"wp:featuredmedia":[{"embeddable":true,"href":"https:\/\/www.jng-web.com\/ref-auto\/wp-json\/wp\/v2\/media\/383206"}],"wp:attachment":[{"href":"https:\/\/www.jng-web.com\/ref-auto\/wp-json\/wp\/v2\/media?parent=383201"}],"wp:term":[{"taxonomy":"category","embeddable":true,"href":"https:\/\/www.jng-web.com\/ref-auto\/wp-json\/wp\/v2\/categories?post=383201"},{"taxonomy":"post_tag","embeddable":true,"href":"https:\/\/www.jng-web.com\/ref-auto\/wp-json\/wp\/v2\/tags?post=383201"}],"curies":[{"name":"wp","href":"https:\/\/api.w.org\/{rel}","templated":true}]}}