{"id":400321,"date":"2025-12-11T10:07:24","date_gmt":"2025-12-11T09:07:24","guid":{"rendered":"https:\/\/www.jng-web.com\/ref-auto\/?p=400321"},"modified":"2025-12-12T08:45:53","modified_gmt":"2025-12-12T07:45:53","slug":"2025-une-annee-charniere-les-faits-marquants-en-france","status":"publish","type":"post","link":"https:\/\/www.jng-web.com\/ref-auto\/2025-une-annee-charniere-les-faits-marquants-en-france\/","title":{"rendered":"2025 \u2014 Une ann\u00e9e charni\u00e8re : les faits marquants en France"},"content":{"rendered":"<div id=\"6729917897\" class=\"advads-pub advads-entity-placement\"><script async src=\"https:\/\/pagead2.googlesyndication.com\/pagead\/js\/adsbygoogle.js?client=ca-pub-4944504088214075\"\r\n     crossorigin=\"anonymous\"><\/script><\/div>\n<p>L\u2019ann\u00e9e 2025 a \u00e9t\u00e9 riche en \u00e9v\u00e9nements en France \u2014 entre bouleversements politiques et sociaux, grands moments culturels, scandales, et faits divers choquants. Voici les principales actualit\u00e9s qui ont marqu\u00e9 le pays \u2014 un panorama pour revenir sur ce qui a compt\u00e9.<\/p>\n\n\n\n<hr class=\"wp-block-separator has-alpha-channel-opacity\"\/>\n\n\n\n<h2 class=\"wp-block-heading\">\ud83d\udcf0 Politique, soci\u00e9t\u00e9 &amp; enjeux structurels<\/h2>\n\n\n\n<h3 class=\"wp-block-heading\">\u2022 Un virage strat\u00e9gique vers l\u2019IA et l\u2019attractivit\u00e9 \u00e9conomique<\/h3>\n\n\n\n<p>En f\u00e9vrier 2025, la France accueillait un grand sommet international sur l\u2019intelligence artificielle. \u00c0 cette occasion, de nombreux projets d\u2019investissement massifs ont \u00e9t\u00e9 annonc\u00e9s \u2014 des centres de donn\u00e9es, des campus IA, des infrastructures num\u00e9riques \u2014 dans toute la France, dont l\u2019\u00cele-de-France, Cambrai et Marseille. <a href=\"https:\/\/www.francealumni.fr\/en\/news\/report-on-the-choose-france-2025-summit-more-than-50-business-location-projects-and-40-billion-in-investments-9648?utm_source=chatgpt.com\" target=\"_blank\" rel=\"noreferrer noopener\">F<\/a><br>Ces initiatives traduisent une volont\u00e9 affirm\u00e9e de faire de la France un acteur central de l\u2019IA, avec des retomb\u00e9es \u00e9conomiques et industrielles importantes. <\/p>\n\n\n\n<h3 class=\"wp-block-heading\">\u2022 Tensions sociales et contestations : les mobilisations de l\u2019automne<\/h3>\n\n\n\n<p>En octobre 2025, d\u2019importantes gr\u00e8ves et manifestations ont eu lieu dans plus de 200 villes fran\u00e7aises, contre des mesures d\u2019aust\u00e9rit\u00e9 et des r\u00e9formes budg\u00e9taires per\u00e7ues comme injustes. Parmi les symboles de ces mobilisations : la fermeture temporaire de la Tour Eiffel. <br>Ces mouvements traduisent un profond m\u00e9contentement et une fracture croissante entre les d\u00e9cisions gouvernementales et une partie de la population. <\/p>\n\n\n\n<h3 class=\"wp-block-heading\">\u2022 Lutte contre le crime organis\u00e9 : un sursaut citoyen<\/h3>\n\n\n\n<p>2025 a \u00e9t\u00e9 marqu\u00e9e par une mont\u00e9e en puissance de la mobilisation contre le crime organis\u00e9, notamment en Corse et \u00e0 Marseille, apr\u00e8s plusieurs trag\u00e9dies attribu\u00e9es \u00e0 l\u2019emprise mafieuse. <br>Des milliers de personnes ont manifest\u00e9 \u2014 r\u00e9clamant justice, s\u00e9curit\u00e9 et action politique \u2014 et un projet de cr\u00e9ation d\u2019un parquet national contre le crime organis\u00e9 semble en cours. <\/p>\n\n\n\n<hr class=\"wp-block-separator has-alpha-channel-opacity\"\/>\n\n\n\n<h2 class=\"wp-block-heading\">\ud83c\udfad Culture, patrimoine &amp; \u00e9v\u00e9nements majeurs<\/h2>\n\n\n\n<h3 class=\"wp-block-heading\">\u2022 Une ann\u00e9e culturelle foisonnante<\/h3>\n\n\n\n<p>De nombreuses expositions, festivals et r\u00e9novations ont attir\u00e9 l\u2019attention en 2025. Par exemple:<\/p>\n\n\n\n<ul class=\"wp-block-list\">\n<li>Le festival Annecy International Animation Film Festival, un rendez-vous international de l\u2019animation, a eu lieu en juin 2025. <\/li>\n\n\n\n<li>Le programme \u201cC\u00e9zanne 2025\u201d \u00e0 Aix\u2011en\u2011Provence, avec une grande r\u00e9trospective de l\u2019artiste, a permis de red\u00e9couvrir son \u0153uvre et ses paysages inspirants. <\/li>\n\n\n\n<li>\u00c0 Paris, le projet de l\u2019artiste JR a transform\u00e9 le Pont-Neuf en \u201cgrotte\u201d immersive, rendant hommage \u00e0 une ancienne installation iconique. <\/li>\n<\/ul>\n\n\n\n<p>Ces \u00e9v\u00e9nements montrent que la culture et le patrimoine restent des piliers importants de la vie collective, avec des initiatives ambitieuses m\u00ealant innovation, m\u00e9moire et accessibilit\u00e9.<\/p>\n\n\n\n<hr class=\"wp-block-separator has-alpha-channel-opacity\"\/>\n\n\n\n<h2 class=\"wp-block-heading\">\ud83d\udea8 Faits divers, \u00e9v\u00e9nements marquants &amp; tensions<\/h2>\n\n\n\n<h3 class=\"wp-block-heading\">\u2022 Le spectaculaire vol des bijoux de la couronne au Mus\u00e9e du Louvre<\/h3>\n\n\n\n<p>Le 19 octobre 2025, huit pi\u00e8ces des joyaux de la couronne fran\u00e7aise ont \u00e9t\u00e9 d\u00e9rob\u00e9es en moins de 10 minutes \u2014 un braquage audacieux, men\u00e9 pendant les heures d\u2019ouverture du mus\u00e9e. <br>Malgr\u00e9 l\u2019arrestation de plusieurs suspects dans les jours qui ont suivi, les pi\u00e8ces vol\u00e9es n\u2019ont pas encore \u00e9t\u00e9 retrouv\u00e9es \u2014 un coup dur pour la s\u00e9curit\u00e9 du patrimoine national. <\/p>\n\n\n\n<h3 class=\"wp-block-heading\">\u2022 Des violences lors des c\u00e9l\u00e9brations sportives<\/h3>\n\n\n\n<p>\u00c0 l\u2019occasion de la victoire du Paris Saint\u2011Germain (PSG) en finale de la UEFA Champions League 2025, des festivit\u00e9s ont vir\u00e9 aux \u00e9meutes \u00e0 Paris : affrontements, incendies, plus de 500 arrestations, des centaines de bless\u00e9s et deux morts. <br>Cet \u00e9pisode a profond\u00e9ment choqu\u00e9 l\u2019opinion publique et soul\u00e8ve de nombreuses questions sur la violence li\u00e9e aux c\u00e9l\u00e9brations sportives. <\/p>\n\n\n\n<hr class=\"wp-block-separator has-alpha-channel-opacity\"\/>\n\n\n\n<h2 class=\"wp-block-heading\">\ud83c\udf0d Environnement, risques &amp; d\u00e9fis<\/h2>\n\n\n\n<h3 class=\"wp-block-heading\">\u2022 Une alerte \u00e0 l\u2019eau potable : contamination aux PFAS<\/h3>\n\n\n\n<p>Fin 2025, un rapport de l\u2019agence sanitaire a r\u00e9v\u00e9l\u00e9 une contamination massive de l\u2019eau du robinet par un produit chimique persistant (TFA, un type de PFAS), dans plus de 92% des \u00e9chantillons test\u00e9s. <br>M\u00eame si les niveaux restent sous les seuils \u00ab provisoires \u00bb fran\u00e7ais, ils d\u00e9passent largement les normes europ\u00e9ennes envisag\u00e9es \u2014 ce qui pose un risque pour la sant\u00e9 publique et rappelle l\u2019urgence d\u2019agir sur la pollution et les rejets chimiques. <\/p>\n\n\n\n<hr class=\"wp-block-separator has-alpha-channel-opacity\"\/>\n\n\n\n<h2 class=\"wp-block-heading\">\ud83d\udd0d En guise de conclusion \u2014 entre contradictions et r\u00e9silience<\/h2>\n\n\n\n<p>2025 montre \u00e0 quel point la France traverse une p\u00e9riode intense, faite de contrastes :<\/p>\n\n\n\n<ul class=\"wp-block-list\">\n<li>D\u2019un c\u00f4t\u00e9, des ambitions technologiques et culturelles fortes (IA, investissements, art, patrimoine, patrimoine culturel) \u2014 comme le montrent les grands projets \u00e9conomiques ou les festivals.<\/li>\n\n\n\n<li>De l\u2019autre c\u00f4t\u00e9, des fractures sociales, des protestations, des tensions de s\u00e9curit\u00e9, des crises environnementales ou des atteintes au patrimoine \u2014 autant de d\u00e9fis qui interrogent l\u2019avenir.<\/li>\n<\/ul>\n\n\n\n<p>Mais au c\u0153ur de tout cela, on observe aussi des signes de <strong>mobilisation citoyenne<\/strong>, de <strong>prise de conscience collective<\/strong> et d\u2019<strong>adaptation<\/strong>. Que ce soit par des manifestations contre le crime organis\u00e9, des d\u00e9bats sur l\u2019eau, ou par la red\u00e9couverte de notre patrimoine et de nos artistes, 2025 aura \u00e9t\u00e9 \u2014 malgr\u00e9 tout \u2014 une ann\u00e9e riche en \u00e9veils.<\/p>\n","protected":false},"excerpt":{"rendered":"<p>L\u2019ann\u00e9e 2025 a \u00e9t\u00e9 riche en \u00e9v\u00e9nements en France \u2014 entre bouleversements politiques et sociaux, grands moments culturels,<\/p>\n","protected":false},"author":1,"featured_media":137119,"comment_status":"open","ping_status":"open","sticky":false,"template":"","format":"standard","meta":{"rop_custom_images_group":[],"rop_custom_messages_group":[],"rop_publish_now":"initial","rop_publish_now_accounts":{"facebook_2944925605560295_361066357320011":"","twitter_792688215148855296_792688215148855296":""},"rop_publish_now_history":[],"rop_publish_now_status":"pending","footnotes":""},"categories":[2],"tags":[],"class_list":["post-400321","post","type-post","status-publish","format-standard","has-post-thumbnail","hentry","category-actualites"],"yoast_head":"<!-- This site is optimized with the Yoast SEO plugin v27.4 - https:\/\/yoast.com\/product\/yoast-seo-wordpress\/ -->\n<title>2025 \u2014 Une ann\u00e9e charni\u00e8re : les faits marquants en France - Optannu<\/title>\n<meta name=\"robots\" content=\"index, follow, max-snippet:-1, max-image-preview:large, max-video-preview:-1\" \/>\n<link rel=\"canonical\" href=\"https:\/\/www.jng-web.com\/ref-auto\/2025-une-annee-charniere-les-faits-marquants-en-france\/\" \/>\n<meta property=\"og:locale\" content=\"fr_FR\" \/>\n<meta property=\"og:type\" content=\"article\" \/>\n<meta property=\"og:title\" content=\"2025 \u2014 Une ann\u00e9e charni\u00e8re : les faits marquants en France - Optannu\" \/>\n<meta property=\"og:description\" content=\"L\u2019ann\u00e9e 2025 a \u00e9t\u00e9 riche en \u00e9v\u00e9nements en France \u2014 entre bouleversements politiques et sociaux, grands moments culturels,\" \/>\n<meta property=\"og:url\" content=\"https:\/\/www.jng-web.com\/ref-auto\/2025-une-annee-charniere-les-faits-marquants-en-france\/\" \/>\n<meta property=\"og:site_name\" content=\"Optannu\" \/>\n<meta property=\"article:published_time\" content=\"2025-12-11T09:07:24+00:00\" \/>\n<meta property=\"article:modified_time\" content=\"2025-12-12T07:45:53+00:00\" \/>\n<meta property=\"og:image\" content=\"https:\/\/www.jng-web.com\/ref-auto\/wp-content\/uploads\/2024\/06\/old-alarm-clocks-analog-time-retro-picjumbo-com-scaled.jpg\" \/>\n\t<meta property=\"og:image:width\" content=\"2560\" \/>\n\t<meta property=\"og:image:height\" content=\"1707\" \/>\n\t<meta property=\"og:image:type\" content=\"image\/jpeg\" \/>\n<meta name=\"author\" content=\"Jerome\" \/>\n<meta name=\"twitter:card\" content=\"summary_large_image\" \/>\n<meta name=\"twitter:label1\" content=\"\u00c9crit par\" \/>\n\t<meta name=\"twitter:data1\" content=\"Jerome\" \/>\n\t<meta name=\"twitter:label2\" content=\"Dur\u00e9e de lecture estim\u00e9e\" \/>\n\t<meta name=\"twitter:data2\" content=\"4 minutes\" \/>\n<script type=\"application\/ld+json\" class=\"yoast-schema-graph\">{\"@context\":\"https:\\\/\\\/schema.org\",\"@graph\":[{\"@type\":\"Article\",\"@id\":\"https:\\\/\\\/www.jng-web.com\\\/ref-auto\\\/2025-une-annee-charniere-les-faits-marquants-en-france\\\/#article\",\"isPartOf\":{\"@id\":\"https:\\\/\\\/www.jng-web.com\\\/ref-auto\\\/2025-une-annee-charniere-les-faits-marquants-en-france\\\/\"},\"author\":{\"name\":\"Jerome\",\"@id\":\"https:\\\/\\\/www.jng-web.com\\\/ref-auto\\\/#\\\/schema\\\/person\\\/9b9c81cd6753b27cc78a7072ecb82d8e\"},\"headline\":\"2025 \u2014 Une ann\u00e9e charni\u00e8re : les faits marquants en France\",\"datePublished\":\"2025-12-11T09:07:24+00:00\",\"dateModified\":\"2025-12-12T07:45:53+00:00\",\"mainEntityOfPage\":{\"@id\":\"https:\\\/\\\/www.jng-web.com\\\/ref-auto\\\/2025-une-annee-charniere-les-faits-marquants-en-france\\\/\"},\"wordCount\":802,\"commentCount\":0,\"image\":{\"@id\":\"https:\\\/\\\/www.jng-web.com\\\/ref-auto\\\/2025-une-annee-charniere-les-faits-marquants-en-france\\\/#primaryimage\"},\"thumbnailUrl\":\"https:\\\/\\\/www.jng-web.com\\\/ref-auto\\\/wp-content\\\/uploads\\\/2024\\\/06\\\/old-alarm-clocks-analog-time-retro-picjumbo-com-scaled.jpg\",\"articleSection\":[\"Actualit\u00e9s\"],\"inLanguage\":\"fr-FR\",\"potentialAction\":[{\"@type\":\"CommentAction\",\"name\":\"Comment\",\"target\":[\"https:\\\/\\\/www.jng-web.com\\\/ref-auto\\\/2025-une-annee-charniere-les-faits-marquants-en-france\\\/#respond\"]}]},{\"@type\":\"WebPage\",\"@id\":\"https:\\\/\\\/www.jng-web.com\\\/ref-auto\\\/2025-une-annee-charniere-les-faits-marquants-en-france\\\/\",\"url\":\"https:\\\/\\\/www.jng-web.com\\\/ref-auto\\\/2025-une-annee-charniere-les-faits-marquants-en-france\\\/\",\"name\":\"2025 \u2014 Une ann\u00e9e charni\u00e8re : les faits marquants en France - Optannu\",\"isPartOf\":{\"@id\":\"https:\\\/\\\/www.jng-web.com\\\/ref-auto\\\/#website\"},\"primaryImageOfPage\":{\"@id\":\"https:\\\/\\\/www.jng-web.com\\\/ref-auto\\\/2025-une-annee-charniere-les-faits-marquants-en-france\\\/#primaryimage\"},\"image\":{\"@id\":\"https:\\\/\\\/www.jng-web.com\\\/ref-auto\\\/2025-une-annee-charniere-les-faits-marquants-en-france\\\/#primaryimage\"},\"thumbnailUrl\":\"https:\\\/\\\/www.jng-web.com\\\/ref-auto\\\/wp-content\\\/uploads\\\/2024\\\/06\\\/old-alarm-clocks-analog-time-retro-picjumbo-com-scaled.jpg\",\"datePublished\":\"2025-12-11T09:07:24+00:00\",\"dateModified\":\"2025-12-12T07:45:53+00:00\",\"author\":{\"@id\":\"https:\\\/\\\/www.jng-web.com\\\/ref-auto\\\/#\\\/schema\\\/person\\\/9b9c81cd6753b27cc78a7072ecb82d8e\"},\"breadcrumb\":{\"@id\":\"https:\\\/\\\/www.jng-web.com\\\/ref-auto\\\/2025-une-annee-charniere-les-faits-marquants-en-france\\\/#breadcrumb\"},\"inLanguage\":\"fr-FR\",\"potentialAction\":[{\"@type\":\"ReadAction\",\"target\":[\"https:\\\/\\\/www.jng-web.com\\\/ref-auto\\\/2025-une-annee-charniere-les-faits-marquants-en-france\\\/\"]}]},{\"@type\":\"ImageObject\",\"inLanguage\":\"fr-FR\",\"@id\":\"https:\\\/\\\/www.jng-web.com\\\/ref-auto\\\/2025-une-annee-charniere-les-faits-marquants-en-france\\\/#primaryimage\",\"url\":\"https:\\\/\\\/www.jng-web.com\\\/ref-auto\\\/wp-content\\\/uploads\\\/2024\\\/06\\\/old-alarm-clocks-analog-time-retro-picjumbo-com-scaled.jpg\",\"contentUrl\":\"https:\\\/\\\/www.jng-web.com\\\/ref-auto\\\/wp-content\\\/uploads\\\/2024\\\/06\\\/old-alarm-clocks-analog-time-retro-picjumbo-com-scaled.jpg\",\"width\":2560,\"height\":1707,\"caption\":\"heures miroirs\"},{\"@type\":\"BreadcrumbList\",\"@id\":\"https:\\\/\\\/www.jng-web.com\\\/ref-auto\\\/2025-une-annee-charniere-les-faits-marquants-en-france\\\/#breadcrumb\",\"itemListElement\":[{\"@type\":\"ListItem\",\"position\":1,\"name\":\"Annuaire g\u00e9n\u00e9raliste gratuit\",\"item\":\"https:\\\/\\\/www.jng-web.com\\\/ref-auto\\\/\"},{\"@type\":\"ListItem\",\"position\":2,\"name\":\"Actualit\u00e9s\",\"item\":\"https:\\\/\\\/www.jng-web.com\\\/ref-auto\\\/category\\\/actualites\\\/\"},{\"@type\":\"ListItem\",\"position\":3,\"name\":\"2025 \u2014 Une ann\u00e9e charni\u00e8re : les faits marquants en France\"}]},{\"@type\":\"WebSite\",\"@id\":\"https:\\\/\\\/www.jng-web.com\\\/ref-auto\\\/#website\",\"url\":\"https:\\\/\\\/www.jng-web.com\\\/ref-auto\\\/\",\"name\":\"Optannu\",\"description\":\"Guest Blogging : Publier gratuitement vos articles et booster votre r\u00e9f\u00e9rencement !\",\"potentialAction\":[{\"@type\":\"SearchAction\",\"target\":{\"@type\":\"EntryPoint\",\"urlTemplate\":\"https:\\\/\\\/www.jng-web.com\\\/ref-auto\\\/?s={search_term_string}\"},\"query-input\":{\"@type\":\"PropertyValueSpecification\",\"valueRequired\":true,\"valueName\":\"search_term_string\"}}],\"inLanguage\":\"fr-FR\"},{\"@type\":\"Person\",\"@id\":\"https:\\\/\\\/www.jng-web.com\\\/ref-auto\\\/#\\\/schema\\\/person\\\/9b9c81cd6753b27cc78a7072ecb82d8e\",\"name\":\"Jerome\",\"image\":{\"@type\":\"ImageObject\",\"inLanguage\":\"fr-FR\",\"@id\":\"https:\\\/\\\/secure.gravatar.com\\\/avatar\\\/67845112d35b1cf1f1f3c11875432a8ccaa7ba6187cf0b3e820c9fbc6cb40fc6?s=96&d=mm&r=g\",\"url\":\"https:\\\/\\\/secure.gravatar.com\\\/avatar\\\/67845112d35b1cf1f1f3c11875432a8ccaa7ba6187cf0b3e820c9fbc6cb40fc6?s=96&d=mm&r=g\",\"contentUrl\":\"https:\\\/\\\/secure.gravatar.com\\\/avatar\\\/67845112d35b1cf1f1f3c11875432a8ccaa7ba6187cf0b3e820c9fbc6cb40fc6?s=96&d=mm&r=g\",\"caption\":\"Jerome\"},\"sameAs\":[\"https:\\\/\\\/www.jng-web.com\\\/ref-auto\"],\"url\":\"https:\\\/\\\/www.jng-web.com\\\/ref-auto\"}]}<\/script>\n<!-- \/ Yoast SEO plugin. -->","yoast_head_json":{"title":"2025 \u2014 Une ann\u00e9e charni\u00e8re : les faits marquants en France - Optannu","robots":{"index":"index","follow":"follow","max-snippet":"max-snippet:-1","max-image-preview":"max-image-preview:large","max-video-preview":"max-video-preview:-1"},"canonical":"https:\/\/www.jng-web.com\/ref-auto\/2025-une-annee-charniere-les-faits-marquants-en-france\/","og_locale":"fr_FR","og_type":"article","og_title":"2025 \u2014 Une ann\u00e9e charni\u00e8re : les faits marquants en France - Optannu","og_description":"L\u2019ann\u00e9e 2025 a \u00e9t\u00e9 riche en \u00e9v\u00e9nements en France \u2014 entre bouleversements politiques et sociaux, grands moments culturels,","og_url":"https:\/\/www.jng-web.com\/ref-auto\/2025-une-annee-charniere-les-faits-marquants-en-france\/","og_site_name":"Optannu","article_published_time":"2025-12-11T09:07:24+00:00","article_modified_time":"2025-12-12T07:45:53+00:00","og_image":[{"width":2560,"height":1707,"url":"https:\/\/www.jng-web.com\/ref-auto\/wp-content\/uploads\/2024\/06\/old-alarm-clocks-analog-time-retro-picjumbo-com-scaled.jpg","type":"image\/jpeg"}],"author":"Jerome","twitter_card":"summary_large_image","twitter_misc":{"\u00c9crit par":"Jerome","Dur\u00e9e de lecture estim\u00e9e":"4 minutes"},"schema":{"@context":"https:\/\/schema.org","@graph":[{"@type":"Article","@id":"https:\/\/www.jng-web.com\/ref-auto\/2025-une-annee-charniere-les-faits-marquants-en-france\/#article","isPartOf":{"@id":"https:\/\/www.jng-web.com\/ref-auto\/2025-une-annee-charniere-les-faits-marquants-en-france\/"},"author":{"name":"Jerome","@id":"https:\/\/www.jng-web.com\/ref-auto\/#\/schema\/person\/9b9c81cd6753b27cc78a7072ecb82d8e"},"headline":"2025 \u2014 Une ann\u00e9e charni\u00e8re : les faits marquants en France","datePublished":"2025-12-11T09:07:24+00:00","dateModified":"2025-12-12T07:45:53+00:00","mainEntityOfPage":{"@id":"https:\/\/www.jng-web.com\/ref-auto\/2025-une-annee-charniere-les-faits-marquants-en-france\/"},"wordCount":802,"commentCount":0,"image":{"@id":"https:\/\/www.jng-web.com\/ref-auto\/2025-une-annee-charniere-les-faits-marquants-en-france\/#primaryimage"},"thumbnailUrl":"https:\/\/www.jng-web.com\/ref-auto\/wp-content\/uploads\/2024\/06\/old-alarm-clocks-analog-time-retro-picjumbo-com-scaled.jpg","articleSection":["Actualit\u00e9s"],"inLanguage":"fr-FR","potentialAction":[{"@type":"CommentAction","name":"Comment","target":["https:\/\/www.jng-web.com\/ref-auto\/2025-une-annee-charniere-les-faits-marquants-en-france\/#respond"]}]},{"@type":"WebPage","@id":"https:\/\/www.jng-web.com\/ref-auto\/2025-une-annee-charniere-les-faits-marquants-en-france\/","url":"https:\/\/www.jng-web.com\/ref-auto\/2025-une-annee-charniere-les-faits-marquants-en-france\/","name":"2025 \u2014 Une ann\u00e9e charni\u00e8re : les faits marquants en France - Optannu","isPartOf":{"@id":"https:\/\/www.jng-web.com\/ref-auto\/#website"},"primaryImageOfPage":{"@id":"https:\/\/www.jng-web.com\/ref-auto\/2025-une-annee-charniere-les-faits-marquants-en-france\/#primaryimage"},"image":{"@id":"https:\/\/www.jng-web.com\/ref-auto\/2025-une-annee-charniere-les-faits-marquants-en-france\/#primaryimage"},"thumbnailUrl":"https:\/\/www.jng-web.com\/ref-auto\/wp-content\/uploads\/2024\/06\/old-alarm-clocks-analog-time-retro-picjumbo-com-scaled.jpg","datePublished":"2025-12-11T09:07:24+00:00","dateModified":"2025-12-12T07:45:53+00:00","author":{"@id":"https:\/\/www.jng-web.com\/ref-auto\/#\/schema\/person\/9b9c81cd6753b27cc78a7072ecb82d8e"},"breadcrumb":{"@id":"https:\/\/www.jng-web.com\/ref-auto\/2025-une-annee-charniere-les-faits-marquants-en-france\/#breadcrumb"},"inLanguage":"fr-FR","potentialAction":[{"@type":"ReadAction","target":["https:\/\/www.jng-web.com\/ref-auto\/2025-une-annee-charniere-les-faits-marquants-en-france\/"]}]},{"@type":"ImageObject","inLanguage":"fr-FR","@id":"https:\/\/www.jng-web.com\/ref-auto\/2025-une-annee-charniere-les-faits-marquants-en-france\/#primaryimage","url":"https:\/\/www.jng-web.com\/ref-auto\/wp-content\/uploads\/2024\/06\/old-alarm-clocks-analog-time-retro-picjumbo-com-scaled.jpg","contentUrl":"https:\/\/www.jng-web.com\/ref-auto\/wp-content\/uploads\/2024\/06\/old-alarm-clocks-analog-time-retro-picjumbo-com-scaled.jpg","width":2560,"height":1707,"caption":"heures miroirs"},{"@type":"BreadcrumbList","@id":"https:\/\/www.jng-web.com\/ref-auto\/2025-une-annee-charniere-les-faits-marquants-en-france\/#breadcrumb","itemListElement":[{"@type":"ListItem","position":1,"name":"Annuaire g\u00e9n\u00e9raliste gratuit","item":"https:\/\/www.jng-web.com\/ref-auto\/"},{"@type":"ListItem","position":2,"name":"Actualit\u00e9s","item":"https:\/\/www.jng-web.com\/ref-auto\/category\/actualites\/"},{"@type":"ListItem","position":3,"name":"2025 \u2014 Une ann\u00e9e charni\u00e8re : les faits marquants en France"}]},{"@type":"WebSite","@id":"https:\/\/www.jng-web.com\/ref-auto\/#website","url":"https:\/\/www.jng-web.com\/ref-auto\/","name":"Optannu","description":"Guest Blogging : Publier gratuitement vos articles et booster votre r\u00e9f\u00e9rencement !","potentialAction":[{"@type":"SearchAction","target":{"@type":"EntryPoint","urlTemplate":"https:\/\/www.jng-web.com\/ref-auto\/?s={search_term_string}"},"query-input":{"@type":"PropertyValueSpecification","valueRequired":true,"valueName":"search_term_string"}}],"inLanguage":"fr-FR"},{"@type":"Person","@id":"https:\/\/www.jng-web.com\/ref-auto\/#\/schema\/person\/9b9c81cd6753b27cc78a7072ecb82d8e","name":"Jerome","image":{"@type":"ImageObject","inLanguage":"fr-FR","@id":"https:\/\/secure.gravatar.com\/avatar\/67845112d35b1cf1f1f3c11875432a8ccaa7ba6187cf0b3e820c9fbc6cb40fc6?s=96&d=mm&r=g","url":"https:\/\/secure.gravatar.com\/avatar\/67845112d35b1cf1f1f3c11875432a8ccaa7ba6187cf0b3e820c9fbc6cb40fc6?s=96&d=mm&r=g","contentUrl":"https:\/\/secure.gravatar.com\/avatar\/67845112d35b1cf1f1f3c11875432a8ccaa7ba6187cf0b3e820c9fbc6cb40fc6?s=96&d=mm&r=g","caption":"Jerome"},"sameAs":["https:\/\/www.jng-web.com\/ref-auto"],"url":"https:\/\/www.jng-web.com\/ref-auto"}]}},"views":374,"_links":{"self":[{"href":"https:\/\/www.jng-web.com\/ref-auto\/wp-json\/wp\/v2\/posts\/400321","targetHints":{"allow":["GET"]}}],"collection":[{"href":"https:\/\/www.jng-web.com\/ref-auto\/wp-json\/wp\/v2\/posts"}],"about":[{"href":"https:\/\/www.jng-web.com\/ref-auto\/wp-json\/wp\/v2\/types\/post"}],"author":[{"embeddable":true,"href":"https:\/\/www.jng-web.com\/ref-auto\/wp-json\/wp\/v2\/users\/1"}],"replies":[{"embeddable":true,"href":"https:\/\/www.jng-web.com\/ref-auto\/wp-json\/wp\/v2\/comments?post=400321"}],"version-history":[{"count":2,"href":"https:\/\/www.jng-web.com\/ref-auto\/wp-json\/wp\/v2\/posts\/400321\/revisions"}],"predecessor-version":[{"id":401378,"href":"https:\/\/www.jng-web.com\/ref-auto\/wp-json\/wp\/v2\/posts\/400321\/revisions\/401378"}],"wp:featuredmedia":[{"embeddable":true,"href":"https:\/\/www.jng-web.com\/ref-auto\/wp-json\/wp\/v2\/media\/137119"}],"wp:attachment":[{"href":"https:\/\/www.jng-web.com\/ref-auto\/wp-json\/wp\/v2\/media?parent=400321"}],"wp:term":[{"taxonomy":"category","embeddable":true,"href":"https:\/\/www.jng-web.com\/ref-auto\/wp-json\/wp\/v2\/categories?post=400321"},{"taxonomy":"post_tag","embeddable":true,"href":"https:\/\/www.jng-web.com\/ref-auto\/wp-json\/wp\/v2\/tags?post=400321"}],"curies":[{"name":"wp","href":"https:\/\/api.w.org\/{rel}","templated":true}]}}