{"id":400325,"date":"2025-12-13T10:09:32","date_gmt":"2025-12-13T09:09:32","guid":{"rendered":"https:\/\/www.jng-web.com\/ref-auto\/?p=400325"},"modified":"2025-12-07T10:12:18","modified_gmt":"2025-12-07T09:12:18","slug":"chronologie-mois-par-mois-des-principaux-evenements-qui-ont-marque-la-france-en-2025","status":"publish","type":"post","link":"https:\/\/www.jng-web.com\/ref-auto\/chronologie-mois-par-mois-des-principaux-evenements-qui-ont-marque-la-france-en-2025\/","title":{"rendered":"Chronologie mois par mois des principaux \u00e9v\u00e9nements qui ont marqu\u00e9 la France en 2025"},"content":{"rendered":"<div id=\"6729917897\" class=\"advads-pub advads-entity-placement\"><script async src=\"https:\/\/pagead2.googlesyndication.com\/pagead\/js\/adsbygoogle.js?client=ca-pub-4944504088214075\"\r\n     crossorigin=\"anonymous\"><\/script><\/div>\n<p>Voici une <strong>chronologie comment\u00e9e mois par mois<\/strong> des principaux \u00e9v\u00e9nements \u2014 politiques, sociaux, culturels et environnementaux \u2014 qui ont marqu\u00e9 la France en 2025. Elle ne pr\u00e9tend pas \u00eatre exhaustive, mais donne une vue d\u2019ensemble des faits les plus marquants.<\/p>\n\n\n\n<hr class=\"wp-block-separator has-alpha-channel-opacity\"\/>\n\n\n\n<h2 class=\"wp-block-heading\">\ud83d\udcc5 Janvier 2025<\/h2>\n\n\n\n<ul class=\"wp-block-list\">\n<li>D\u00e9but janvier : la France comm\u00e9more le 10\u1d49 anniversaire des attentats de janvier 2015 (attaque de Charlie Hebdo, Montrouge, Hyper Cacher). Un temps de recueillement national pour les 17 victimes, et un rappel de l\u2019importance de la libert\u00e9 d\u2019expression. <\/li>\n\n\n\n<li>Autres actualit\u00e9s de d\u00e9but d\u2019ann\u00e9e (soldes d\u2019hiver, relocalisation de certains secteurs, d\u00e9cisions gouvernementales) sans bouleversement majeur par rapport aux grandes affaires de 2025. <\/li>\n<\/ul>\n\n\n\n<hr class=\"wp-block-separator has-alpha-channel-opacity\"\/>\n\n\n\n<h2 class=\"wp-block-heading\">\ud83d\uddd3\ufe0f Avril 2025<\/h2>\n\n\n\n<ul class=\"wp-block-list\">\n<li><strong>5\u20136 avril<\/strong> \u2014 Manifestations d\u2019ampleur \u00e0 travers la France de partisans de la droite \/ extr\u00eame droite suite \u00e0 la condamnation de Marine Le Pen, rendant l\u2019\u00e9lue in\u00e9ligible pour les ann\u00e9es \u00e0 venir. Ces mobilisations t\u00e9moignent de la polarisation politique autour des questions de justice, d\u2019\u00e9ligibilit\u00e9 et de repr\u00e9sentativit\u00e9. <\/li>\n<\/ul>\n\n\n\n<hr class=\"wp-block-separator has-alpha-channel-opacity\"\/>\n\n\n\n<h2 class=\"wp-block-heading\">\ud83c\udf21\ufe0f Mai \u2013 Juin 2025 : climat, sport, soci\u00e9t\u00e9<\/h2>\n\n\n\n<ul class=\"wp-block-list\">\n<li>Fin mai 2025 \u2014 Vague de chaleur importante en France, avec des records de temp\u00e9ratures pour un mois de mai dans plusieurs r\u00e9gions. \u26a0\ufe0f Cet \u00e9pisode rappelle la vuln\u00e9rabilit\u00e9 du pays face au changement climatique. <\/li>\n\n\n\n<li>Nuit du <strong>31 mai au 1er juin<\/strong> \u2014 \u00c0 Paris (et dans d\u2019autres villes), des \u00e9meutes \u00e9clatent \u00e0 la suite de la victoire du Paris Saint-Germain (PSG) en finale de la Ligue des Champions. Malgr\u00e9 la joie sportive, les c\u00e9l\u00e9brations tournent \u00e0 la violence : plusieurs morts, de nombreux bless\u00e9s et des centaines d\u2019arrestations. <\/li>\n\n\n\n<li>\u00c9v\u00e9nement culturel \/ patrimonial dans la r\u00e9gion de Normandie (pas une actualit\u00e9 nationale, mais notable localement) : la ville de Caen f\u00eate son mill\u00e9naire en 2025, avec de nombreux \u00e9v\u00e9nements \u2014 inauguration de son ch\u00e2teau restaur\u00e9, spectacles, c\u00e9l\u00e9brations portuaires, mise en lumi\u00e8re du patrimoine\u2026 <\/li>\n<\/ul>\n\n\n\n<hr class=\"wp-block-separator has-alpha-channel-opacity\"\/>\n\n\n\n<h2 class=\"wp-block-heading\">\ud83d\udc04 Mai 2025 \u2014 Mobilisation agricole &amp; d\u00e9bat environnemental<\/h2>\n\n\n\n<ul class=\"wp-block-list\">\n<li>26 mai 2025 \u2014 Des agriculteurs, notamment via le syndicat FNSEA, manifestent \u00e0 Paris et autour de l\u2019Assembl\u00e9e nationale. Ils protestent contre un projet de loi (pr\u00e9sent\u00e9 par un d\u00e9put\u00e9) visant \u00e0 all\u00e9ger certaines contraintes environnementales \u2014 notamment l\u2019utilisation d\u2019un pesticide (neonicotino\u00efde \/ acetamiprid) interdit jusque-l\u00e0 en France. Ce projet suscite une forte controverse, entre pression agricole et pr\u00e9occupations \u00e9cologiques. <\/li>\n<\/ul>\n\n\n\n<hr class=\"wp-block-separator has-alpha-channel-opacity\"\/>\n\n\n\n<h2 class=\"wp-block-heading\">\ud83d\uddd3\ufe0f Septembre 2025 \u2014 Crise politique, budget, et mobilisation sociale<\/h2>\n\n\n\n<ul class=\"wp-block-list\">\n<li>Le 10 septembre : large mobilisation nationale sous le mot d\u2019ordre Bloquons tout \u2014 blocages, gr\u00e8ves, occupations de routes, actions citoyennes pour protester contre les mesures d\u2019aust\u00e9rit\u00e9 annonc\u00e9es. Le mouvement exprime un ras-le-bol g\u00e9n\u00e9ralis\u00e9 face aux r\u00e9formes budg\u00e9taires, \u00e0 la pr\u00e9carit\u00e9, et au sentiment de d\u00e9connexion du pouvoir. <\/li>\n\n\n\n<li>18 septembre : nouvelle journ\u00e9e de gr\u00e8ves et manifestations massives, orchestr\u00e9e par les syndicats, contre le projet de budget \u2014 multiples secteurs touch\u00e9s (transports, services publics, \u00e9coles, h\u00f4pitaux\u2026). La contestation s\u2019\u00e9tend \u00e0 une part importante de la population, avec un climat social tendu. <\/li>\n<\/ul>\n\n\n\n<p>Ce contexte politique entraine des turbulences : le gouvernement \u2014 dirig\u00e9 pr\u00e9c\u00e9demment par Fran\u00e7ois Bayrou \u2014 est fragilis\u00e9 et certains projets, comme l\u2019\u00e9ventuelle suppression de jours f\u00e9ri\u00e9s, suscitent une forte opposition. <\/p>\n\n\n\n<hr class=\"wp-block-separator has-alpha-channel-opacity\"\/>\n\n\n\n<h2 class=\"wp-block-heading\">\ud83d\udd4a\ufe0f Octobre 2025 \u2014 Gr\u00e8ves, protestations, fractures sociales<\/h2>\n\n\n\n<ul class=\"wp-block-list\">\n<li><strong>2 octobre 2025<\/strong> \u2014 Nouvelle journ\u00e9e nationale de gr\u00e8ve et de manifestations : des dizaines de milliers de manifestants descendent dans la rue pour d\u00e9noncer les coupes budg\u00e9taires, l\u2019aust\u00e9rit\u00e9 et l\u2019orientation socio-\u00e9conomique du gouvernement. Dans la capitale, un symbole fort : Tour Eiffel ferm\u00e9e pour la journ\u00e9e en raison du mouvement. <\/li>\n\n\n\n<li>Perturbations massives des services publics, du transport, et mont\u00e9e des tensions entre manifestants et forces de l\u2019ordre. Le climat de m\u00e9contentement social s\u2019accentue, signe d\u2019une fracture croissante autour des politiques \u00e9conomiques. <\/li>\n<\/ul>\n\n\n\n<hr class=\"wp-block-separator has-alpha-channel-opacity\"\/>\n\n\n\n<h2 class=\"wp-block-heading\">\ud83d\udcf0 Novembre 2025 \u2014 Soci\u00e9t\u00e9, justice, m\u00e9moire<\/h2>\n\n\n\n<p>Selon le r\u00e9capitulatif national des \u00e9v\u00e9nements 2025 : <\/p>\n\n\n\n<ul class=\"wp-block-list\">\n<li>4 novembre \u2014 Le prix litt\u00e9raire Prix Goncourt est attribu\u00e9 \u00e0 Laurent Mauvignier pour son livre La Maison vide. Un \u00e9v\u00e9nement culturel marquant de la fin d\u2019ann\u00e9e. <\/li>\n\n\n\n<li>8 novembre \u2014 Mise en examen et d\u00e9tention provisoire de trois femmes suspect\u00e9es d\u2019un projet d\u2019attentat jihadiste : alerte antiterroriste et renforcement de la vigilance s\u00e9curitaire. <\/li>\n\n\n\n<li>10 novembre \u2014 D\u00e9cision notable en justice : l\u2019ancien pr\u00e9sident Nicolas Sarkozy est remis en libert\u00e9 sous contr\u00f4le judiciaire, apr\u00e8s incarc\u00e9ration. <\/li>\n\n\n\n<li>13 novembre \u2014 Comm\u00e9moration des 10 ans des attentats du 13 novembre 2015 (\u00e0 Paris, au Stade de France, au Bataclan). Hommages, c\u00e9r\u00e9monies nationales, moments de m\u00e9moire collective sur la s\u00e9curit\u00e9 et la r\u00e9silience. <\/li>\n<\/ul>\n\n\n\n<hr class=\"wp-block-separator has-alpha-channel-opacity\"\/>\n\n\n\n<h2 class=\"wp-block-heading\">\ud83c\udf0d Fin 2025 \u2014 Crise environnementale &amp; questions de sant\u00e9 publique<\/h2>\n\n\n\n<ul class=\"wp-block-list\">\n<li>D\u00e9but d\u00e9cembre \u2014 Publication d\u2019un rapport alarmant de l\u2019agence sanitaire : de tr\u00e8s nombreuses analyses montrent une contamination de l\u2019eau du robinet par des produits PFAS persistants, notamment l\u2019acide trifluoroac\u00e9tique (TFA). Plus de 92 % des \u00e9chantillons pr\u00e9lev\u00e9s entre 2023 et 2025 sont concern\u00e9s. Ce constat suscite une forte inqui\u00e9tude quant \u00e0 la qualit\u00e9 de l\u2019eau potable et relance le d\u00e9bat sur les rejets chimiques, la r\u00e9gulation des polluants, et la sant\u00e9 publique. <\/li>\n\n\n\n<li>Toujours en d\u00e9cembre \u2014 Une ONG environnementale saisit le conseil d\u2019\u00c9tat, accusant l\u2019\u00c9tat fran\u00e7ais d\u2019avoir manqu\u00e9 \u00e0 ses obligations climatiques, notamment en mati\u00e8re d\u2019\u00e9missions de gaz \u00e0 effet de serre, ce qui transforme la question \u00e9cologique en enjeu judiciaire national. <\/li>\n<\/ul>\n\n\n\n<hr class=\"wp-block-separator has-alpha-channel-opacity\"\/>\n\n\n\n<h2 class=\"wp-block-heading\">\ud83d\udd0e Commentaire \u2014 Une ann\u00e9e de fortes tensions, entre contestations et d\u00e9fis<\/h2>\n\n\n\n<p>2025 appara\u00eet comme une <strong>ann\u00e9e charni\u00e8re<\/strong> pour la France, pleine de <strong>contrastes<\/strong> :<\/p>\n\n\n\n<ul class=\"wp-block-list\">\n<li>D\u2019un c\u00f4t\u00e9, beaucoup de <strong>mobilisations sociales<\/strong> \u2014 les protestations de septembre et octobre, la col\u00e8re contre l\u2019aust\u00e9rit\u00e9, les gr\u00e8ves dans de nombreux secteurs, donnent l\u2019image d\u2019un pays en tension, face \u00e0 un mod\u00e8le \u00e9conomique et politique contest\u00e9.<\/li>\n\n\n\n<li>De l\u2019autre c\u00f4t\u00e9, des <strong>enjeux de soci\u00e9t\u00e9 lourds<\/strong> \u2014 s\u00e9curit\u00e9, lutte antiterroriste, justice, m\u00e9moire collective \u2014 ainsi que des <strong>d\u00e9fis environnementaux majeurs<\/strong> (pollution de l\u2019eau, crise climatique), qui relativisent les d\u00e9bats au-del\u00e0 des seuls enjeux \u00e9conomiques.<\/li>\n\n\n\n<li>Par ailleurs, 2025 m\u00eale des <strong>temps forts culturels et m\u00e9moriels<\/strong> (litt\u00e9rature, comm\u00e9morations, patrimoine), d\u00e9montrant que malgr\u00e9 les crises, la soci\u00e9t\u00e9 fran\u00e7aise continue de chercher des rep\u00e8res, de c\u00e9l\u00e9brer la m\u00e9moire et de r\u00e9fl\u00e9chir \u00e0 son avenir.<\/li>\n<\/ul>\n\n\n\n<hr class=\"wp-block-separator has-alpha-channel-opacity\"\/>\n\n\n\n<h2 class=\"wp-block-heading\">\u2705 Pourquoi cette chronologie importe<\/h2>\n\n\n\n<p>Ce rep\u00e9rage mois par mois montre que 2025 n\u2019a pas \u00e9t\u00e9 une ann\u00e9e \u201cbanale\u201d \u2014 mais un <strong>tournant<\/strong> : mont\u00e9e des contestations, r\u00e9alit\u00e9s sociales difficiles, prise de conscience environnementale, questionnements sur la s\u00e9curit\u00e9, et un d\u00e9bat national renouvel\u00e9 sur ce qu\u2019est la \u201cFrance de demain\u201d.<\/p>\n","protected":false},"excerpt":{"rendered":"<p>Voici une chronologie comment\u00e9e mois par mois des principaux \u00e9v\u00e9nements \u2014 politiques, sociaux, culturels et environnementaux \u2014 qui<\/p>\n","protected":false},"author":1,"featured_media":340620,"comment_status":"open","ping_status":"open","sticky":false,"template":"","format":"standard","meta":{"rop_custom_images_group":[],"rop_custom_messages_group":[],"rop_publish_now":"initial","rop_publish_now_accounts":{"facebook_2944925605560295_361066357320011":"","twitter_792688215148855296_792688215148855296":""},"rop_publish_now_history":[],"rop_publish_now_status":"pending","footnotes":""},"categories":[2],"tags":[],"class_list":["post-400325","post","type-post","status-publish","format-standard","has-post-thumbnail","hentry","category-actualites"],"yoast_head":"<!-- This site is optimized with the Yoast SEO plugin v27.4 - https:\/\/yoast.com\/product\/yoast-seo-wordpress\/ -->\n<title>Chronologie mois par mois des principaux \u00e9v\u00e9nements qui ont marqu\u00e9 la France en 2025 - Optannu<\/title>\n<meta name=\"robots\" content=\"index, follow, max-snippet:-1, max-image-preview:large, max-video-preview:-1\" \/>\n<link rel=\"canonical\" href=\"https:\/\/www.jng-web.com\/ref-auto\/chronologie-mois-par-mois-des-principaux-evenements-qui-ont-marque-la-france-en-2025\/\" \/>\n<meta property=\"og:locale\" content=\"fr_FR\" \/>\n<meta property=\"og:type\" content=\"article\" \/>\n<meta property=\"og:title\" content=\"Chronologie mois par mois des principaux \u00e9v\u00e9nements qui ont marqu\u00e9 la France en 2025 - Optannu\" \/>\n<meta property=\"og:description\" content=\"Voici une chronologie comment\u00e9e mois par mois des principaux \u00e9v\u00e9nements \u2014 politiques, sociaux, culturels et environnementaux \u2014 qui\" \/>\n<meta property=\"og:url\" content=\"https:\/\/www.jng-web.com\/ref-auto\/chronologie-mois-par-mois-des-principaux-evenements-qui-ont-marque-la-france-en-2025\/\" \/>\n<meta property=\"og:site_name\" content=\"Optannu\" \/>\n<meta property=\"article:published_time\" content=\"2025-12-13T09:09:32+00:00\" \/>\n<meta property=\"og:image\" content=\"https:\/\/www.jng-web.com\/ref-auto\/wp-content\/uploads\/2025\/09\/man-stargazing-fantasy-night-sky-picjumbo-com-scaled.jpg\" \/>\n\t<meta property=\"og:image:width\" content=\"2560\" \/>\n\t<meta property=\"og:image:height\" content=\"1607\" \/>\n\t<meta property=\"og:image:type\" content=\"image\/jpeg\" \/>\n<meta name=\"author\" content=\"Jerome\" \/>\n<meta name=\"twitter:card\" content=\"summary_large_image\" \/>\n<meta name=\"twitter:label1\" content=\"\u00c9crit par\" \/>\n\t<meta name=\"twitter:data1\" content=\"Jerome\" \/>\n\t<meta name=\"twitter:label2\" content=\"Dur\u00e9e de lecture estim\u00e9e\" \/>\n\t<meta name=\"twitter:data2\" content=\"6 minutes\" \/>\n<script type=\"application\/ld+json\" class=\"yoast-schema-graph\">{\"@context\":\"https:\\\/\\\/schema.org\",\"@graph\":[{\"@type\":\"Article\",\"@id\":\"https:\\\/\\\/www.jng-web.com\\\/ref-auto\\\/chronologie-mois-par-mois-des-principaux-evenements-qui-ont-marque-la-france-en-2025\\\/#article\",\"isPartOf\":{\"@id\":\"https:\\\/\\\/www.jng-web.com\\\/ref-auto\\\/chronologie-mois-par-mois-des-principaux-evenements-qui-ont-marque-la-france-en-2025\\\/\"},\"author\":{\"name\":\"Jerome\",\"@id\":\"https:\\\/\\\/www.jng-web.com\\\/ref-auto\\\/#\\\/schema\\\/person\\\/9b9c81cd6753b27cc78a7072ecb82d8e\"},\"headline\":\"Chronologie mois par mois des principaux \u00e9v\u00e9nements qui ont marqu\u00e9 la France en 2025\",\"datePublished\":\"2025-12-13T09:09:32+00:00\",\"mainEntityOfPage\":{\"@id\":\"https:\\\/\\\/www.jng-web.com\\\/ref-auto\\\/chronologie-mois-par-mois-des-principaux-evenements-qui-ont-marque-la-france-en-2025\\\/\"},\"wordCount\":1101,\"commentCount\":0,\"image\":{\"@id\":\"https:\\\/\\\/www.jng-web.com\\\/ref-auto\\\/chronologie-mois-par-mois-des-principaux-evenements-qui-ont-marque-la-france-en-2025\\\/#primaryimage\"},\"thumbnailUrl\":\"https:\\\/\\\/www.jng-web.com\\\/ref-auto\\\/wp-content\\\/uploads\\\/2025\\\/09\\\/man-stargazing-fantasy-night-sky-picjumbo-com-scaled.jpg\",\"articleSection\":[\"Actualit\u00e9s\"],\"inLanguage\":\"fr-FR\",\"potentialAction\":[{\"@type\":\"CommentAction\",\"name\":\"Comment\",\"target\":[\"https:\\\/\\\/www.jng-web.com\\\/ref-auto\\\/chronologie-mois-par-mois-des-principaux-evenements-qui-ont-marque-la-france-en-2025\\\/#respond\"]}]},{\"@type\":\"WebPage\",\"@id\":\"https:\\\/\\\/www.jng-web.com\\\/ref-auto\\\/chronologie-mois-par-mois-des-principaux-evenements-qui-ont-marque-la-france-en-2025\\\/\",\"url\":\"https:\\\/\\\/www.jng-web.com\\\/ref-auto\\\/chronologie-mois-par-mois-des-principaux-evenements-qui-ont-marque-la-france-en-2025\\\/\",\"name\":\"Chronologie mois par mois des principaux \u00e9v\u00e9nements qui ont marqu\u00e9 la France en 2025 - Optannu\",\"isPartOf\":{\"@id\":\"https:\\\/\\\/www.jng-web.com\\\/ref-auto\\\/#website\"},\"primaryImageOfPage\":{\"@id\":\"https:\\\/\\\/www.jng-web.com\\\/ref-auto\\\/chronologie-mois-par-mois-des-principaux-evenements-qui-ont-marque-la-france-en-2025\\\/#primaryimage\"},\"image\":{\"@id\":\"https:\\\/\\\/www.jng-web.com\\\/ref-auto\\\/chronologie-mois-par-mois-des-principaux-evenements-qui-ont-marque-la-france-en-2025\\\/#primaryimage\"},\"thumbnailUrl\":\"https:\\\/\\\/www.jng-web.com\\\/ref-auto\\\/wp-content\\\/uploads\\\/2025\\\/09\\\/man-stargazing-fantasy-night-sky-picjumbo-com-scaled.jpg\",\"datePublished\":\"2025-12-13T09:09:32+00:00\",\"author\":{\"@id\":\"https:\\\/\\\/www.jng-web.com\\\/ref-auto\\\/#\\\/schema\\\/person\\\/9b9c81cd6753b27cc78a7072ecb82d8e\"},\"breadcrumb\":{\"@id\":\"https:\\\/\\\/www.jng-web.com\\\/ref-auto\\\/chronologie-mois-par-mois-des-principaux-evenements-qui-ont-marque-la-france-en-2025\\\/#breadcrumb\"},\"inLanguage\":\"fr-FR\",\"potentialAction\":[{\"@type\":\"ReadAction\",\"target\":[\"https:\\\/\\\/www.jng-web.com\\\/ref-auto\\\/chronologie-mois-par-mois-des-principaux-evenements-qui-ont-marque-la-france-en-2025\\\/\"]}]},{\"@type\":\"ImageObject\",\"inLanguage\":\"fr-FR\",\"@id\":\"https:\\\/\\\/www.jng-web.com\\\/ref-auto\\\/chronologie-mois-par-mois-des-principaux-evenements-qui-ont-marque-la-france-en-2025\\\/#primaryimage\",\"url\":\"https:\\\/\\\/www.jng-web.com\\\/ref-auto\\\/wp-content\\\/uploads\\\/2025\\\/09\\\/man-stargazing-fantasy-night-sky-picjumbo-com-scaled.jpg\",\"contentUrl\":\"https:\\\/\\\/www.jng-web.com\\\/ref-auto\\\/wp-content\\\/uploads\\\/2025\\\/09\\\/man-stargazing-fantasy-night-sky-picjumbo-com-scaled.jpg\",\"width\":2560,\"height\":1607},{\"@type\":\"BreadcrumbList\",\"@id\":\"https:\\\/\\\/www.jng-web.com\\\/ref-auto\\\/chronologie-mois-par-mois-des-principaux-evenements-qui-ont-marque-la-france-en-2025\\\/#breadcrumb\",\"itemListElement\":[{\"@type\":\"ListItem\",\"position\":1,\"name\":\"Annuaire g\u00e9n\u00e9raliste gratuit\",\"item\":\"https:\\\/\\\/www.jng-web.com\\\/ref-auto\\\/\"},{\"@type\":\"ListItem\",\"position\":2,\"name\":\"Actualit\u00e9s\",\"item\":\"https:\\\/\\\/www.jng-web.com\\\/ref-auto\\\/category\\\/actualites\\\/\"},{\"@type\":\"ListItem\",\"position\":3,\"name\":\"Chronologie mois par mois des principaux \u00e9v\u00e9nements qui ont marqu\u00e9 la France en 2025\"}]},{\"@type\":\"WebSite\",\"@id\":\"https:\\\/\\\/www.jng-web.com\\\/ref-auto\\\/#website\",\"url\":\"https:\\\/\\\/www.jng-web.com\\\/ref-auto\\\/\",\"name\":\"Optannu\",\"description\":\"Guest Blogging : Publier gratuitement vos articles et booster votre r\u00e9f\u00e9rencement !\",\"potentialAction\":[{\"@type\":\"SearchAction\",\"target\":{\"@type\":\"EntryPoint\",\"urlTemplate\":\"https:\\\/\\\/www.jng-web.com\\\/ref-auto\\\/?s={search_term_string}\"},\"query-input\":{\"@type\":\"PropertyValueSpecification\",\"valueRequired\":true,\"valueName\":\"search_term_string\"}}],\"inLanguage\":\"fr-FR\"},{\"@type\":\"Person\",\"@id\":\"https:\\\/\\\/www.jng-web.com\\\/ref-auto\\\/#\\\/schema\\\/person\\\/9b9c81cd6753b27cc78a7072ecb82d8e\",\"name\":\"Jerome\",\"image\":{\"@type\":\"ImageObject\",\"inLanguage\":\"fr-FR\",\"@id\":\"https:\\\/\\\/secure.gravatar.com\\\/avatar\\\/67845112d35b1cf1f1f3c11875432a8ccaa7ba6187cf0b3e820c9fbc6cb40fc6?s=96&d=mm&r=g\",\"url\":\"https:\\\/\\\/secure.gravatar.com\\\/avatar\\\/67845112d35b1cf1f1f3c11875432a8ccaa7ba6187cf0b3e820c9fbc6cb40fc6?s=96&d=mm&r=g\",\"contentUrl\":\"https:\\\/\\\/secure.gravatar.com\\\/avatar\\\/67845112d35b1cf1f1f3c11875432a8ccaa7ba6187cf0b3e820c9fbc6cb40fc6?s=96&d=mm&r=g\",\"caption\":\"Jerome\"},\"sameAs\":[\"https:\\\/\\\/www.jng-web.com\\\/ref-auto\"],\"url\":\"https:\\\/\\\/www.jng-web.com\\\/ref-auto\"}]}<\/script>\n<!-- \/ Yoast SEO plugin. -->","yoast_head_json":{"title":"Chronologie mois par mois des principaux \u00e9v\u00e9nements qui ont marqu\u00e9 la France en 2025 - Optannu","robots":{"index":"index","follow":"follow","max-snippet":"max-snippet:-1","max-image-preview":"max-image-preview:large","max-video-preview":"max-video-preview:-1"},"canonical":"https:\/\/www.jng-web.com\/ref-auto\/chronologie-mois-par-mois-des-principaux-evenements-qui-ont-marque-la-france-en-2025\/","og_locale":"fr_FR","og_type":"article","og_title":"Chronologie mois par mois des principaux \u00e9v\u00e9nements qui ont marqu\u00e9 la France en 2025 - Optannu","og_description":"Voici une chronologie comment\u00e9e mois par mois des principaux \u00e9v\u00e9nements \u2014 politiques, sociaux, culturels et environnementaux \u2014 qui","og_url":"https:\/\/www.jng-web.com\/ref-auto\/chronologie-mois-par-mois-des-principaux-evenements-qui-ont-marque-la-france-en-2025\/","og_site_name":"Optannu","article_published_time":"2025-12-13T09:09:32+00:00","og_image":[{"width":2560,"height":1607,"url":"https:\/\/www.jng-web.com\/ref-auto\/wp-content\/uploads\/2025\/09\/man-stargazing-fantasy-night-sky-picjumbo-com-scaled.jpg","type":"image\/jpeg"}],"author":"Jerome","twitter_card":"summary_large_image","twitter_misc":{"\u00c9crit par":"Jerome","Dur\u00e9e de lecture estim\u00e9e":"6 minutes"},"schema":{"@context":"https:\/\/schema.org","@graph":[{"@type":"Article","@id":"https:\/\/www.jng-web.com\/ref-auto\/chronologie-mois-par-mois-des-principaux-evenements-qui-ont-marque-la-france-en-2025\/#article","isPartOf":{"@id":"https:\/\/www.jng-web.com\/ref-auto\/chronologie-mois-par-mois-des-principaux-evenements-qui-ont-marque-la-france-en-2025\/"},"author":{"name":"Jerome","@id":"https:\/\/www.jng-web.com\/ref-auto\/#\/schema\/person\/9b9c81cd6753b27cc78a7072ecb82d8e"},"headline":"Chronologie mois par mois des principaux \u00e9v\u00e9nements qui ont marqu\u00e9 la France en 2025","datePublished":"2025-12-13T09:09:32+00:00","mainEntityOfPage":{"@id":"https:\/\/www.jng-web.com\/ref-auto\/chronologie-mois-par-mois-des-principaux-evenements-qui-ont-marque-la-france-en-2025\/"},"wordCount":1101,"commentCount":0,"image":{"@id":"https:\/\/www.jng-web.com\/ref-auto\/chronologie-mois-par-mois-des-principaux-evenements-qui-ont-marque-la-france-en-2025\/#primaryimage"},"thumbnailUrl":"https:\/\/www.jng-web.com\/ref-auto\/wp-content\/uploads\/2025\/09\/man-stargazing-fantasy-night-sky-picjumbo-com-scaled.jpg","articleSection":["Actualit\u00e9s"],"inLanguage":"fr-FR","potentialAction":[{"@type":"CommentAction","name":"Comment","target":["https:\/\/www.jng-web.com\/ref-auto\/chronologie-mois-par-mois-des-principaux-evenements-qui-ont-marque-la-france-en-2025\/#respond"]}]},{"@type":"WebPage","@id":"https:\/\/www.jng-web.com\/ref-auto\/chronologie-mois-par-mois-des-principaux-evenements-qui-ont-marque-la-france-en-2025\/","url":"https:\/\/www.jng-web.com\/ref-auto\/chronologie-mois-par-mois-des-principaux-evenements-qui-ont-marque-la-france-en-2025\/","name":"Chronologie mois par mois des principaux \u00e9v\u00e9nements qui ont marqu\u00e9 la France en 2025 - Optannu","isPartOf":{"@id":"https:\/\/www.jng-web.com\/ref-auto\/#website"},"primaryImageOfPage":{"@id":"https:\/\/www.jng-web.com\/ref-auto\/chronologie-mois-par-mois-des-principaux-evenements-qui-ont-marque-la-france-en-2025\/#primaryimage"},"image":{"@id":"https:\/\/www.jng-web.com\/ref-auto\/chronologie-mois-par-mois-des-principaux-evenements-qui-ont-marque-la-france-en-2025\/#primaryimage"},"thumbnailUrl":"https:\/\/www.jng-web.com\/ref-auto\/wp-content\/uploads\/2025\/09\/man-stargazing-fantasy-night-sky-picjumbo-com-scaled.jpg","datePublished":"2025-12-13T09:09:32+00:00","author":{"@id":"https:\/\/www.jng-web.com\/ref-auto\/#\/schema\/person\/9b9c81cd6753b27cc78a7072ecb82d8e"},"breadcrumb":{"@id":"https:\/\/www.jng-web.com\/ref-auto\/chronologie-mois-par-mois-des-principaux-evenements-qui-ont-marque-la-france-en-2025\/#breadcrumb"},"inLanguage":"fr-FR","potentialAction":[{"@type":"ReadAction","target":["https:\/\/www.jng-web.com\/ref-auto\/chronologie-mois-par-mois-des-principaux-evenements-qui-ont-marque-la-france-en-2025\/"]}]},{"@type":"ImageObject","inLanguage":"fr-FR","@id":"https:\/\/www.jng-web.com\/ref-auto\/chronologie-mois-par-mois-des-principaux-evenements-qui-ont-marque-la-france-en-2025\/#primaryimage","url":"https:\/\/www.jng-web.com\/ref-auto\/wp-content\/uploads\/2025\/09\/man-stargazing-fantasy-night-sky-picjumbo-com-scaled.jpg","contentUrl":"https:\/\/www.jng-web.com\/ref-auto\/wp-content\/uploads\/2025\/09\/man-stargazing-fantasy-night-sky-picjumbo-com-scaled.jpg","width":2560,"height":1607},{"@type":"BreadcrumbList","@id":"https:\/\/www.jng-web.com\/ref-auto\/chronologie-mois-par-mois-des-principaux-evenements-qui-ont-marque-la-france-en-2025\/#breadcrumb","itemListElement":[{"@type":"ListItem","position":1,"name":"Annuaire g\u00e9n\u00e9raliste gratuit","item":"https:\/\/www.jng-web.com\/ref-auto\/"},{"@type":"ListItem","position":2,"name":"Actualit\u00e9s","item":"https:\/\/www.jng-web.com\/ref-auto\/category\/actualites\/"},{"@type":"ListItem","position":3,"name":"Chronologie mois par mois des principaux \u00e9v\u00e9nements qui ont marqu\u00e9 la France en 2025"}]},{"@type":"WebSite","@id":"https:\/\/www.jng-web.com\/ref-auto\/#website","url":"https:\/\/www.jng-web.com\/ref-auto\/","name":"Optannu","description":"Guest Blogging : Publier gratuitement vos articles et booster votre r\u00e9f\u00e9rencement !","potentialAction":[{"@type":"SearchAction","target":{"@type":"EntryPoint","urlTemplate":"https:\/\/www.jng-web.com\/ref-auto\/?s={search_term_string}"},"query-input":{"@type":"PropertyValueSpecification","valueRequired":true,"valueName":"search_term_string"}}],"inLanguage":"fr-FR"},{"@type":"Person","@id":"https:\/\/www.jng-web.com\/ref-auto\/#\/schema\/person\/9b9c81cd6753b27cc78a7072ecb82d8e","name":"Jerome","image":{"@type":"ImageObject","inLanguage":"fr-FR","@id":"https:\/\/secure.gravatar.com\/avatar\/67845112d35b1cf1f1f3c11875432a8ccaa7ba6187cf0b3e820c9fbc6cb40fc6?s=96&d=mm&r=g","url":"https:\/\/secure.gravatar.com\/avatar\/67845112d35b1cf1f1f3c11875432a8ccaa7ba6187cf0b3e820c9fbc6cb40fc6?s=96&d=mm&r=g","contentUrl":"https:\/\/secure.gravatar.com\/avatar\/67845112d35b1cf1f1f3c11875432a8ccaa7ba6187cf0b3e820c9fbc6cb40fc6?s=96&d=mm&r=g","caption":"Jerome"},"sameAs":["https:\/\/www.jng-web.com\/ref-auto"],"url":"https:\/\/www.jng-web.com\/ref-auto"}]}},"views":1175,"_links":{"self":[{"href":"https:\/\/www.jng-web.com\/ref-auto\/wp-json\/wp\/v2\/posts\/400325","targetHints":{"allow":["GET"]}}],"collection":[{"href":"https:\/\/www.jng-web.com\/ref-auto\/wp-json\/wp\/v2\/posts"}],"about":[{"href":"https:\/\/www.jng-web.com\/ref-auto\/wp-json\/wp\/v2\/types\/post"}],"author":[{"embeddable":true,"href":"https:\/\/www.jng-web.com\/ref-auto\/wp-json\/wp\/v2\/users\/1"}],"replies":[{"embeddable":true,"href":"https:\/\/www.jng-web.com\/ref-auto\/wp-json\/wp\/v2\/comments?post=400325"}],"version-history":[{"count":1,"href":"https:\/\/www.jng-web.com\/ref-auto\/wp-json\/wp\/v2\/posts\/400325\/revisions"}],"predecessor-version":[{"id":400328,"href":"https:\/\/www.jng-web.com\/ref-auto\/wp-json\/wp\/v2\/posts\/400325\/revisions\/400328"}],"wp:featuredmedia":[{"embeddable":true,"href":"https:\/\/www.jng-web.com\/ref-auto\/wp-json\/wp\/v2\/media\/340620"}],"wp:attachment":[{"href":"https:\/\/www.jng-web.com\/ref-auto\/wp-json\/wp\/v2\/media?parent=400325"}],"wp:term":[{"taxonomy":"category","embeddable":true,"href":"https:\/\/www.jng-web.com\/ref-auto\/wp-json\/wp\/v2\/categories?post=400325"},{"taxonomy":"post_tag","embeddable":true,"href":"https:\/\/www.jng-web.com\/ref-auto\/wp-json\/wp\/v2\/tags?post=400325"}],"curies":[{"name":"wp","href":"https:\/\/api.w.org\/{rel}","templated":true}]}}