{"id":402910,"date":"2025-12-17T21:12:12","date_gmt":"2025-12-17T20:12:12","guid":{"rendered":"https:\/\/www.jng-web.com\/ref-auto\/?p=402910"},"modified":"2025-12-17T21:12:14","modified_gmt":"2025-12-17T20:12:14","slug":"quelle-societe-post-ia-au-sens-social-et-civilisationnel","status":"publish","type":"post","link":"https:\/\/www.jng-web.com\/ref-auto\/quelle-societe-post-ia-au-sens-social-et-civilisationnel\/","title":{"rendered":"Quelle soci\u00e9t\u00e9 post-IA, au sens social et civilisationnel ?"},"content":{"rendered":"<div id=\"6729917897\" class=\"advads-pub advads-entity-placement\"><script async src=\"https:\/\/pagead2.googlesyndication.com\/pagead\/js\/adsbygoogle.js?client=ca-pub-4944504088214075\"\r\n     crossorigin=\"anonymous\"><\/script><\/div>\n<h2 class=\"wp-block-heading\">\ud83c\udf0d Qu\u2019est-ce qu\u2019une soci\u00e9t\u00e9 post-IA ?<\/h2>\n\n\n\n<p>Une <strong>soci\u00e9t\u00e9 post-IA<\/strong> n\u2019est pas une soci\u00e9t\u00e9 <em>sans<\/em> intelligence artificielle, mais une soci\u00e9t\u00e9 o\u00f9 :<\/p>\n\n\n\n<blockquote class=\"wp-block-quote is-layout-flow wp-block-quote-is-layout-flow\">\n<p><strong>L\u2019IA est banalis\u00e9e, int\u00e9gr\u00e9e partout, et ne constitue plus un avantage comp\u00e9titif en soi.<\/strong><\/p>\n<\/blockquote>\n\n\n\n<p>Comme l\u2019\u00e9lectricit\u00e9 ou Internet aujourd\u2019hui.<\/p>\n\n\n\n<hr class=\"wp-block-separator has-alpha-channel-opacity\"\/>\n\n\n\n<h2 class=\"wp-block-heading\">\ud83e\udde0 Caract\u00e9ristiques cl\u00e9s<\/h2>\n\n\n\n<h3 class=\"wp-block-heading\">1. <strong>Fin de la raret\u00e9 cognitive<\/strong><\/h3>\n\n\n\n<ul class=\"wp-block-list\">\n<li>Les t\u00e2ches intellectuelles standardis\u00e9es sont automatis\u00e9es.<\/li>\n\n\n\n<li>La valeur ne vient plus de \u201csavoir faire\u201d, mais de :\n<ul class=\"wp-block-list\">\n<li><strong>jugement<\/strong><\/li>\n\n\n\n<li><strong>sens<\/strong><\/li>\n\n\n\n<li><strong>cr\u00e9ativit\u00e9<\/strong><\/li>\n\n\n\n<li><strong>responsabilit\u00e9<\/strong><\/li>\n<\/ul>\n<\/li>\n<\/ul>\n\n\n\n<p>\ud83d\udc49 Le dipl\u00f4me perd du poids, le discernement en gagne.<\/p>\n\n\n\n<hr class=\"wp-block-separator has-alpha-channel-opacity\"\/>\n\n\n\n<h3 class=\"wp-block-heading\">2. <strong>Red\u00e9finition du travail<\/strong><\/h3>\n\n\n\n<ul class=\"wp-block-list\">\n<li>Disparition massive des emplois purement cognitifs r\u00e9p\u00e9titifs.<\/li>\n\n\n\n<li>Mont\u00e9e de :\n<ul class=\"wp-block-list\">\n<li>m\u00e9tiers hybrides (humain + IA)<\/li>\n\n\n\n<li>micro-entrepreneuriat<\/li>\n\n\n\n<li>travail orient\u00e9 <strong>probl\u00e8mes r\u00e9els<\/strong>, pas proc\u00e9dures<\/li>\n<\/ul>\n<\/li>\n<\/ul>\n\n\n\n<blockquote class=\"wp-block-quote is-layout-flow wp-block-quote-is-layout-flow\">\n<p>Le travail devient moins un emploi, plus une <strong>mission<\/strong>.<\/p>\n<\/blockquote>\n\n\n\n<hr class=\"wp-block-separator has-alpha-channel-opacity\"\/>\n\n\n\n<h3 class=\"wp-block-heading\">3. <strong>Pouvoir d\u00e9plac\u00e9<\/strong><\/h3>\n\n\n\n<ul class=\"wp-block-list\">\n<li>Le pouvoir n\u2019est plus dans l\u2019information (accessible \u00e0 tous),<\/li>\n\n\n\n<li>mais dans :\n<ul class=\"wp-block-list\">\n<li>l\u2019<strong>intention<\/strong><\/li>\n\n\n\n<li>la capacit\u00e9 \u00e0 poser les bonnes questions<\/li>\n\n\n\n<li>l\u2019acc\u00e8s aux ressources physiques (\u00e9nergie, mati\u00e8res, territoire)<\/li>\n<\/ul>\n<\/li>\n<\/ul>\n\n\n\n<hr class=\"wp-block-separator has-alpha-channel-opacity\"\/>\n\n\n\n<h3 class=\"wp-block-heading\">4. <strong>\u00c9conomie de l\u2019abondance partielle<\/strong><\/h3>\n\n\n\n<ul class=\"wp-block-list\">\n<li>Abondance :\n<ul class=\"wp-block-list\">\n<li>contenu<\/li>\n\n\n\n<li>services num\u00e9riques<\/li>\n\n\n\n<li>conseil, design, code<\/li>\n<\/ul>\n<\/li>\n\n\n\n<li>Raret\u00e9 persistante :\n<ul class=\"wp-block-list\">\n<li>attention<\/li>\n\n\n\n<li>confiance<\/li>\n\n\n\n<li>relations humaines<\/li>\n\n\n\n<li>r\u00e9el (temps, corps, nature)<\/li>\n<\/ul>\n<\/li>\n<\/ul>\n\n\n\n<hr class=\"wp-block-separator has-alpha-channel-opacity\"\/>\n\n\n\n<h3 class=\"wp-block-heading\">5. <strong>Crise du sens<\/strong><\/h3>\n\n\n\n<ul class=\"wp-block-list\">\n<li>Quand l\u2019IA \u201cfait mieux\u201d, l\u2019humain doit <strong>red\u00e9finir sa valeur<\/strong>.<\/li>\n\n\n\n<li>Retour de :\n<ul class=\"wp-block-list\">\n<li>philosophie<\/li>\n\n\n\n<li>spiritualit\u00e9<\/li>\n\n\n\n<li>\u00e9thique<\/li>\n\n\n\n<li>qu\u00eate identitaire<\/li>\n<\/ul>\n<\/li>\n<\/ul>\n\n\n\n<blockquote class=\"wp-block-quote is-layout-flow wp-block-quote-is-layout-flow\">\n<p>La question centrale devient :<br><strong>\u00ab Pourquoi faire, si je peux tout faire ? \u00bb<\/strong><\/p>\n<\/blockquote>\n\n\n\n<hr class=\"wp-block-separator has-alpha-channel-opacity\"\/>\n\n\n\n<h2 class=\"wp-block-heading\">\ud83c\udfdb\ufe0f Transformations soci\u00e9tales majeures<\/h2>\n\n\n\n<h3 class=\"wp-block-heading\">\u00c9ducation<\/h3>\n\n\n\n<ul class=\"wp-block-list\">\n<li>Apprendre <strong>\u00e0 penser<\/strong>, pas \u00e0 m\u00e9moriser.<\/li>\n\n\n\n<li>P\u00e9dagogie personnalis\u00e9e, mentorat, projets r\u00e9els.<\/li>\n<\/ul>\n\n\n\n<h3 class=\"wp-block-heading\">Politique<\/h3>\n\n\n\n<ul class=\"wp-block-list\">\n<li>Tension entre :\n<ul class=\"wp-block-list\">\n<li>centralisation technologique<\/li>\n\n\n\n<li>autonomie locale<\/li>\n<\/ul>\n<\/li>\n\n\n\n<li>D\u00e9bat sur revenu universel, temps lib\u00e9r\u00e9, utilit\u00e9 sociale.<\/li>\n<\/ul>\n\n\n\n<h3 class=\"wp-block-heading\">Culture<\/h3>\n\n\n\n<ul class=\"wp-block-list\">\n<li>Explosion de cr\u00e9ations humaines \u201cauthentiques\u201d.<\/li>\n\n\n\n<li>Valeur accrue du fait main, du vivant, du non-optimis\u00e9.<\/li>\n<\/ul>\n\n\n\n<hr class=\"wp-block-separator has-alpha-channel-opacity\"\/>\n\n\n\n<h2 class=\"wp-block-heading\">\u26a0\ufe0f Risques majeurs<\/h2>\n\n\n\n<ul class=\"wp-block-list\">\n<li>Hyper-concentration du pouvoir (big tech \/ \u00c9tats).<\/li>\n\n\n\n<li>D\u00e9classement psychologique de masse.<\/li>\n\n\n\n<li>Soci\u00e9t\u00e9 \u00e0 deux vitesses :\n<ul class=\"wp-block-list\">\n<li>ceux qui <strong>pilotent l\u2019IA<\/strong><\/li>\n\n\n\n<li>ceux qui la subissent.<\/li>\n<\/ul>\n<\/li>\n<\/ul>\n\n\n\n<hr class=\"wp-block-separator has-alpha-channel-opacity\"\/>\n\n\n\n<h2 class=\"wp-block-heading\">\ud83c\udf31 Opportunit\u00e9 centrale<\/h2>\n\n\n\n<p>La soci\u00e9t\u00e9 post-IA peut \u00eatre :<\/p>\n\n\n\n<ul class=\"wp-block-list\">\n<li>soit <strong>post-humaine<\/strong> (d\u00e9responsabilisation),<\/li>\n\n\n\n<li>soit <strong>hyper-humaine<\/strong> (retour au sens, au lien, \u00e0 la sagesse).<\/li>\n<\/ul>\n\n\n\n<p>\ud83d\udc49 Le facteur d\u00e9cisif n\u2019est pas la technologie, mais <strong>le cadre moral et politique<\/strong>.<\/p>\n","protected":false},"excerpt":{"rendered":"<p>\ud83c\udf0d Qu\u2019est-ce qu\u2019une soci\u00e9t\u00e9 post-IA ? Une soci\u00e9t\u00e9 post-IA n\u2019est pas une soci\u00e9t\u00e9 sans intelligence artificielle, mais une<\/p>\n","protected":false},"author":1,"featured_media":246706,"comment_status":"open","ping_status":"open","sticky":false,"template":"","format":"standard","meta":{"rop_custom_images_group":[],"rop_custom_messages_group":[],"rop_publish_now":"initial","rop_publish_now_accounts":{"facebook_2944925605560295_361066357320011":"","twitter_792688215148855296_792688215148855296":""},"rop_publish_now_history":[],"rop_publish_now_status":"pending","footnotes":""},"categories":[2],"tags":[864],"class_list":["post-402910","post","type-post","status-publish","format-standard","has-post-thumbnail","hentry","category-actualites","tag-environnement"],"yoast_head":"<!-- This site is optimized with the Yoast SEO plugin v27.4 - https:\/\/yoast.com\/product\/yoast-seo-wordpress\/ -->\n<title>Quelle soci\u00e9t\u00e9 post-IA, au sens social et civilisationnel ? - Optannu<\/title>\n<meta name=\"robots\" content=\"index, follow, max-snippet:-1, max-image-preview:large, max-video-preview:-1\" \/>\n<link rel=\"canonical\" href=\"https:\/\/www.jng-web.com\/ref-auto\/quelle-societe-post-ia-au-sens-social-et-civilisationnel\/\" \/>\n<meta property=\"og:locale\" content=\"fr_FR\" \/>\n<meta property=\"og:type\" content=\"article\" \/>\n<meta property=\"og:title\" content=\"Quelle soci\u00e9t\u00e9 post-IA, au sens social et civilisationnel ? - Optannu\" \/>\n<meta property=\"og:description\" content=\"\ud83c\udf0d Qu\u2019est-ce qu\u2019une soci\u00e9t\u00e9 post-IA ? Une soci\u00e9t\u00e9 post-IA n\u2019est pas une soci\u00e9t\u00e9 sans intelligence artificielle, mais une\" \/>\n<meta property=\"og:url\" content=\"https:\/\/www.jng-web.com\/ref-auto\/quelle-societe-post-ia-au-sens-social-et-civilisationnel\/\" \/>\n<meta property=\"og:site_name\" content=\"Optannu\" \/>\n<meta property=\"article:published_time\" content=\"2025-12-17T20:12:12+00:00\" \/>\n<meta property=\"article:modified_time\" content=\"2025-12-17T20:12:14+00:00\" \/>\n<meta property=\"og:image\" content=\"https:\/\/www.jng-web.com\/ref-auto\/wp-content\/uploads\/2025\/04\/young-stock-trader-in-front-of-wall-street-building-picjumbo-com-scaled.jpeg\" \/>\n\t<meta property=\"og:image:width\" content=\"2560\" \/>\n\t<meta property=\"og:image:height\" content=\"1707\" \/>\n\t<meta property=\"og:image:type\" content=\"image\/jpeg\" \/>\n<meta name=\"author\" content=\"Jerome\" \/>\n<meta name=\"twitter:card\" content=\"summary_large_image\" \/>\n<meta name=\"twitter:label1\" content=\"\u00c9crit par\" \/>\n\t<meta name=\"twitter:data1\" content=\"Jerome\" \/>\n\t<meta name=\"twitter:label2\" content=\"Dur\u00e9e de lecture estim\u00e9e\" \/>\n\t<meta name=\"twitter:data2\" content=\"2 minutes\" \/>\n<script type=\"application\/ld+json\" class=\"yoast-schema-graph\">{\"@context\":\"https:\\\/\\\/schema.org\",\"@graph\":[{\"@type\":\"Article\",\"@id\":\"https:\\\/\\\/www.jng-web.com\\\/ref-auto\\\/quelle-societe-post-ia-au-sens-social-et-civilisationnel\\\/#article\",\"isPartOf\":{\"@id\":\"https:\\\/\\\/www.jng-web.com\\\/ref-auto\\\/quelle-societe-post-ia-au-sens-social-et-civilisationnel\\\/\"},\"author\":{\"name\":\"Jerome\",\"@id\":\"https:\\\/\\\/www.jng-web.com\\\/ref-auto\\\/#\\\/schema\\\/person\\\/9b9c81cd6753b27cc78a7072ecb82d8e\"},\"headline\":\"Quelle soci\u00e9t\u00e9 post-IA, au sens social et civilisationnel ?\",\"datePublished\":\"2025-12-17T20:12:12+00:00\",\"dateModified\":\"2025-12-17T20:12:14+00:00\",\"mainEntityOfPage\":{\"@id\":\"https:\\\/\\\/www.jng-web.com\\\/ref-auto\\\/quelle-societe-post-ia-au-sens-social-et-civilisationnel\\\/\"},\"wordCount\":347,\"commentCount\":0,\"image\":{\"@id\":\"https:\\\/\\\/www.jng-web.com\\\/ref-auto\\\/quelle-societe-post-ia-au-sens-social-et-civilisationnel\\\/#primaryimage\"},\"thumbnailUrl\":\"https:\\\/\\\/www.jng-web.com\\\/ref-auto\\\/wp-content\\\/uploads\\\/2025\\\/04\\\/young-stock-trader-in-front-of-wall-street-building-picjumbo-com-scaled.jpeg\",\"keywords\":[\"environnement\"],\"articleSection\":[\"Actualit\u00e9s\"],\"inLanguage\":\"fr-FR\",\"potentialAction\":[{\"@type\":\"CommentAction\",\"name\":\"Comment\",\"target\":[\"https:\\\/\\\/www.jng-web.com\\\/ref-auto\\\/quelle-societe-post-ia-au-sens-social-et-civilisationnel\\\/#respond\"]}]},{\"@type\":\"WebPage\",\"@id\":\"https:\\\/\\\/www.jng-web.com\\\/ref-auto\\\/quelle-societe-post-ia-au-sens-social-et-civilisationnel\\\/\",\"url\":\"https:\\\/\\\/www.jng-web.com\\\/ref-auto\\\/quelle-societe-post-ia-au-sens-social-et-civilisationnel\\\/\",\"name\":\"Quelle soci\u00e9t\u00e9 post-IA, au sens social et civilisationnel ? - Optannu\",\"isPartOf\":{\"@id\":\"https:\\\/\\\/www.jng-web.com\\\/ref-auto\\\/#website\"},\"primaryImageOfPage\":{\"@id\":\"https:\\\/\\\/www.jng-web.com\\\/ref-auto\\\/quelle-societe-post-ia-au-sens-social-et-civilisationnel\\\/#primaryimage\"},\"image\":{\"@id\":\"https:\\\/\\\/www.jng-web.com\\\/ref-auto\\\/quelle-societe-post-ia-au-sens-social-et-civilisationnel\\\/#primaryimage\"},\"thumbnailUrl\":\"https:\\\/\\\/www.jng-web.com\\\/ref-auto\\\/wp-content\\\/uploads\\\/2025\\\/04\\\/young-stock-trader-in-front-of-wall-street-building-picjumbo-com-scaled.jpeg\",\"datePublished\":\"2025-12-17T20:12:12+00:00\",\"dateModified\":\"2025-12-17T20:12:14+00:00\",\"author\":{\"@id\":\"https:\\\/\\\/www.jng-web.com\\\/ref-auto\\\/#\\\/schema\\\/person\\\/9b9c81cd6753b27cc78a7072ecb82d8e\"},\"breadcrumb\":{\"@id\":\"https:\\\/\\\/www.jng-web.com\\\/ref-auto\\\/quelle-societe-post-ia-au-sens-social-et-civilisationnel\\\/#breadcrumb\"},\"inLanguage\":\"fr-FR\",\"potentialAction\":[{\"@type\":\"ReadAction\",\"target\":[\"https:\\\/\\\/www.jng-web.com\\\/ref-auto\\\/quelle-societe-post-ia-au-sens-social-et-civilisationnel\\\/\"]}]},{\"@type\":\"ImageObject\",\"inLanguage\":\"fr-FR\",\"@id\":\"https:\\\/\\\/www.jng-web.com\\\/ref-auto\\\/quelle-societe-post-ia-au-sens-social-et-civilisationnel\\\/#primaryimage\",\"url\":\"https:\\\/\\\/www.jng-web.com\\\/ref-auto\\\/wp-content\\\/uploads\\\/2025\\\/04\\\/young-stock-trader-in-front-of-wall-street-building-picjumbo-com-scaled.jpeg\",\"contentUrl\":\"https:\\\/\\\/www.jng-web.com\\\/ref-auto\\\/wp-content\\\/uploads\\\/2025\\\/04\\\/young-stock-trader-in-front-of-wall-street-building-picjumbo-com-scaled.jpeg\",\"width\":2560,\"height\":1707},{\"@type\":\"BreadcrumbList\",\"@id\":\"https:\\\/\\\/www.jng-web.com\\\/ref-auto\\\/quelle-societe-post-ia-au-sens-social-et-civilisationnel\\\/#breadcrumb\",\"itemListElement\":[{\"@type\":\"ListItem\",\"position\":1,\"name\":\"Annuaire g\u00e9n\u00e9raliste gratuit\",\"item\":\"https:\\\/\\\/www.jng-web.com\\\/ref-auto\\\/\"},{\"@type\":\"ListItem\",\"position\":2,\"name\":\"Actualit\u00e9s\",\"item\":\"https:\\\/\\\/www.jng-web.com\\\/ref-auto\\\/category\\\/actualites\\\/\"},{\"@type\":\"ListItem\",\"position\":3,\"name\":\"Quelle soci\u00e9t\u00e9 post-IA, au sens social et civilisationnel ?\"}]},{\"@type\":\"WebSite\",\"@id\":\"https:\\\/\\\/www.jng-web.com\\\/ref-auto\\\/#website\",\"url\":\"https:\\\/\\\/www.jng-web.com\\\/ref-auto\\\/\",\"name\":\"Optannu\",\"description\":\"Guest Blogging : Publier gratuitement vos articles et booster votre r\u00e9f\u00e9rencement !\",\"potentialAction\":[{\"@type\":\"SearchAction\",\"target\":{\"@type\":\"EntryPoint\",\"urlTemplate\":\"https:\\\/\\\/www.jng-web.com\\\/ref-auto\\\/?s={search_term_string}\"},\"query-input\":{\"@type\":\"PropertyValueSpecification\",\"valueRequired\":true,\"valueName\":\"search_term_string\"}}],\"inLanguage\":\"fr-FR\"},{\"@type\":\"Person\",\"@id\":\"https:\\\/\\\/www.jng-web.com\\\/ref-auto\\\/#\\\/schema\\\/person\\\/9b9c81cd6753b27cc78a7072ecb82d8e\",\"name\":\"Jerome\",\"image\":{\"@type\":\"ImageObject\",\"inLanguage\":\"fr-FR\",\"@id\":\"https:\\\/\\\/secure.gravatar.com\\\/avatar\\\/67845112d35b1cf1f1f3c11875432a8ccaa7ba6187cf0b3e820c9fbc6cb40fc6?s=96&d=mm&r=g\",\"url\":\"https:\\\/\\\/secure.gravatar.com\\\/avatar\\\/67845112d35b1cf1f1f3c11875432a8ccaa7ba6187cf0b3e820c9fbc6cb40fc6?s=96&d=mm&r=g\",\"contentUrl\":\"https:\\\/\\\/secure.gravatar.com\\\/avatar\\\/67845112d35b1cf1f1f3c11875432a8ccaa7ba6187cf0b3e820c9fbc6cb40fc6?s=96&d=mm&r=g\",\"caption\":\"Jerome\"},\"sameAs\":[\"https:\\\/\\\/www.jng-web.com\\\/ref-auto\"],\"url\":\"https:\\\/\\\/www.jng-web.com\\\/ref-auto\"}]}<\/script>\n<!-- \/ Yoast SEO plugin. -->","yoast_head_json":{"title":"Quelle soci\u00e9t\u00e9 post-IA, au sens social et civilisationnel ? - Optannu","robots":{"index":"index","follow":"follow","max-snippet":"max-snippet:-1","max-image-preview":"max-image-preview:large","max-video-preview":"max-video-preview:-1"},"canonical":"https:\/\/www.jng-web.com\/ref-auto\/quelle-societe-post-ia-au-sens-social-et-civilisationnel\/","og_locale":"fr_FR","og_type":"article","og_title":"Quelle soci\u00e9t\u00e9 post-IA, au sens social et civilisationnel ? - Optannu","og_description":"\ud83c\udf0d Qu\u2019est-ce qu\u2019une soci\u00e9t\u00e9 post-IA ? Une soci\u00e9t\u00e9 post-IA n\u2019est pas une soci\u00e9t\u00e9 sans intelligence artificielle, mais une","og_url":"https:\/\/www.jng-web.com\/ref-auto\/quelle-societe-post-ia-au-sens-social-et-civilisationnel\/","og_site_name":"Optannu","article_published_time":"2025-12-17T20:12:12+00:00","article_modified_time":"2025-12-17T20:12:14+00:00","og_image":[{"width":2560,"height":1707,"url":"https:\/\/www.jng-web.com\/ref-auto\/wp-content\/uploads\/2025\/04\/young-stock-trader-in-front-of-wall-street-building-picjumbo-com-scaled.jpeg","type":"image\/jpeg"}],"author":"Jerome","twitter_card":"summary_large_image","twitter_misc":{"\u00c9crit par":"Jerome","Dur\u00e9e de lecture estim\u00e9e":"2 minutes"},"schema":{"@context":"https:\/\/schema.org","@graph":[{"@type":"Article","@id":"https:\/\/www.jng-web.com\/ref-auto\/quelle-societe-post-ia-au-sens-social-et-civilisationnel\/#article","isPartOf":{"@id":"https:\/\/www.jng-web.com\/ref-auto\/quelle-societe-post-ia-au-sens-social-et-civilisationnel\/"},"author":{"name":"Jerome","@id":"https:\/\/www.jng-web.com\/ref-auto\/#\/schema\/person\/9b9c81cd6753b27cc78a7072ecb82d8e"},"headline":"Quelle soci\u00e9t\u00e9 post-IA, au sens social et civilisationnel ?","datePublished":"2025-12-17T20:12:12+00:00","dateModified":"2025-12-17T20:12:14+00:00","mainEntityOfPage":{"@id":"https:\/\/www.jng-web.com\/ref-auto\/quelle-societe-post-ia-au-sens-social-et-civilisationnel\/"},"wordCount":347,"commentCount":0,"image":{"@id":"https:\/\/www.jng-web.com\/ref-auto\/quelle-societe-post-ia-au-sens-social-et-civilisationnel\/#primaryimage"},"thumbnailUrl":"https:\/\/www.jng-web.com\/ref-auto\/wp-content\/uploads\/2025\/04\/young-stock-trader-in-front-of-wall-street-building-picjumbo-com-scaled.jpeg","keywords":["environnement"],"articleSection":["Actualit\u00e9s"],"inLanguage":"fr-FR","potentialAction":[{"@type":"CommentAction","name":"Comment","target":["https:\/\/www.jng-web.com\/ref-auto\/quelle-societe-post-ia-au-sens-social-et-civilisationnel\/#respond"]}]},{"@type":"WebPage","@id":"https:\/\/www.jng-web.com\/ref-auto\/quelle-societe-post-ia-au-sens-social-et-civilisationnel\/","url":"https:\/\/www.jng-web.com\/ref-auto\/quelle-societe-post-ia-au-sens-social-et-civilisationnel\/","name":"Quelle soci\u00e9t\u00e9 post-IA, au sens social et civilisationnel ? - Optannu","isPartOf":{"@id":"https:\/\/www.jng-web.com\/ref-auto\/#website"},"primaryImageOfPage":{"@id":"https:\/\/www.jng-web.com\/ref-auto\/quelle-societe-post-ia-au-sens-social-et-civilisationnel\/#primaryimage"},"image":{"@id":"https:\/\/www.jng-web.com\/ref-auto\/quelle-societe-post-ia-au-sens-social-et-civilisationnel\/#primaryimage"},"thumbnailUrl":"https:\/\/www.jng-web.com\/ref-auto\/wp-content\/uploads\/2025\/04\/young-stock-trader-in-front-of-wall-street-building-picjumbo-com-scaled.jpeg","datePublished":"2025-12-17T20:12:12+00:00","dateModified":"2025-12-17T20:12:14+00:00","author":{"@id":"https:\/\/www.jng-web.com\/ref-auto\/#\/schema\/person\/9b9c81cd6753b27cc78a7072ecb82d8e"},"breadcrumb":{"@id":"https:\/\/www.jng-web.com\/ref-auto\/quelle-societe-post-ia-au-sens-social-et-civilisationnel\/#breadcrumb"},"inLanguage":"fr-FR","potentialAction":[{"@type":"ReadAction","target":["https:\/\/www.jng-web.com\/ref-auto\/quelle-societe-post-ia-au-sens-social-et-civilisationnel\/"]}]},{"@type":"ImageObject","inLanguage":"fr-FR","@id":"https:\/\/www.jng-web.com\/ref-auto\/quelle-societe-post-ia-au-sens-social-et-civilisationnel\/#primaryimage","url":"https:\/\/www.jng-web.com\/ref-auto\/wp-content\/uploads\/2025\/04\/young-stock-trader-in-front-of-wall-street-building-picjumbo-com-scaled.jpeg","contentUrl":"https:\/\/www.jng-web.com\/ref-auto\/wp-content\/uploads\/2025\/04\/young-stock-trader-in-front-of-wall-street-building-picjumbo-com-scaled.jpeg","width":2560,"height":1707},{"@type":"BreadcrumbList","@id":"https:\/\/www.jng-web.com\/ref-auto\/quelle-societe-post-ia-au-sens-social-et-civilisationnel\/#breadcrumb","itemListElement":[{"@type":"ListItem","position":1,"name":"Annuaire g\u00e9n\u00e9raliste gratuit","item":"https:\/\/www.jng-web.com\/ref-auto\/"},{"@type":"ListItem","position":2,"name":"Actualit\u00e9s","item":"https:\/\/www.jng-web.com\/ref-auto\/category\/actualites\/"},{"@type":"ListItem","position":3,"name":"Quelle soci\u00e9t\u00e9 post-IA, au sens social et civilisationnel ?"}]},{"@type":"WebSite","@id":"https:\/\/www.jng-web.com\/ref-auto\/#website","url":"https:\/\/www.jng-web.com\/ref-auto\/","name":"Optannu","description":"Guest Blogging : Publier gratuitement vos articles et booster votre r\u00e9f\u00e9rencement !","potentialAction":[{"@type":"SearchAction","target":{"@type":"EntryPoint","urlTemplate":"https:\/\/www.jng-web.com\/ref-auto\/?s={search_term_string}"},"query-input":{"@type":"PropertyValueSpecification","valueRequired":true,"valueName":"search_term_string"}}],"inLanguage":"fr-FR"},{"@type":"Person","@id":"https:\/\/www.jng-web.com\/ref-auto\/#\/schema\/person\/9b9c81cd6753b27cc78a7072ecb82d8e","name":"Jerome","image":{"@type":"ImageObject","inLanguage":"fr-FR","@id":"https:\/\/secure.gravatar.com\/avatar\/67845112d35b1cf1f1f3c11875432a8ccaa7ba6187cf0b3e820c9fbc6cb40fc6?s=96&d=mm&r=g","url":"https:\/\/secure.gravatar.com\/avatar\/67845112d35b1cf1f1f3c11875432a8ccaa7ba6187cf0b3e820c9fbc6cb40fc6?s=96&d=mm&r=g","contentUrl":"https:\/\/secure.gravatar.com\/avatar\/67845112d35b1cf1f1f3c11875432a8ccaa7ba6187cf0b3e820c9fbc6cb40fc6?s=96&d=mm&r=g","caption":"Jerome"},"sameAs":["https:\/\/www.jng-web.com\/ref-auto"],"url":"https:\/\/www.jng-web.com\/ref-auto"}]}},"views":162,"_links":{"self":[{"href":"https:\/\/www.jng-web.com\/ref-auto\/wp-json\/wp\/v2\/posts\/402910","targetHints":{"allow":["GET"]}}],"collection":[{"href":"https:\/\/www.jng-web.com\/ref-auto\/wp-json\/wp\/v2\/posts"}],"about":[{"href":"https:\/\/www.jng-web.com\/ref-auto\/wp-json\/wp\/v2\/types\/post"}],"author":[{"embeddable":true,"href":"https:\/\/www.jng-web.com\/ref-auto\/wp-json\/wp\/v2\/users\/1"}],"replies":[{"embeddable":true,"href":"https:\/\/www.jng-web.com\/ref-auto\/wp-json\/wp\/v2\/comments?post=402910"}],"version-history":[{"count":1,"href":"https:\/\/www.jng-web.com\/ref-auto\/wp-json\/wp\/v2\/posts\/402910\/revisions"}],"predecessor-version":[{"id":402915,"href":"https:\/\/www.jng-web.com\/ref-auto\/wp-json\/wp\/v2\/posts\/402910\/revisions\/402915"}],"wp:featuredmedia":[{"embeddable":true,"href":"https:\/\/www.jng-web.com\/ref-auto\/wp-json\/wp\/v2\/media\/246706"}],"wp:attachment":[{"href":"https:\/\/www.jng-web.com\/ref-auto\/wp-json\/wp\/v2\/media?parent=402910"}],"wp:term":[{"taxonomy":"category","embeddable":true,"href":"https:\/\/www.jng-web.com\/ref-auto\/wp-json\/wp\/v2\/categories?post=402910"},{"taxonomy":"post_tag","embeddable":true,"href":"https:\/\/www.jng-web.com\/ref-auto\/wp-json\/wp\/v2\/tags?post=402910"}],"curies":[{"name":"wp","href":"https:\/\/api.w.org\/{rel}","templated":true}]}}