{"id":41650,"date":"2023-12-23T07:53:23","date_gmt":"2023-12-23T06:53:23","guid":{"rendered":"https:\/\/www.jng-web.com\/ref-auto\/?p=41650"},"modified":"2023-12-23T07:53:23","modified_gmt":"2023-12-23T06:53:23","slug":"que-fete-t-on-a-la-pentecote","status":"publish","type":"post","link":"https:\/\/www.jng-web.com\/ref-auto\/que-fete-t-on-a-la-pentecote\/","title":{"rendered":"Que f\u00eate-t-on \u00e0 la Pentec\u00f4te ?"},"content":{"rendered":"<div id=\"6729917897\" class=\"advads-pub advads-entity-placement\"><script async src=\"https:\/\/pagead2.googlesyndication.com\/pagead\/js\/adsbygoogle.js?client=ca-pub-4944504088214075\"\r\n     crossorigin=\"anonymous\"><\/script><\/div><p>\u00c0 la Pentec\u00f4te, on c\u00e9l\u00e8bre la descente du Saint-Esprit sur les disciples de J\u00e9sus, selon la tradition chr\u00e9tienne. La Pentec\u00f4te est consid\u00e9r\u00e9e comme l&#8217;une des f\u00eates les plus importantes du calendrier liturgique chr\u00e9tien, apr\u00e8s P\u00e2ques.<\/p>\n<p>La Pentec\u00f4te se situe cinquante jours apr\u00e8s P\u00e2ques et dix jours apr\u00e8s l&#8217;Ascension. Elle comm\u00e9more l&#8217;\u00e9v\u00e9nement d\u00e9crit dans le Nouveau Testament, plus pr\u00e9cis\u00e9ment dans les Actes des Ap\u00f4tres. Selon le r\u00e9cit biblique, les disciples de J\u00e9sus \u00e9taient r\u00e9unis dans une pi\u00e8ce lorsqu&#8217;ils ont \u00e9t\u00e9 visit\u00e9s par le Saint-Esprit sous la forme de langues de feu. Cela leur a donn\u00e9 le don de parler diff\u00e9rentes langues et de pr\u00eacher l&#8217;\u00c9vangile avec puissance.<\/p>\n<p>La f\u00eate de la Pentec\u00f4te est \u00e9galement associ\u00e9e \u00e0 la naissance de l&#8217;\u00c9glise chr\u00e9tienne. Apr\u00e8s avoir re\u00e7u le Saint-Esprit, les disciples sont sortis et ont commenc\u00e9 \u00e0 pr\u00eacher, ce qui a conduit \u00e0 la conversion de nombreuses personnes. Cet \u00e9v\u00e9nement marque ainsi le d\u00e9but de la propagation du message chr\u00e9tien \u00e0 travers le monde.<\/p>\n<p>La Pentec\u00f4te est g\u00e9n\u00e9ralement c\u00e9l\u00e9br\u00e9e par les chr\u00e9tiens par des pri\u00e8res, des services religieux, des chants et des lectures bibliques sp\u00e9ciales. Dans certains pays, des processions, des danses et des manifestations de l&#8217;Esprit Saint sont \u00e9galement organis\u00e9es. La couleur liturgique associ\u00e9e \u00e0 la Pentec\u00f4te est souvent le rouge, symbolisant le feu du Saint-Esprit.<\/p>\n<p>Il est important de noter que la signification et les traditions entourant la Pentec\u00f4te peuvent varier l\u00e9g\u00e8rement entre les diff\u00e9rentes confessions chr\u00e9tiennes.<\/p>\n<h2>Pourquoi la Pentec\u00f4te est f\u00e9ri\u00e9 ?<\/h2>\n<p>La Pentec\u00f4te est f\u00e9ri\u00e9e dans de nombreux pays, principalement ceux \u00e0 tradition chr\u00e9tienne, en raison de son importance religieuse et historique.<\/p>\n<p>Dans certains pays, la Pentec\u00f4te est c\u00e9l\u00e9br\u00e9e comme une f\u00eate religieuse majeure et est donc reconnue comme un jour f\u00e9ri\u00e9 pour permettre aux fid\u00e8les de participer aux services religieux et de passer du temps en famille. C&#8217;est le cas, par exemple, dans de nombreux pays d&#8217;Europe, tels que la France, l&#8217;Allemagne, l&#8217;Italie et l&#8217;Espagne.<\/p>\n<p>Par ailleurs, dans certains pays, la Pentec\u00f4te est \u00e9galement associ\u00e9e \u00e0 des traditions culturelles et folkloriques qui ont \u00e9t\u00e9 int\u00e9gr\u00e9es \u00e0 la c\u00e9l\u00e9bration religieuse. Ces traditions peuvent inclure des festivals, des processions, des danses ou d&#8217;autres \u00e9v\u00e9nements sp\u00e9ciaux qui sont c\u00e9l\u00e9br\u00e9s publiquement et auxquels participent de nombreuses personnes. La Pentec\u00f4te peut donc \u00eatre consid\u00e9r\u00e9e comme un jour f\u00e9ri\u00e9 pour promouvoir et pr\u00e9server ces aspects culturels.<\/p>\n<p>Il convient de noter que la Pentec\u00f4te est \u00e9galement f\u00e9ri\u00e9e dans certains pays qui ne sont pas majoritairement chr\u00e9tiens, mais qui reconnaissent certains jours saints chr\u00e9tiens en raison de leur h\u00e9ritage historique, de leur composition d\u00e9mographique ou de leur politique de reconnaissance des diff\u00e9rentes religions pr\u00e9sentes sur leur territoire.<\/p>\n<p>En r\u00e9sum\u00e9, la Pentec\u00f4te est un jour f\u00e9ri\u00e9 en raison de son importance religieuse et historique, ainsi que de sa signification culturelle dans de nombreux pays.<\/p>\n","protected":false},"excerpt":{"rendered":"<p>\u00c0 la Pentec\u00f4te, on c\u00e9l\u00e8bre la descente du Saint-Esprit sur les disciples de J\u00e9sus, selon la tradition chr\u00e9tienne.<\/p>\n","protected":false},"author":1,"featured_media":41660,"comment_status":"open","ping_status":"open","sticky":false,"template":"","format":"standard","meta":{"rop_custom_images_group":[],"rop_custom_messages_group":[],"rop_publish_now":"initial","rop_publish_now_accounts":{"facebook_2944925605560295_361066357320011":"","twitter_792688215148855296_792688215148855296":""},"rop_publish_now_history":[],"rop_publish_now_status":"pending","footnotes":""},"categories":[2],"tags":[],"class_list":["post-41650","post","type-post","status-publish","format-standard","has-post-thumbnail","hentry","category-actualites"],"yoast_head":"<!-- This site is optimized with the Yoast SEO plugin v27.4 - https:\/\/yoast.com\/product\/yoast-seo-wordpress\/ -->\n<title>Que f\u00eate-t-on \u00e0 la Pentec\u00f4te ? - Optannu<\/title>\n<meta name=\"robots\" content=\"index, follow, max-snippet:-1, max-image-preview:large, max-video-preview:-1\" \/>\n<link rel=\"canonical\" href=\"https:\/\/www.jng-web.com\/ref-auto\/que-fete-t-on-a-la-pentecote\/\" \/>\n<meta property=\"og:locale\" content=\"fr_FR\" \/>\n<meta property=\"og:type\" content=\"article\" \/>\n<meta property=\"og:title\" content=\"Que f\u00eate-t-on \u00e0 la Pentec\u00f4te ? - Optannu\" \/>\n<meta property=\"og:description\" content=\"\u00c0 la Pentec\u00f4te, on c\u00e9l\u00e8bre la descente du Saint-Esprit sur les disciples de J\u00e9sus, selon la tradition chr\u00e9tienne.\" \/>\n<meta property=\"og:url\" content=\"https:\/\/www.jng-web.com\/ref-auto\/que-fete-t-on-a-la-pentecote\/\" \/>\n<meta property=\"og:site_name\" content=\"Optannu\" \/>\n<meta property=\"article:published_time\" content=\"2023-12-23T06:53:23+00:00\" \/>\n<meta property=\"og:image\" content=\"https:\/\/www.jng-web.com\/ref-auto\/wp-content\/uploads\/2023\/05\/hallstatt-in-austria-picjumbo-com-scaled.jpg\" \/>\n\t<meta property=\"og:image:width\" content=\"2560\" \/>\n\t<meta property=\"og:image:height\" content=\"1691\" \/>\n\t<meta property=\"og:image:type\" content=\"image\/jpeg\" \/>\n<meta name=\"author\" content=\"Jerome\" \/>\n<meta name=\"twitter:card\" content=\"summary_large_image\" \/>\n<meta name=\"twitter:label1\" content=\"\u00c9crit par\" \/>\n\t<meta name=\"twitter:data1\" content=\"Jerome\" \/>\n\t<meta name=\"twitter:label2\" content=\"Dur\u00e9e de lecture estim\u00e9e\" \/>\n\t<meta name=\"twitter:data2\" content=\"3 minutes\" \/>\n<script type=\"application\/ld+json\" class=\"yoast-schema-graph\">{\"@context\":\"https:\\\/\\\/schema.org\",\"@graph\":[{\"@type\":\"Article\",\"@id\":\"https:\\\/\\\/www.jng-web.com\\\/ref-auto\\\/que-fete-t-on-a-la-pentecote\\\/#article\",\"isPartOf\":{\"@id\":\"https:\\\/\\\/www.jng-web.com\\\/ref-auto\\\/que-fete-t-on-a-la-pentecote\\\/\"},\"author\":{\"name\":\"Jerome\",\"@id\":\"https:\\\/\\\/www.jng-web.com\\\/ref-auto\\\/#\\\/schema\\\/person\\\/9b9c81cd6753b27cc78a7072ecb82d8e\"},\"headline\":\"Que f\u00eate-t-on \u00e0 la Pentec\u00f4te ?\",\"datePublished\":\"2023-12-23T06:53:23+00:00\",\"mainEntityOfPage\":{\"@id\":\"https:\\\/\\\/www.jng-web.com\\\/ref-auto\\\/que-fete-t-on-a-la-pentecote\\\/\"},\"wordCount\":552,\"commentCount\":0,\"image\":{\"@id\":\"https:\\\/\\\/www.jng-web.com\\\/ref-auto\\\/que-fete-t-on-a-la-pentecote\\\/#primaryimage\"},\"thumbnailUrl\":\"https:\\\/\\\/www.jng-web.com\\\/ref-auto\\\/wp-content\\\/uploads\\\/2023\\\/05\\\/hallstatt-in-austria-picjumbo-com-scaled.jpg\",\"articleSection\":[\"Actualit\u00e9s\"],\"inLanguage\":\"fr-FR\",\"potentialAction\":[{\"@type\":\"CommentAction\",\"name\":\"Comment\",\"target\":[\"https:\\\/\\\/www.jng-web.com\\\/ref-auto\\\/que-fete-t-on-a-la-pentecote\\\/#respond\"]}]},{\"@type\":\"WebPage\",\"@id\":\"https:\\\/\\\/www.jng-web.com\\\/ref-auto\\\/que-fete-t-on-a-la-pentecote\\\/\",\"url\":\"https:\\\/\\\/www.jng-web.com\\\/ref-auto\\\/que-fete-t-on-a-la-pentecote\\\/\",\"name\":\"Que f\u00eate-t-on \u00e0 la Pentec\u00f4te ? - Optannu\",\"isPartOf\":{\"@id\":\"https:\\\/\\\/www.jng-web.com\\\/ref-auto\\\/#website\"},\"primaryImageOfPage\":{\"@id\":\"https:\\\/\\\/www.jng-web.com\\\/ref-auto\\\/que-fete-t-on-a-la-pentecote\\\/#primaryimage\"},\"image\":{\"@id\":\"https:\\\/\\\/www.jng-web.com\\\/ref-auto\\\/que-fete-t-on-a-la-pentecote\\\/#primaryimage\"},\"thumbnailUrl\":\"https:\\\/\\\/www.jng-web.com\\\/ref-auto\\\/wp-content\\\/uploads\\\/2023\\\/05\\\/hallstatt-in-austria-picjumbo-com-scaled.jpg\",\"datePublished\":\"2023-12-23T06:53:23+00:00\",\"author\":{\"@id\":\"https:\\\/\\\/www.jng-web.com\\\/ref-auto\\\/#\\\/schema\\\/person\\\/9b9c81cd6753b27cc78a7072ecb82d8e\"},\"breadcrumb\":{\"@id\":\"https:\\\/\\\/www.jng-web.com\\\/ref-auto\\\/que-fete-t-on-a-la-pentecote\\\/#breadcrumb\"},\"inLanguage\":\"fr-FR\",\"potentialAction\":[{\"@type\":\"ReadAction\",\"target\":[\"https:\\\/\\\/www.jng-web.com\\\/ref-auto\\\/que-fete-t-on-a-la-pentecote\\\/\"]}]},{\"@type\":\"ImageObject\",\"inLanguage\":\"fr-FR\",\"@id\":\"https:\\\/\\\/www.jng-web.com\\\/ref-auto\\\/que-fete-t-on-a-la-pentecote\\\/#primaryimage\",\"url\":\"https:\\\/\\\/www.jng-web.com\\\/ref-auto\\\/wp-content\\\/uploads\\\/2023\\\/05\\\/hallstatt-in-austria-picjumbo-com-scaled.jpg\",\"contentUrl\":\"https:\\\/\\\/www.jng-web.com\\\/ref-auto\\\/wp-content\\\/uploads\\\/2023\\\/05\\\/hallstatt-in-austria-picjumbo-com-scaled.jpg\",\"width\":2560,\"height\":1691},{\"@type\":\"BreadcrumbList\",\"@id\":\"https:\\\/\\\/www.jng-web.com\\\/ref-auto\\\/que-fete-t-on-a-la-pentecote\\\/#breadcrumb\",\"itemListElement\":[{\"@type\":\"ListItem\",\"position\":1,\"name\":\"Annuaire g\u00e9n\u00e9raliste gratuit\",\"item\":\"https:\\\/\\\/www.jng-web.com\\\/ref-auto\\\/\"},{\"@type\":\"ListItem\",\"position\":2,\"name\":\"Actualit\u00e9s\",\"item\":\"https:\\\/\\\/www.jng-web.com\\\/ref-auto\\\/category\\\/actualites\\\/\"},{\"@type\":\"ListItem\",\"position\":3,\"name\":\"Que f\u00eate-t-on \u00e0 la Pentec\u00f4te ?\"}]},{\"@type\":\"WebSite\",\"@id\":\"https:\\\/\\\/www.jng-web.com\\\/ref-auto\\\/#website\",\"url\":\"https:\\\/\\\/www.jng-web.com\\\/ref-auto\\\/\",\"name\":\"Optannu\",\"description\":\"Guest Blogging : Publier gratuitement vos articles et booster votre r\u00e9f\u00e9rencement !\",\"potentialAction\":[{\"@type\":\"SearchAction\",\"target\":{\"@type\":\"EntryPoint\",\"urlTemplate\":\"https:\\\/\\\/www.jng-web.com\\\/ref-auto\\\/?s={search_term_string}\"},\"query-input\":{\"@type\":\"PropertyValueSpecification\",\"valueRequired\":true,\"valueName\":\"search_term_string\"}}],\"inLanguage\":\"fr-FR\"},{\"@type\":\"Person\",\"@id\":\"https:\\\/\\\/www.jng-web.com\\\/ref-auto\\\/#\\\/schema\\\/person\\\/9b9c81cd6753b27cc78a7072ecb82d8e\",\"name\":\"Jerome\",\"image\":{\"@type\":\"ImageObject\",\"inLanguage\":\"fr-FR\",\"@id\":\"https:\\\/\\\/secure.gravatar.com\\\/avatar\\\/67845112d35b1cf1f1f3c11875432a8ccaa7ba6187cf0b3e820c9fbc6cb40fc6?s=96&d=mm&r=g\",\"url\":\"https:\\\/\\\/secure.gravatar.com\\\/avatar\\\/67845112d35b1cf1f1f3c11875432a8ccaa7ba6187cf0b3e820c9fbc6cb40fc6?s=96&d=mm&r=g\",\"contentUrl\":\"https:\\\/\\\/secure.gravatar.com\\\/avatar\\\/67845112d35b1cf1f1f3c11875432a8ccaa7ba6187cf0b3e820c9fbc6cb40fc6?s=96&d=mm&r=g\",\"caption\":\"Jerome\"},\"sameAs\":[\"https:\\\/\\\/www.jng-web.com\\\/ref-auto\"],\"url\":\"https:\\\/\\\/www.jng-web.com\\\/ref-auto\"}]}<\/script>\n<!-- \/ Yoast SEO plugin. -->","yoast_head_json":{"title":"Que f\u00eate-t-on \u00e0 la Pentec\u00f4te ? - Optannu","robots":{"index":"index","follow":"follow","max-snippet":"max-snippet:-1","max-image-preview":"max-image-preview:large","max-video-preview":"max-video-preview:-1"},"canonical":"https:\/\/www.jng-web.com\/ref-auto\/que-fete-t-on-a-la-pentecote\/","og_locale":"fr_FR","og_type":"article","og_title":"Que f\u00eate-t-on \u00e0 la Pentec\u00f4te ? - Optannu","og_description":"\u00c0 la Pentec\u00f4te, on c\u00e9l\u00e8bre la descente du Saint-Esprit sur les disciples de J\u00e9sus, selon la tradition chr\u00e9tienne.","og_url":"https:\/\/www.jng-web.com\/ref-auto\/que-fete-t-on-a-la-pentecote\/","og_site_name":"Optannu","article_published_time":"2023-12-23T06:53:23+00:00","og_image":[{"width":2560,"height":1691,"url":"https:\/\/www.jng-web.com\/ref-auto\/wp-content\/uploads\/2023\/05\/hallstatt-in-austria-picjumbo-com-scaled.jpg","type":"image\/jpeg"}],"author":"Jerome","twitter_card":"summary_large_image","twitter_misc":{"\u00c9crit par":"Jerome","Dur\u00e9e de lecture estim\u00e9e":"3 minutes"},"schema":{"@context":"https:\/\/schema.org","@graph":[{"@type":"Article","@id":"https:\/\/www.jng-web.com\/ref-auto\/que-fete-t-on-a-la-pentecote\/#article","isPartOf":{"@id":"https:\/\/www.jng-web.com\/ref-auto\/que-fete-t-on-a-la-pentecote\/"},"author":{"name":"Jerome","@id":"https:\/\/www.jng-web.com\/ref-auto\/#\/schema\/person\/9b9c81cd6753b27cc78a7072ecb82d8e"},"headline":"Que f\u00eate-t-on \u00e0 la Pentec\u00f4te ?","datePublished":"2023-12-23T06:53:23+00:00","mainEntityOfPage":{"@id":"https:\/\/www.jng-web.com\/ref-auto\/que-fete-t-on-a-la-pentecote\/"},"wordCount":552,"commentCount":0,"image":{"@id":"https:\/\/www.jng-web.com\/ref-auto\/que-fete-t-on-a-la-pentecote\/#primaryimage"},"thumbnailUrl":"https:\/\/www.jng-web.com\/ref-auto\/wp-content\/uploads\/2023\/05\/hallstatt-in-austria-picjumbo-com-scaled.jpg","articleSection":["Actualit\u00e9s"],"inLanguage":"fr-FR","potentialAction":[{"@type":"CommentAction","name":"Comment","target":["https:\/\/www.jng-web.com\/ref-auto\/que-fete-t-on-a-la-pentecote\/#respond"]}]},{"@type":"WebPage","@id":"https:\/\/www.jng-web.com\/ref-auto\/que-fete-t-on-a-la-pentecote\/","url":"https:\/\/www.jng-web.com\/ref-auto\/que-fete-t-on-a-la-pentecote\/","name":"Que f\u00eate-t-on \u00e0 la Pentec\u00f4te ? - Optannu","isPartOf":{"@id":"https:\/\/www.jng-web.com\/ref-auto\/#website"},"primaryImageOfPage":{"@id":"https:\/\/www.jng-web.com\/ref-auto\/que-fete-t-on-a-la-pentecote\/#primaryimage"},"image":{"@id":"https:\/\/www.jng-web.com\/ref-auto\/que-fete-t-on-a-la-pentecote\/#primaryimage"},"thumbnailUrl":"https:\/\/www.jng-web.com\/ref-auto\/wp-content\/uploads\/2023\/05\/hallstatt-in-austria-picjumbo-com-scaled.jpg","datePublished":"2023-12-23T06:53:23+00:00","author":{"@id":"https:\/\/www.jng-web.com\/ref-auto\/#\/schema\/person\/9b9c81cd6753b27cc78a7072ecb82d8e"},"breadcrumb":{"@id":"https:\/\/www.jng-web.com\/ref-auto\/que-fete-t-on-a-la-pentecote\/#breadcrumb"},"inLanguage":"fr-FR","potentialAction":[{"@type":"ReadAction","target":["https:\/\/www.jng-web.com\/ref-auto\/que-fete-t-on-a-la-pentecote\/"]}]},{"@type":"ImageObject","inLanguage":"fr-FR","@id":"https:\/\/www.jng-web.com\/ref-auto\/que-fete-t-on-a-la-pentecote\/#primaryimage","url":"https:\/\/www.jng-web.com\/ref-auto\/wp-content\/uploads\/2023\/05\/hallstatt-in-austria-picjumbo-com-scaled.jpg","contentUrl":"https:\/\/www.jng-web.com\/ref-auto\/wp-content\/uploads\/2023\/05\/hallstatt-in-austria-picjumbo-com-scaled.jpg","width":2560,"height":1691},{"@type":"BreadcrumbList","@id":"https:\/\/www.jng-web.com\/ref-auto\/que-fete-t-on-a-la-pentecote\/#breadcrumb","itemListElement":[{"@type":"ListItem","position":1,"name":"Annuaire g\u00e9n\u00e9raliste gratuit","item":"https:\/\/www.jng-web.com\/ref-auto\/"},{"@type":"ListItem","position":2,"name":"Actualit\u00e9s","item":"https:\/\/www.jng-web.com\/ref-auto\/category\/actualites\/"},{"@type":"ListItem","position":3,"name":"Que f\u00eate-t-on \u00e0 la Pentec\u00f4te ?"}]},{"@type":"WebSite","@id":"https:\/\/www.jng-web.com\/ref-auto\/#website","url":"https:\/\/www.jng-web.com\/ref-auto\/","name":"Optannu","description":"Guest Blogging : Publier gratuitement vos articles et booster votre r\u00e9f\u00e9rencement !","potentialAction":[{"@type":"SearchAction","target":{"@type":"EntryPoint","urlTemplate":"https:\/\/www.jng-web.com\/ref-auto\/?s={search_term_string}"},"query-input":{"@type":"PropertyValueSpecification","valueRequired":true,"valueName":"search_term_string"}}],"inLanguage":"fr-FR"},{"@type":"Person","@id":"https:\/\/www.jng-web.com\/ref-auto\/#\/schema\/person\/9b9c81cd6753b27cc78a7072ecb82d8e","name":"Jerome","image":{"@type":"ImageObject","inLanguage":"fr-FR","@id":"https:\/\/secure.gravatar.com\/avatar\/67845112d35b1cf1f1f3c11875432a8ccaa7ba6187cf0b3e820c9fbc6cb40fc6?s=96&d=mm&r=g","url":"https:\/\/secure.gravatar.com\/avatar\/67845112d35b1cf1f1f3c11875432a8ccaa7ba6187cf0b3e820c9fbc6cb40fc6?s=96&d=mm&r=g","contentUrl":"https:\/\/secure.gravatar.com\/avatar\/67845112d35b1cf1f1f3c11875432a8ccaa7ba6187cf0b3e820c9fbc6cb40fc6?s=96&d=mm&r=g","caption":"Jerome"},"sameAs":["https:\/\/www.jng-web.com\/ref-auto"],"url":"https:\/\/www.jng-web.com\/ref-auto"}]}},"views":786,"_links":{"self":[{"href":"https:\/\/www.jng-web.com\/ref-auto\/wp-json\/wp\/v2\/posts\/41650","targetHints":{"allow":["GET"]}}],"collection":[{"href":"https:\/\/www.jng-web.com\/ref-auto\/wp-json\/wp\/v2\/posts"}],"about":[{"href":"https:\/\/www.jng-web.com\/ref-auto\/wp-json\/wp\/v2\/types\/post"}],"author":[{"embeddable":true,"href":"https:\/\/www.jng-web.com\/ref-auto\/wp-json\/wp\/v2\/users\/1"}],"replies":[{"embeddable":true,"href":"https:\/\/www.jng-web.com\/ref-auto\/wp-json\/wp\/v2\/comments?post=41650"}],"version-history":[{"count":1,"href":"https:\/\/www.jng-web.com\/ref-auto\/wp-json\/wp\/v2\/posts\/41650\/revisions"}],"predecessor-version":[{"id":41661,"href":"https:\/\/www.jng-web.com\/ref-auto\/wp-json\/wp\/v2\/posts\/41650\/revisions\/41661"}],"wp:featuredmedia":[{"embeddable":true,"href":"https:\/\/www.jng-web.com\/ref-auto\/wp-json\/wp\/v2\/media\/41660"}],"wp:attachment":[{"href":"https:\/\/www.jng-web.com\/ref-auto\/wp-json\/wp\/v2\/media?parent=41650"}],"wp:term":[{"taxonomy":"category","embeddable":true,"href":"https:\/\/www.jng-web.com\/ref-auto\/wp-json\/wp\/v2\/categories?post=41650"},{"taxonomy":"post_tag","embeddable":true,"href":"https:\/\/www.jng-web.com\/ref-auto\/wp-json\/wp\/v2\/tags?post=41650"}],"curies":[{"name":"wp","href":"https:\/\/api.w.org\/{rel}","templated":true}]}}